{"id":1080,"date":"2017-11-24T14:17:29","date_gmt":"2017-11-24T13:17:29","guid":{"rendered":"http:\/\/culturotheque.fr\/?p=1080"},"modified":"2017-11-25T10:23:19","modified_gmt":"2017-11-25T09:23:19","slug":"gaudre-de-valample","status":"publish","type":"post","link":"https:\/\/culturotheque.fr\/index.php\/2017\/11\/24\/gaudre-de-valample\/","title":{"rendered":"Gaudre de Valample"},"content":{"rendered":"<p><a href=\"https:\/\/photos.google.com\/share\/AF1QipNEl0nQ_nw063RTlBHKAyS7BQVQU9BA7lM1xYAtbVNQLe_rVfqhiSOgyu886U_NBA?hl=fr&amp;key=dDVMT0lpMVRsNWk5cmUxSFR0VE5Hb21aZkUzR0xB\">Voir ici les photos de notre randonn\u00e9e \u00e0 St-R\u00e9my-de-Provence<\/a><\/p>\n<p style=\"text-align: justify;\"><!--more--><\/p>\n<p style=\"text-align: justify;\">Notre rendez-vous de ce matin est au parking du cimeti\u00e8re juif de St-R\u00e9my de Provence. Ce cimeti\u00e8re daterait de 1400 comme l\u2019indique le panneau. C\u2019\u00e9tait un champ mortuaire dans lesquels \u00e9taient inhum\u00e9s les d\u00e9funts de la communaut\u00e9 juive de St R\u00e9my qui \u00e9tait assez importante \u00e0 l&rsquo;\u00e9poque. La derni\u00e8re inhumation a eue lieu en 1910.\u00a0 Le cimeti\u00e8re comporte une soixantaine de tombes et il est prot\u00e9g\u00e9 par un mur et surtout par une inscription au titre des monuments historiques. Nous observons aussi la st\u00e8le \u00e0 la m\u00e9moire de 250 r\u00e9fugi\u00e9s politiques espagnols ainsi qu\u2019\u00e0 ceux qui les ont aid\u00e9s, puis nous nous retrouvons au pas de charge sur la voie Domitia. Cette voie est une voie romaine construite \u00e0 partir de 118 av J.C. \u00a0pour relier l\u2019Italie \u00e0 la p\u00e9ninsule ib\u00e9rique.<\/p>\n<p style=\"text-align: justify;\">S\u2019en est termin\u00e9 de l\u2019histoire pour aujourd\u2019hui lorsqu\u2019on bifurque pour quelques centaines de m\u00e8tres sur du bitume avant de\u00a0 nous retrouver dans l\u2019entr\u00e9e du gaudre de Varample. Un gaudre, comme chacun le sait, d\u00e9signe dans les Alpilles, un petit ruisseau. Le Sandre <em>(Service d\u2019Administration Nationale des Donn\u00e9es et R\u00e9f\u00e9rentiels sur l\u2019Eau, appel\u00e9 commun\u00e9ment le \u00ab\u00a0Sandre\u00a0\u00bb) <\/em>en d\u00e9nombre plus de 30 dans le massif.<\/p>\n<p style=\"text-align: justify;\">Nous voici donc sur une large piste qui monte tranquillement et \u00e0 part le site d\u2019escalade et le temps maussade il n\u2019y a rien de particulier \u00e0 noter sinon la bonne humeur, les beaux sourires et les conversations anim\u00e9es du groupe.<\/p>\n<p style=\"text-align: justify;\">On arrive ainsi sur une autre piste au niveau d\u2019une citerne. Cette piste a \u00e9t\u00e9 emprunt\u00e9e il n\u2019y a pas tr\u00e8s longtemps par quelques membres du groupe et chacun sait qu\u2019elle m\u00e8ne au Lac des Peiroou. Nous allons y admirer les belles couleurs de l\u2019automne qui se refl\u00e8tent dans l\u2019eau\u2026<\/p>\n<p style=\"text-align: justify;\">On prend un chemin qui nous fait prendre tout droit apr\u00e8s avoir travers\u00e9 la petite route du lac. Nous voici dans le site de La Verdi\u00e8re \u00e0 \u00a0d\u00e9couvrir quelques mas perdus dans la montagne et \u00e0 cheminer pour trouver le ravin des Peiroulets o\u00f9 Van Gogh aurait peint un tableau. C&rsquo;est le but de notre aventure. Nous trouvons la source, les rochers mais le paysage ne ressemble pas vraiment \u00e0 l\u2019\u0153uvre de l\u2019artiste. Tant pis, le site est bucolique et nous profitons du lieu sans arri\u00e8re pens\u00e9e.<\/p>\n<p style=\"text-align: justify;\">Nous arrivons sur la voie Domitia par le chemin de \u00ab\u00a0Panouilles\u00a0\u00bb <em>(mot qui d\u00e9signe un \u00e9pi de ma\u00efs ou un gentil\u00a0 \u00ab\u00a0nigaud\u00a0\u00bb) <\/em>bienheureux, bien s\u00fbr,\u00a0 de notre p\u00e9riple en chemin buissonniers mais surtout heureux d&rsquo;\u00e9chapper \u00e0 la pluie qui saupoudre le pare-brise d\u00e8s que nous sommes dans les voitures ! Mais nous ne nous r\u00e9jouissons pas trop : il ne va pas beaucoup pleuvoir, encore une fois nous allons passer au travers !<\/p>\n<p><strong><span style=\"text-decoration: underline;\">Cotation<\/span><\/strong> :<em> B2 DJ &#8211; 9 km -230 m d\u00e9nivel\u00e9 &#8211; 22 randonneurs.<\/em><\/p>\n","protected":false},"excerpt":{"rendered":"<p>Voir ici les photos de notre randonn\u00e9e \u00e0 St-R\u00e9my-de-Provence<\/p>\n","protected":false},"author":1,"featured_media":1078,"comment_status":"closed","ping_status":"closed","sticky":false,"template":"","format":"standard","meta":{"footnotes":""},"categories":[4],"tags":[],"class_list":["post-1080","post","type-post","status-publish","format-standard","has-post-thumbnail","hentry","category-randonnees"],"_links":{"self":[{"href":"https:\/\/culturotheque.fr\/index.php\/wp-json\/wp\/v2\/posts\/1080","targetHints":{"allow":["GET"]}}],"collection":[{"href":"https:\/\/culturotheque.fr\/index.php\/wp-json\/wp\/v2\/posts"}],"about":[{"href":"https:\/\/culturotheque.fr\/index.php\/wp-json\/wp\/v2\/types\/post"}],"author":[{"embeddable":true,"href":"https:\/\/culturotheque.fr\/index.php\/wp-json\/wp\/v2\/users\/1"}],"replies":[{"embeddable":true,"href":"https:\/\/culturotheque.fr\/index.php\/wp-json\/wp\/v2\/comments?post=1080"}],"version-history":[{"count":6,"href":"https:\/\/culturotheque.fr\/index.php\/wp-json\/wp\/v2\/posts\/1080\/revisions"}],"predecessor-version":[{"id":1088,"href":"https:\/\/culturotheque.fr\/index.php\/wp-json\/wp\/v2\/posts\/1080\/revisions\/1088"}],"wp:featuredmedia":[{"embeddable":true,"href":"https:\/\/culturotheque.fr\/index.php\/wp-json\/wp\/v2\/media\/1078"}],"wp:attachment":[{"href":"https:\/\/culturotheque.fr\/index.php\/wp-json\/wp\/v2\/media?parent=1080"}],"wp:term":[{"taxonomy":"category","embeddable":true,"href":"https:\/\/culturotheque.fr\/index.php\/wp-json\/wp\/v2\/categories?post=1080"},{"taxonomy":"post_tag","embeddable":true,"href":"https:\/\/culturotheque.fr\/index.php\/wp-json\/wp\/v2\/tags?post=1080"}],"curies":[{"name":"wp","href":"https:\/\/api.w.org\/{rel}","templated":true}]}}