{"id":12002,"date":"2023-09-20T09:12:28","date_gmt":"2023-09-20T07:12:28","guid":{"rendered":"https:\/\/culturotheque.fr\/?p=12002"},"modified":"2023-12-10T08:31:27","modified_gmt":"2023-12-10T07:31:27","slug":"novembre-et-decembre-2023","status":"publish","type":"post","link":"https:\/\/culturotheque.fr\/index.php\/2023\/09\/20\/novembre-et-decembre-2023\/","title":{"rendered":"Novembre et D\u00e9cembre 2023"},"content":{"rendered":"<p><!--more--><br \/>\n<span style=\"color: #333399;\"><em>Le programme est susceptible d&rsquo;\u00eatre modifi\u00e9 \u00e0 cause de la M\u00e9t\u00e9o (en cas d&rsquo;alerte m\u00e9t\u00e9o orange ou rouge, les randonn\u00e9es sont syst\u00e9matiquement annul\u00e9es). ou par manquement de la part d&rsquo;un ou des prestataires.<br \/>\nLes infos sont toujours indiqu\u00e9es la veille autour de 20 h en page d&rsquo;accueil.<\/em><\/span><\/p>\n<h1 style=\"text-align: center;\"><span style=\"color: #333399;\"><strong>NOVEMBRE<br \/>\n<\/strong><\/span><\/h1>\n<p style=\"text-align: justify;\"><span style=\"color: #333399;\"><strong><u>vendredi, 3 novembre 2023<br \/>\n<\/u><\/strong>08:30\u00a0Randonn\u00e9e journ\u00e9e JB2 \u00ab\u00a0Le canal de Marseille et Roquefavour\u00a0\u00bb &#8211; 13 Ventabren<\/span><br \/>\n<span style=\"color: #333399;\">14:00 Club de Scrabble &#8211; Jeu en Duplicate<\/span><\/p>\n<p style=\"text-align: justify;\"><span style=\"color: #333399;\"><strong><u>lundi, 6 novembre 2023<br \/>\n<\/u><\/strong>08:30\u00a0Randonn\u00e9e Journ\u00e9e JB3 \u00ab\u00a0Les trois chapelles Sainte-Juste, de Chabri\u00e8res et du Saint-S\u00e9pulcre\u00a0\u00bb &#8211; 84 St Restitut<\/span><br \/>\n<span style=\"color: #333399;\"><strong><u>mardi, 7 novembre 2023<br \/>\n<\/u><\/strong>10:45 Gym<\/span><br \/>\n<span style=\"color: #333399;\">14:00\u00a0Conf\u00e9rence : \u00ab\u00a0La C\u00e9ramique, un univers complexe et m\u00e9connu\u00a0\u00bb \u2013 Mich\u00e8le &#8211; <em>Savoir-faire ancestral, la c\u00e9ramique d\u00e9signe l\u2019art de fabriquer des objets \u00e0 partir de mat\u00e9riaux tels que l\u2019argile, le kaolin, le feldspath ou encore le quartz. Nous partirons \u00e0 la d\u00e9couverte d\u2019un savoir-faire, qui incarne aujourd\u2019hui et plus que jamais l\u2019art de vivre \u00e0 la fran\u00e7aise.<br \/>\n<\/em><strong><u>mercredi, 8 novembre 2023<br \/>\n<\/u><\/strong>09:30 Promenarando &#8211; Rando facile<\/span><br \/>\n<span style=\"color: #333399;\">13:30 \u00a0Randonn\u00e9e demi-journ\u00e9e DJA1 \u00ab\u00a0Le sentier de la Pierre\u00a0\u00bb 30 Vers Pont du Gard<\/span><br \/>\n<span style=\"color: #333399;\">13:30 \u00a0Atelier \u00ab\u00a0Art et couleur\u00a0\u00bb cours de dessin et peinture<\/span><br \/>\n<span style=\"color: #333399;\"><strong><u>jeudi, 9 novembre 2023<br \/>\n<\/u><\/strong>14:00 \u00a0Sortie GRAVESON\u00a0: \u00a0Visite guid\u00e9e du Mus\u00e9e Auguste Chabaud.<\/span><br \/>\n<span style=\"color: #333399;\"><strong><u>vendredi, 10 novembre 2023<br \/>\n<\/u><\/strong>08:30\u00a0Randonn\u00e9e journ\u00e9e JB2 \u00ab\u00a0Capitelles et Oppidum\u00a0\u00bb &#8211; 30 Bernis<\/span><br \/>\n<span style=\"color: #333399;\">14:00\u00a0Club de Scrabble &#8211; Jeu en Duplicate<\/span><br \/>\n<span style=\"color: #333399;\"><strong><u>dimanche, 12 novembre 2023<br \/>\n<\/u><\/strong>08:30\u00a0Randonn\u00e9e journ\u00e9e JB2 \u00ab\u00a0Autour de la Garde Adh\u00e9mar\u00a0\u00bb 26 La Garde Adh\u00e9mar<\/span><\/p>\n<p style=\"text-align: justify;\"><span style=\"color: #333399;\"><u><\/u><strong><u>lundi, 13 novembre 2023<br \/>\n<\/u><\/strong>08:30 \u00a0Randonn\u00e9e Journ\u00e9e JB3 \u00ab\u00a0Goult Lumi\u00e8re\u00a0\u00bb &#8211; 84 Goult<\/span><br \/>\n<span style=\"color: #333399;\"><strong><u>mardi, 14 novembre 2023<br \/>\n<\/u><\/strong>10:45 Gym<\/span><br \/>\n<span style=\"color: #333399;\">14:00\u00a0Conf\u00e9rence : \u00ab\u00a0Publicit\u00e9 et mythologie\u00a0\u00bb Christine Berton &#8211; <em>La mythologie a \u00e9t\u00e9 cr\u00e9\u00e9e pour expliquer les choses et l&rsquo;origine du monde. D\u2019abord de tradition orale, ces histoires de dieux, de d\u00e9esses, de cr\u00e9atures fantastiques et de h\u00e9ros ont inspir\u00e9 et inspirent toujours artistes et \u00e9crivains. Les\u00a0 publicitaires exploitent aussi\u00a0 \u00e0 des fins commerciales ces fabuleuses histoires ind\u00e9modables et intemporelles.<br \/>\n<\/em>16:00 Club Informatique<\/span><br \/>\n<span style=\"color: #333399;\"><strong><u>mercredi, 15 novembre 2023<br \/>\n<\/u><\/strong>09:30\u00a0Promenarando &#8211; Rando facile<\/span><br \/>\n<span style=\"color: #333399;\">13:30 Randonn\u00e9e demi-journ\u00e9e DJA1 \u00ab\u00a0San Salvador\u00a0\u00bb 13 Tarascon<\/span><br \/>\n<span style=\"color: #333399;\">13:30\u00a0Atelier \u00ab\u00a0Art et couleur\u00a0\u00bb cours de dessin et peinture<\/span><br \/>\n<span style=\"color: #333399;\"><strong><u>vendredi, 17 novembre 2023<br \/>\n<\/u><\/strong>08:30 \u00a0Randonn\u00e9e journ\u00e9e JB2 \u00ab\u00a0Ch\u00e2teau de Mornas\u00a0\u00bb 84 Mornas<\/span><br \/>\n<span style=\"color: #333399;\">14:00 \u00a0Club de Scrabble &#8211; Jeu en Duplicate<\/span><\/p>\n<p style=\"text-align: justify;\"><span style=\"color: #333399;\"><strong><u>\u00a0<\/u><\/strong><strong><u>lundi, 20 novembre 2023<br \/>\n<\/u><\/strong>08:30 \u00a0Randonn\u00e9e Journ\u00e9e JB3 \u00ab\u00a0Le Desert\u00a0\u00bb 13 Les Baux de Provence<\/span><br \/>\n<span style=\"color: #333399;\"><strong><u>mardi, 21 novembre 2023<br \/>\n<\/u><\/strong>10:45 Gym<\/span><br \/>\n<span style=\"color: #333399;\">14:00 \u00a0Conf\u00e9rence : \u00ab\u00a0Martial Raysse\u00a0\u00bb &#8211; Claire-Lise Cressein<\/span><br \/>\n<span style=\"color: #333399;\"><strong><u>mercredi, 22 novembre 2023<br \/>\n<\/u><\/strong>09:30 Promenarando &#8211; Rando facile<\/span><br \/>\n<span style=\"color: #333399;\">13:30 Randonn\u00e9e demi-journ\u00e9e DJA1 \u00ab\u00a0Sentier des \u00e9nergies renouvelables\u00a0\u00bb 30 Rochefort du Gard<\/span><br \/>\n<span style=\"color: #333399;\">13:30\u00a0Atelier \u00ab\u00a0Art et couleur\u00a0\u00bb cours de dessin et peinture<\/span><br \/>\n<span style=\"color: #333399;\"><strong><u>jeudi, 23 novembre 2023<br \/>\n<\/u><\/strong>08:00 \u00a0Sortie \u00ab\u00a0ARDECHE\u00a0\u00bb &#8211; Route touristique des Gorges de l\u2019Ard\u00e8che + visite guid\u00e9e de la Grotte Chauvet2 \u00a0+ la Galerie de l\u2019Aurignacien + le son et lumi\u00e8re \u00ab\u00a0\u00e0 360\u00b0 \u201cAnimal\u201d.<\/span><br \/>\n<span style=\"color: #333399;\"><strong><u>vendredi, 24 novembre 2023<br \/>\n<\/u><\/strong>08:30 Randonn\u00e9e journ\u00e9e JB2 \u00ab\u00a0Les bords du Gardon\u00a0\u00bb 30 Vers-Pont-du-Gard<\/span><br \/>\n<span style=\"color: #333399;\">14:00 Club de Scrabble &#8211; Jeu en Duplicate<\/span><br \/>\n<span style=\"color: #333399;\"><strong><u>dimanche, 26 novembre 2023<br \/>\n<\/u><\/strong>08:30 Randonn\u00e9e journ\u00e9e JB2 \u00ab\u00a0La tour Gisquet et le ch\u00e2teau de Montalet\u00a0\u00bb 30 St Ambroix\u00a0\u00bb 30 Sommi\u00e8res<\/span><\/p>\n<p style=\"text-align: justify;\"><span style=\"color: #333399;\"><strong><u>lundi, 27 novembre 2023<br \/>\n<\/u><\/strong>08:30 Randonn\u00e9e Journ\u00e9e JB3 \u00ab\u00a0La tour des Opies\u00a0\u00bb 13 Eygui\u00e8res<\/span><br \/>\n<span style=\"color: #333399;\"><strong><u>mardi, 28 novembre 2023<br \/>\n<\/u><\/strong>10:45 Gym<\/span><br \/>\n<span style=\"color: #333399;\">14:00\u00a0Conf\u00e9rence : \u00ab\u00a0Les ruines dans l\u2019Art\u00a0\u00bb \u00a0&#8211; Emeline Garnier<\/span><br \/>\n<span style=\"color: #333399;\">16:00 \u00a0Lecture Partag\u00e9e : \u00ab\u00a0Et le ciel sera bleu\u00a0\u00bb de Tamara Mc Kinley.<\/span><br \/>\n<span style=\"color: #333399;\">16:00 Club Informatique<\/span><br \/>\n<span style=\"color: #333399;\"><strong><u>mercredi, 29 novembre 2023<br \/>\n<\/u><\/strong>09:30 Promenarando &#8211; Rando facile<\/span><br \/>\n<span style=\"color: #333399;\">13:30\u00a0Randonn\u00e9e demi-journ\u00e9e DJA1 \u00ab\u00a0Le Petit Rescaillon\u00a0\u00bb 13 Salin de Giraud<\/span><br \/>\n<span style=\"color: #333399;\">13:30\u00a0Atelier \u00ab\u00a0Art et couleur\u00a0\u00bb cours de dessin et peinture<strong><u>\u00a0<\/u><\/strong><\/span><\/p>\n<h1 style=\"text-align: center;\"><span style=\"color: #333399;\"><strong>DECEMBRE<\/strong><\/span><\/h1>\n<p style=\"text-align: justify;\"><span style=\"color: #333399;\"><strong><u>vendredi, 1 d\u00e9cembre 2023 <\/u><\/strong>JOURNEE TELETHON<\/span><br \/>\n<span style=\"color: #333399;\">08:30 Randonn\u00e9e journ\u00e9e JB2 \u00ab\u00a0RANDONNEE DU TELETHON\u00a0\u00bb<\/span><br \/>\n<span style=\"color: #333399;\">14:00\u00a0Club de Scrabble &#8211; Jeu en Duplicate- TOURNOI EN FAVEUR DU TELETHON<\/span><br \/>\n<u><\/u><\/p>\n<p style=\"text-align: justify;\"><span style=\"color: #333399;\"><strong><u>lundi, 4 d\u00e9cembre 2023<br \/>\n<\/u><\/strong>08:30\u00a0Randonn\u00e9e Journ\u00e9e JB3 \u00ab\u00a0Le T\u00e9l\u00e9graphe\u00a0\u00bb 30 Marguerittes<\/span><br \/>\n<span style=\"color: #333399;\"><strong><u>mardi, 5 d\u00e9cembre 2023<br \/>\n<\/u><\/strong>10:45 Gym<\/span><br \/>\n<span style=\"color: #333399;\">14:00 Conf\u00e9rence : \u00ab\u00a0Peintres et le Maroc\u00a0\u00bb &#8211; Barbara Lep\u00eacheux<\/span><br \/>\n<span style=\"color: #333399;\"><strong><u>mercredi, 6 d\u00e9cembre 2023<br \/>\n<\/u><\/strong>09:30 \u00a0Promenarando &#8211; Rando facile<\/span><br \/>\n<span style=\"color: #333399;\">13:30 \u00a0Randonn\u00e9e demi-journ\u00e9e DJA1 \u00ab\u00a0Canal des Alpines\u00a0\u00bb &#8211; 13 St R\u00e9my de Provence<\/span><br \/>\n<span style=\"color: #333399;\">13:30 \u00a0Atelier \u00ab\u00a0Art et couleur\u00a0\u00bb cours de dessin et peinture<\/span><br \/>\n<span style=\"color: #333399;\"><strong><u>jeudi, 7 d\u00e9cembre 2023<br \/>\n<\/u><\/strong>14:00 Sortie SAINT-REMY DE PROVENCE : Visite mus\u00e9e des Alpilles<\/span><br \/>\n<span style=\"color: #333399;\"><strong><u>vendredi, 8 d\u00e9cembre 2023<br \/>\n<\/u><\/strong>08:30 Randonn\u00e9e journ\u00e9e JB2 \u00ab\u00a0La Combe Sans Nom\u00a0\u00bb 13 Les Baux de Provence<\/span><br \/>\n<span style=\"color: #333399;\">14:00 \u00a0Club de Scrabble &#8211; Jeu en Duplicate<\/span><br \/>\n<span style=\"color: #333399;\"><strong><u>dimanche, 10 d\u00e9cembre 2023<br \/>\n<\/u><\/strong>08:30 \u00a0Randonn\u00e9e journ\u00e9e JB2 \u00ab\u00a0Garrigues la Madeleine, Gardiole de Mireval avec ses monts et sa vall\u00e9e\u00a0\u00bb 34 Fabr\u00e8gues &#8211; Randonn\u00e9e modifi\u00e9e, remplac\u00e9e par la randonn\u00e9e du 17 d\u00e9cembre.<br \/>\n<\/span><\/p>\n<p style=\"text-align: justify;\"><span style=\"color: #333399;\"><strong><u>\u00a0<\/u><\/strong><strong><u>lundi, 11 d\u00e9cembre 2023<br \/>\n<\/u><\/strong>08:30 Randonn\u00e9e Journ\u00e9e JB3 \u00ab\u00a0La Capelle et Masmol\u00e8ne\u00a0\u00bb 30 La Capelle<\/span><br \/>\n<span style=\"color: #333399;\"><strong><u>mardi, 12 d\u00e9cembre 2023<br \/>\n<\/u><\/strong>10:45 \u00a0Gym<\/span><br \/>\n<span style=\"color: #333399;\">14:00 \u00a0Conf\u00e9rence :\u00a0\u00bbla symbolique autour de No\u00ebl\u00a0\u00bb &#8211; Emeline Garnier<\/span><br \/>\n<span style=\"color: #333399;\">16:00 \u00a0Club Informatique<\/span><br \/>\n<span style=\"color: #333399;\"><strong><u>mercredi, 13 d\u00e9cembre 2023<br \/>\n<\/u><\/strong>09:30 \u00a0Promenarando &#8211; Rando facile<\/span><br \/>\n<span style=\"color: #333399;\">13:30 \u00a0Randonn\u00e9e demi-journ\u00e9e DJA1 \u00ab\u00a0Les Ga\u00ef\u00e9\u00a0\u00bb 13 Les Baux de Provence<\/span><br \/>\n<span style=\"color: #333399;\">13:30 \u00a0Atelier \u00ab\u00a0Art et couleur\u00a0\u00bb cours de dessin et peinture<\/span><br \/>\n<span style=\"color: #333399;\"><strong><u>jeudi, 14 d\u00e9cembre 2023<br \/>\n<\/u><\/strong>08:30 Sortie\u00a0 \u00ab TOUT CHOCOLAT ! \u00bb Visite guid\u00e9e de la Maison de la C\u00e9ramique +\u00a0 Visite de la Cit\u00e9 du Chocolat Valrhona avec atelier \u00ab la f\u00e8ve de Cacao \u00bb + repas.<\/span><br \/>\n<span style=\"color: #333399;\"><strong><u>vendredi, 15 d\u00e9cembre 2023<br \/>\n<\/u><\/strong>08:30 Randonn\u00e9e journ\u00e9e JB2 \u00ab\u00a0Ch\u00e2teau de Lers\u00a0\u00bb 84 Ch\u00e2teauneuf du Pape<\/span><br \/>\n<span style=\"color: #333399;\">14:00 \u00a0Club de Scrabble &#8211; Jeu en Duplicate<br \/>\n<strong><u>dimanche, 17 d\u00e9cembre 2023<br \/>\n<\/u><\/strong>08:30 \u00a0Randonn\u00e9e journ\u00e9e JB2 \u00ab\u00a0L&rsquo;\u00e9tang du Fangassier et le phare de la Gacholle\u00a0\u00bb 13\u00a0 Le Sambuc &#8211; Randonn\u00e9e modifi\u00e9e, remplac\u00e9e par la randonn\u00e9e du 17 d\u00e9cembre.<br \/>\n<\/span><\/p>\n<p style=\"text-align: justify;\"><span style=\"color: #333399;\"><strong><u>lundi, 18 d\u00e9cembre 2023<br \/>\n<\/u><\/strong>08:30 Randonn\u00e9e Journ\u00e9e JB3 \u00ab\u00a0La Der de l&rsquo;ann\u00e9e\u00a0\u00bb<\/span><br \/>\n<span style=\"color: #333399;\"><strong><u>mardi, 19 d\u00e9cembre 2023<br \/>\n<\/u><\/strong>10:45 Gym<br \/>\n<\/span><span style=\"color: #333399;\">14:00 ASSEMBLEE GENERALE<br \/>\n16H00 GOUTER DE NOEL<br \/>\n<\/span><\/p>\n","protected":false},"excerpt":{"rendered":"","protected":false},"author":1,"featured_media":12008,"comment_status":"closed","ping_status":"closed","sticky":false,"template":"","format":"standard","meta":{"footnotes":""},"categories":[9],"tags":[],"class_list":["post-12002","post","type-post","status-publish","format-standard","has-post-thumbnail","hentry","category-programmes"],"_links":{"self":[{"href":"https:\/\/culturotheque.fr\/index.php\/wp-json\/wp\/v2\/posts\/12002","targetHints":{"allow":["GET"]}}],"collection":[{"href":"https:\/\/culturotheque.fr\/index.php\/wp-json\/wp\/v2\/posts"}],"about":[{"href":"https:\/\/culturotheque.fr\/index.php\/wp-json\/wp\/v2\/types\/post"}],"author":[{"embeddable":true,"href":"https:\/\/culturotheque.fr\/index.php\/wp-json\/wp\/v2\/users\/1"}],"replies":[{"embeddable":true,"href":"https:\/\/culturotheque.fr\/index.php\/wp-json\/wp\/v2\/comments?post=12002"}],"version-history":[{"count":9,"href":"https:\/\/culturotheque.fr\/index.php\/wp-json\/wp\/v2\/posts\/12002\/revisions"}],"predecessor-version":[{"id":12698,"href":"https:\/\/culturotheque.fr\/index.php\/wp-json\/wp\/v2\/posts\/12002\/revisions\/12698"}],"wp:featuredmedia":[{"embeddable":true,"href":"https:\/\/culturotheque.fr\/index.php\/wp-json\/wp\/v2\/media\/12008"}],"wp:attachment":[{"href":"https:\/\/culturotheque.fr\/index.php\/wp-json\/wp\/v2\/media?parent=12002"}],"wp:term":[{"taxonomy":"category","embeddable":true,"href":"https:\/\/culturotheque.fr\/index.php\/wp-json\/wp\/v2\/categories?post=12002"},{"taxonomy":"post_tag","embeddable":true,"href":"https:\/\/culturotheque.fr\/index.php\/wp-json\/wp\/v2\/tags?post=12002"}],"curies":[{"name":"wp","href":"https:\/\/api.w.org\/{rel}","templated":true}]}}