{"id":12224,"date":"2023-09-22T17:21:11","date_gmt":"2023-09-22T15:21:11","guid":{"rendered":"https:\/\/culturotheque.fr\/?p=12224"},"modified":"2023-09-23T18:56:49","modified_gmt":"2023-09-23T16:56:49","slug":"la-cote-de-malaigue","status":"publish","type":"post","link":"https:\/\/culturotheque.fr\/index.php\/2023\/09\/22\/la-cote-de-malaigue\/","title":{"rendered":"La c\u00f4te de Mala\u00efgue"},"content":{"rendered":"<p><a href=\"https:\/\/photos.app.goo.gl\/Cj9phbpcJVPQAgeYA\">Voir ici les photos de notre randonn\u00e9e \u00e0 Blauzac.<\/a><br \/>\n<a href=\"https:\/\/1drv.ms\/f\/s!AmQH719VFDtego07VlOj6XQi6YgoCQ?e=rbMf9G\">Voir ici les photos de Marie-Jeanne.<\/a><\/p>\n<p><!--more--><\/p>\n<p style=\"text-align: justify;\">La pluie cette nuit et pour notre petit d\u00e9jeuner mais malgr\u00e9 tout une petite \u00e9quipe se dirige vers Blauzac pour d\u00e9couvrir\u00a0 des garrigues hautes de ch\u00eanes pubescents de la c\u00f4te de Mala\u00efgue qui cachent d\u2019anciennes capitelles..<br \/>\nD\u00e8s les premiers pas nous sommes enchant\u00e9s dans un sentier \u00e9troit qui nous offre une dense v\u00e9g\u00e9tation\u00a0: reconnaissez-vous la salsepareille, le cynorrhodon, les jolies prunelles et l\u2019osyris (ou rouvet blanc) qui n\u2019ont pas beaucoup de boules oranges\u00a0?<br \/>\nLe chemin est un peu boueux de la pluie r\u00e9cente, il faut faire un peu attention \u00e0 son \u00e9quilibre\u00a0!<br \/>\nHeureuses de se retrouver on avance malgr\u00e9 tout d\u2019un bon pas mais on est souvent interpell\u00e9es par des capitelles. On en visite quelques unes avant de descendre la colinette et trouver une vigne et la grapille qui nous attire pour de beaux raisins de table.<br \/>\nOn arrive ainsi au joli hameau de Mala\u00efgue. Le Domaine de Mala\u00efgue nous interpelle avec ses b\u00e2timents du XIIe si\u00e8cle mais nous voulons d\u00e9couvrir toutes ces belles maisons.<br \/>\nMaintenant il nous faut remonter par \u00ab\u00a0Les Pontils\u00a0\u00bb o\u00f9 nous retrouvons toujours de beaux sentiers ombrag\u00e9s.<br \/>\nLe paysage est tout \u00e0 fait diff\u00e9rent de celui des Alpilles ou de la Montagnette, on se croirait en Loz\u00e8re et on a envie d\u2019y chercher des champignons\u00a0!<br \/>\nAu niveau du Mas de la Librotte on fait un petit aller\/retour, juste pour le plaisir, puis on y retourne pour admirer un beau cheval qui vient gentiment nous saluer avant de nous diriger vers la fameuse capitelle de la Librotte* !<br \/>\nS\u2019il y en a d\u2019autres, cette capitelle attire notre attention. D\u00e9j\u00e0\u00a0 le cadre o\u00f9 elle est \u00e9rig\u00e9e tout \u00e0 fait propice \u00e0 un pique-nique, puis on s\u2019int\u00e9resse \u00e0 l\u2019histoire : \u00ab\u00a0<em>Les paysans de jadis devaient \u00e0 chaque labour enlever les pierres de leurs parcelles pour pouvoir cultiver. Ces pierres ainsi exhum\u00e9es ne pouvaient \u00eatre charri\u00e9es sur de longues distances, ni entass\u00e9es sans ordre au risque de r\u00e9duire l\u2019espace cultivable. Elles \u00e9taient donc \u00e9vacu\u00e9es sur les bords des parcelles ou empil\u00e9es avec soin sur le rocher affleurant et les lieux non cultivables pour servir \u00e0 l\u2019\u00e9dification de pierriers ou clapas et de cabanes ou capitelles.<\/em><br \/>\n<em>Certains documents d\u2019archives confirment l\u2019existence des capitelles d\u00e8s le XVII \u00e8me si\u00e8cle, mais c\u2019est surtout du XVIII \u00e8me si\u00e8cle jusqu\u2019\u00e0 la fin du XIX \u00e8me si\u00e8cle que ces \u00e9difices ont \u00e9t\u00e9 \u00e9rig\u00e9s par les paysans soucieux d\u2019utiliser au mieux cette ressource naturelle.<\/em><br \/>\n<em>Chaque r\u00e9gion a son appellation. On les nomme Capitelle dans la garrigue n\u00eemoise. Leurs formes sont principalement ogivales (en pain de sucre), construites en pierres s\u00e8ches , base ronde ou carr\u00e9e sur un socle rocheux, mur d\u2019assise soutenant un corps de vo\u00fbte \u00e0 encorbellement ferm\u00e9 par une dalle fa\u00eeti\u00e8re, parements, externe et interne, li\u00e9s, ouverture en pierres massive<\/em>s\u00a0\u00bb.<br \/>\nLa capitelle est \u00e0 usage agricole, de stockage, d\u2019abri, parfois d\u2019habitation.<br \/>\nApr\u00e8s ce bon moment de d\u00e9tente on reprend notre cheminement pour retrouver notre joli sentier du d\u00e9part o\u00f9 bourdonnent des abeilles dans le lierre en fleurs.<br \/>\nNous avons toutes aim\u00e9es cette joli randonn\u00e9e, bien ombrag\u00e9e aux jolis sentiers qui sentaient bon la fin de l\u2019\u00e9t\u00e9\u00a0!<br \/>\n<span style=\"text-decoration: underline;\"><strong>Cotation\u00a0<\/strong><\/span>: JB2 \u2013 11 km\u00a0\u00a0 140 m de d\u00e9nivel\u00e9.<\/p>\n<p style=\"text-align: justify;\">*<strong>Capitelle de la Librotte<\/strong> : A Blauzac, le bois de la Librotte offre une concentration remarquable d\u2019enclos et de capitelles typiquement n\u00eemoises diss\u00e9min\u00e9s sous les arbres, avec en point d\u2019orgue un ensemble de trois cabanes dit \u00ab le chateau \u00bb. Joyaux du site, cette construction en pierres s\u00e8ches \u00e9voque deux tours encadrant un pan de courtine.<br \/>\nLes trois cabanes regroupent deux capitelles accol\u00e9es, l\u2019une ronde, l\u2019autre carr\u00e9e, reli\u00e9es entre elles par un local interm\u00e9diaire :<br \/>\n.une cabane de plan circulaire, en forme de c\u00f4ne rectiligne tronqu\u00e9<br \/>\n.une cabane de plan carr\u00e9, en forme plus \u00e9troite au sommet qu\u2019\u00e0 la base et termin\u00e9e par une sorte de pavillon surbaiss\u00e9, avec \u00e0 l\u2019int\u00e9rieur une chemin\u00e9e d\u2019angle et un \u00e9tage avec plancher et fenestrons.<br \/>\n.un local interm\u00e9diaire, constitu\u00e9 d\u2019un mur de fa\u00e7ade rectiligne contre lequel vient buter \u00e0 l\u2019arri\u00e8re, un tiers de vo\u00fbte en berceau.<br \/>\nUne cour ferm\u00e9e par un mur bas est am\u00e9nag\u00e9e sur le devant de l\u2019ensemble, ainsi qu\u2019un enclos \u00e0 droite. une petite mare est creus\u00e9e \u00e0 l\u2019ext\u00e9rieur, devant l\u2019entr\u00e9e.<br \/>\nOutre de grands enclos de pierres s\u00e8ches, dont certains accueillent encore gu\u00e9rites ou agachons en leurs murs massifs, le site accueille \u00e9galement un th\u00e9\u00e2tre de verdure enchanteur, v\u00e9ritable oasis de fra\u00eecheur sur laquelle semble veiller une capitelle recouverte de mortier, dont l\u2019entr\u00e9e est prot\u00e9g\u00e9e par un larmier surplombant le linteau.<br \/>\nOn y trouve \u00e9galement plusieurs aiguiers qui recueillaient autrefois les eaux de ruissellement.<\/p>\n<p>&nbsp;<\/p>\n<p>&nbsp;<\/p>\n<p>&nbsp;<\/p>\n","protected":false},"excerpt":{"rendered":"<p>Voir ici les photos de notre randonn\u00e9e \u00e0 Blauzac. Voir ici les photos de Marie-Jeanne.<\/p>\n","protected":false},"author":1,"featured_media":12228,"comment_status":"closed","ping_status":"closed","sticky":false,"template":"","format":"standard","meta":{"footnotes":""},"categories":[4],"tags":[],"class_list":["post-12224","post","type-post","status-publish","format-standard","has-post-thumbnail","hentry","category-randonnees"],"_links":{"self":[{"href":"https:\/\/culturotheque.fr\/index.php\/wp-json\/wp\/v2\/posts\/12224","targetHints":{"allow":["GET"]}}],"collection":[{"href":"https:\/\/culturotheque.fr\/index.php\/wp-json\/wp\/v2\/posts"}],"about":[{"href":"https:\/\/culturotheque.fr\/index.php\/wp-json\/wp\/v2\/types\/post"}],"author":[{"embeddable":true,"href":"https:\/\/culturotheque.fr\/index.php\/wp-json\/wp\/v2\/users\/1"}],"replies":[{"embeddable":true,"href":"https:\/\/culturotheque.fr\/index.php\/wp-json\/wp\/v2\/comments?post=12224"}],"version-history":[{"count":5,"href":"https:\/\/culturotheque.fr\/index.php\/wp-json\/wp\/v2\/posts\/12224\/revisions"}],"predecessor-version":[{"id":12230,"href":"https:\/\/culturotheque.fr\/index.php\/wp-json\/wp\/v2\/posts\/12224\/revisions\/12230"}],"wp:featuredmedia":[{"embeddable":true,"href":"https:\/\/culturotheque.fr\/index.php\/wp-json\/wp\/v2\/media\/12228"}],"wp:attachment":[{"href":"https:\/\/culturotheque.fr\/index.php\/wp-json\/wp\/v2\/media?parent=12224"}],"wp:term":[{"taxonomy":"category","embeddable":true,"href":"https:\/\/culturotheque.fr\/index.php\/wp-json\/wp\/v2\/categories?post=12224"},{"taxonomy":"post_tag","embeddable":true,"href":"https:\/\/culturotheque.fr\/index.php\/wp-json\/wp\/v2\/tags?post=12224"}],"curies":[{"name":"wp","href":"https:\/\/api.w.org\/{rel}","templated":true}]}}