{"id":12645,"date":"2023-12-06T10:45:01","date_gmt":"2023-12-06T09:45:01","guid":{"rendered":"https:\/\/culturotheque.fr\/?p=12645"},"modified":"2024-01-16T12:34:03","modified_gmt":"2024-01-16T11:34:03","slug":"janvier-2024","status":"publish","type":"post","link":"https:\/\/culturotheque.fr\/index.php\/2023\/12\/06\/janvier-2024\/","title":{"rendered":"JANVIER 2024"},"content":{"rendered":"<p style=\"text-align: justify;\"><span style=\"color: #333399;\"><em><span style=\"color: #ff6600;\"><a style=\"color: #ff6600;\" href=\"https:\/\/culturotheque.fr\/wp-content\/uploads\/2023\/12\/PROGRAMME-JANVIER-2024.pdf\">CLIQUER ICI POUR IMPRIMER LE PROGRAMME JANVIER 2024<\/a><\/span><br \/>\nLes programmes sont susceptibles d\u2019\u00eatre modifi\u00e9s pour diverses causes, et, bien s\u00fbr en raison de la M\u00e9t\u00e9o (en cas d\u2019alerte m\u00e9t\u00e9o orange ou rouge, les randonn\u00e9es sont syst\u00e9matiquement annul\u00e9es)<br \/>\nLes infos sont toujours indiqu\u00e9es la veille autour de 20 h en page d\u2019accueil.<br \/>\n<\/em><\/span><em><span style=\"color: #333399;\">Il faut donc se renseigner avant toute participation.<\/span><br \/>\n<\/em><\/p>\n<p><!--more--><\/p>\n<p style=\"text-align: justify;\"><span style=\"color: #000080;\"><strong>lundi, 8 janvier 2024<br \/>\n<\/strong>08:30 \u00a0Randonn\u00e9e Journ\u00e9e JB3 \u00ab\u00a0Le gaudre de Valmouriane\u00a0\u00bb &#8211; 13 St R\u00e9my de Provence &#8211; <a href=\"https:\/\/docs.google.com\/forms\/d\/e\/1FAIpQLSd2iyu5Pgsy89xaJ90gBMzxMP6QDI7DftXJSawCFpN2EX_vqQ\/viewform?usp=sf_link\">S\u2019INSCRIRE ICI<\/a>..<\/span><br \/>\n<span style=\"color: #000080;\"><strong>mardi, 9 janvier 2024<br \/>\n<\/strong>10:45\u00a0Gym<\/span><br \/>\n<span style=\"color: #000080;\">14:00\u00a0Conf\u00e9rence : \u00ab\u00a0Histoire de la musique\u00a0\u00bb &#8211; Denis Fleurette<\/span><br \/>\n<span style=\"color: #000080;\">15:30\u00a0 GALETTE DES ROIS<\/span><br \/>\n<span style=\"color: #000080;\"><strong>mercredi, 10 janvier 2024<br \/>\n<\/strong>09:30 \u00a0Promenarando &#8211; Rando facile<\/span><br \/>\n<span style=\"color: #000080;\">13:30 \u00a0Randonn\u00e9e demi-journ\u00e9e DJA1 \u00ab\u00a0Moulins et oliveraies\u00a0\u00bb &#8211; 13 Fontvieille &#8211; <a href=\"https:\/\/docs.google.com\/forms\/d\/e\/1FAIpQLSeMFtYrfP9vWKVLd__ahaB4FSkGcBN2cXp25erAUyZdgcaATw\/viewform?usp=sf_link\">S\u2019INSCRIRE ICI.<\/a><\/span><br \/>\n<span style=\"color: #000080;\">13:30\u00a0Atelier \u00ab\u00a0Art et couleur\u00a0\u00bb cours de dessin et peinture<\/span><br \/>\n<span style=\"color: #000080;\"><strong>jeudi, 11 janvier 2024<br \/>\n<\/strong>13:45\u00a0Sortie Culturelle : visite guid\u00e9e du Mus\u00e9e Reattu \u2013 Arles \u00a0&#8211; <a href=\"https:\/\/www.helloasso.com\/associations\/culturotheque\/evenements\/sortie-arles-musee-reattu\">S\u2019INSCRIRE ICI.<\/a><\/span><br \/>\n<span style=\"color: #000080;\"><strong>vendredi, 12 janvier 2024<br \/>\n<\/strong>08:30 Randonn\u00e9e journ\u00e9e JB2 \u00ab\u00a0La Chapelle St Caprais\u00a0\u00bb &#8211; 30 Castillon du Gard &#8211; <a href=\"https:\/\/docs.google.com\/forms\/d\/e\/1FAIpQLSeHnW36WKHkBT6faAK1E57E6-hLguskpjw7awEYEyMlS1j9wA\/viewform?usp=sf_link\">S\u2019INSCRIRE ICI.<\/a><\/span><br \/>\n<span style=\"color: #000080;\">14:00 \u00a0Club de Scrabble &#8211; Jeu en Duplicate<\/span><br \/>\n<span style=\"color: #000080;\"><strong>dimanche, 14 janvier 2024<br \/>\n<\/strong>08:30 \u00a0Randonn\u00e9e journ\u00e9e JB2 \u00ab\u00a0Le ch\u00e2teau de Mornas\u00a0\u00bb &#8211; 84 Mornas &#8211; &#8211; <a href=\"https:\/\/docs.google.com\/forms\/d\/e\/1FAIpQLSe0TQWqzCEY_tTRoNnSyYKLwlyZamSHQ-thkhgUE1EVfT9R-Q\/viewform?usp=sf_link\">S\u2019INSCRIRE ICI<\/a>.<\/span><\/p>\n<p style=\"text-align: justify;\"><span style=\"color: #000080;\"><strong>lundi, 15 janvier 2024<br \/>\n<\/strong>08:30 Randonn\u00e9e Journ\u00e9e JB3 \u00ab\u00a0Carri\u00e8res de Pierre de la Couronne\u00a0\u00bb 13 La Couronne &#8211;<a href=\"https:\/\/docs.google.com\/forms\/d\/e\/1FAIpQLSeNPBG_SwpKy28VbeAD6A8zDui2jofNTjW5Fc0Hb6gktthE0Q\/viewform?usp=sf_link\"> S&rsquo;INSCRIRE ICI<\/a><br \/>\n<\/span><span style=\"color: #000080;\"><strong>mardi, 16 janvier 2024<br \/>\n<\/strong>10:45\u00a0Gym<\/span><br \/>\n<span style=\"color: #000080;\">14:00\u00a0Conf\u00e9rence : \u00ab\u00a0Marseille, une m\u00e9moire de 26 si\u00e8cles\u00a0\u00bb &#8211; Brigitte Poch<\/span><br \/>\n<span style=\"color: #000080;\">16:00\u00a0R\u00e9union du Conseil d&rsquo;Administration<\/span><br \/>\n<span style=\"color: #000080;\"><strong>mercredi, 17 janvier 2024<br \/>\n<\/strong>09:30\u00a0Promenarando &#8211; Rando facile<\/span><br \/>\n<span style=\"color: #000080;\">13:30\u00a0Randonn\u00e9e demi-journ\u00e9e DJA1 \u00ab\u00a0La Laone\u00a0\u00bb &#8211; 30 Vers Pont du Gard &#8211; <a href=\"https:\/\/docs.google.com\/forms\/d\/e\/1FAIpQLSeMFtYrfP9vWKVLd__ahaB4FSkGcBN2cXp25erAUyZdgcaATw\/viewform?usp=sf_link\">S\u2019INSCRIRE ICI.<\/a><\/span><br \/>\n<span style=\"color: #000080;\">13:30\u00a0Atelier \u00ab\u00a0Art et couleur\u00a0\u00bb cours de dessin et peinture<\/span><br \/>\n<span style=\"color: #000080;\"><strong>vendredi, 19 janvier 2024<br \/>\n<\/strong>08:30 Randonn\u00e9e journ\u00e9e JB2 \u00ab\u00a0Manville et Carita\u00a0\u00bb &#8211; 13 Maussane les Alpilles &#8211; <a href=\"https:\/\/docs.google.com\/forms\/d\/e\/1FAIpQLSeHnW36WKHkBT6faAK1E57E6-hLguskpjw7awEYEyMlS1j9wA\/viewform?usp=sf_link\">S\u2019INSCRIRE ICI.<\/a>.<\/span><br \/>\n<span style=\"color: #000080;\">14:00\u00a0Club de Scrabble &#8211; Jeu en Duplicate<\/span><\/p>\n<p style=\"text-align: justify;\"><span style=\"color: #000080;\"><strong>lundi, 22 janvier 2024<br \/>\n<\/strong>08:30\u00a0Randonn\u00e9e Journ\u00e9e JB3 \u00ab\u00a0La grotte des Camisards\u00a0\u00bb &#8211; 30 Euzet &#8211; <a href=\"https:\/\/docs.google.com\/forms\/d\/e\/1FAIpQLSd2iyu5Pgsy89xaJ90gBMzxMP6QDI7DftXJSawCFpN2EX_vqQ\/viewform?usp=sf_link\">S\u2019INSCRIRE ICI<\/a>.<\/span><br \/>\n<span style=\"color: #000080;\"><strong>mardi, 23 janvier 2024<br \/>\n<\/strong>10:45\u00a0Gym<\/span><br \/>\n<span style=\"color: #000080;\">14:00 Conf\u00e9rence : \u00ab\u00a0Regard sur le patrimoine de Beaucaire\u00a0\u00bb &#8211; Claire-Lise Creissen &#8211; <em>Une maison de grande bourgeoisie des XVIe \u2013 XVIIe s. dans la rue des Bijoutiers&#8230;.<\/em><\/span><br \/>\n<span style=\"color: #000080;\">16:00\u00a0Club Informatique<\/span><br \/>\n<span style=\"color: #000080;\"><strong>mercredi, 24 janvier 2024<br \/>\n<\/strong>09:30\u00a0Promenarando &#8211; Rando facile<\/span><br \/>\n<span style=\"color: #000080;\">13:30 Randonn\u00e9e demi-journ\u00e9e DJA1 \u00ab\u00a0Le Lac par Gavon\u00a0\u00bb &#8211; 13 St R\u00e9my de Provence &#8211;\u00a0 <a href=\"https:\/\/docs.google.com\/forms\/d\/e\/1FAIpQLSeMFtYrfP9vWKVLd__ahaB4FSkGcBN2cXp25erAUyZdgcaATw\/viewform?usp=sf_link\">S\u2019INSCRIRE ICI.<\/a><\/span><br \/>\n<span style=\"color: #000080;\">13:30\u00a0Atelier \u00ab\u00a0Art et couleur\u00a0\u00bb cours de dessin et peinture<\/span><br \/>\n<span style=\"color: #000080;\"><strong>jeudi, 25 janvier 2024<br \/>\n<\/strong>11:00\u00a0Sortie Culturelle Visite guid\u00e9e de l\u2019\u00a0\u00bbExposition Mucha\u00a0\u00bb 13 Aix en Provence &#8211; <a href=\"https:\/\/docs.google.com\/forms\/d\/e\/1FAIpQLSdiKGbQyA-2tWuf7KyeIcdYMxC1-nsVSOF85u1zVjOoSM4stA\/viewform?usp=sf_link\">S\u2019INSCRIRE ICI sur la liste d&rsquo;attente.\u00a0 OU utiliser cette fiche pour toute annulation.<\/a><\/span><br \/>\n<span style=\"color: #000080;\"><strong>vendredi, 26 janvier 2024<br \/>\n<\/strong>08:30 Randonn\u00e9e journ\u00e9e JB2 \u00ab\u00a0Le Boucanet\u00a0\u00bb &#8211; 34 La Grande Motte &#8211; <a href=\"https:\/\/docs.google.com\/forms\/d\/e\/1FAIpQLSeHnW36WKHkBT6faAK1E57E6-hLguskpjw7awEYEyMlS1j9wA\/viewform?usp=sf_link\">S\u2019INSCRIRE ICI.<\/a>.<\/span><br \/>\n<span style=\"color: #000080;\">14:00\u00a0Club de Scrabble &#8211; Jeu en Duplicate<\/span><br \/>\n<span style=\"color: #000080;\"><strong>dimanche, 28 janvier 2024<br \/>\n<\/strong>08:30\u00a0Randonn\u00e9e journ\u00e9e JB2 \u00ab\u00a0Garrigues la Madeleine, Gardiole de Mireval avec ses monts et sa vall\u00e9e\u00a0\u00bb 34 Fabr\u00e8gues &#8211;<a href=\"https:\/\/docs.google.com\/forms\/d\/e\/1FAIpQLSe0TQWqzCEY_tTRoNnSyYKLwlyZamSHQ-thkhgUE1EVfT9R-Q\/viewform?usp=sf_link\"> S\u2019INSCRIRE ICI.<\/a><\/span><\/p>\n<p style=\"text-align: justify;\"><span style=\"color: #000080;\"><strong>lundi, 29 janvier 2024<br \/>\n<\/strong>08:30\u00a0Randonn\u00e9e Journ\u00e9e JB3 \u00ab\u00a0Les Darbounelles\u00a0\u00bb &#8211; 30 Valligui\u00e8res &#8211; <a href=\"https:\/\/docs.google.com\/forms\/d\/e\/1FAIpQLSeNPBG_SwpKy28VbeAD6A8zDui2jofNTjW5Fc0Hb6gktthE0Q\/viewform?usp=sf_link\">S\u2019INSCRIRE ICI.<\/a><\/span><br \/>\n<span style=\"color: #000080;\"><strong>mardi, 30 janvier 2024<br \/>\n<\/strong>10:45\u00a0Gym<\/span><br \/>\n<span style=\"color: #000080;\">14:00\u00a0Conf\u00e9rence : \u00ab Troubadours et Cours d\u2019Amour en Provence \u00bb &#8211; Catherine Ribotton<\/span><br \/>\n<span style=\"color: #000080;\">16:00 Lecture Partag\u00e9e : Les gratitudes de Delphine le Vigan<\/span><br \/>\n<span style=\"color: #000080;\"><strong>mercredi, 31 janvier 2024<br \/>\n<\/strong>09:30 Promenarando &#8211; Rando facile<\/span><br \/>\n<span style=\"color: #000080;\">13:30 Randonn\u00e9e demi-journ\u00e9e DJA1 \u00ab\u00a0La Capitelle du Grand Bois \u00bb &#8211; 30 Bernis &#8211; <a href=\"https:\/\/docs.google.com\/forms\/d\/e\/1FAIpQLSeMFtYrfP9vWKVLd__ahaB4FSkGcBN2cXp25erAUyZdgcaATw\/viewform?usp=sf_link\">S\u2019INSCRIRE ICI.<\/a><\/span><br \/>\n<span style=\"color: #000080;\">13:30\u00a0Atelier \u00ab\u00a0Art et couleur\u00a0\u00bb cours de dessin et peinture<\/span><br \/>\n<span style=\"color: #000080;\"><strong>vendredi, 2 f\u00e9vrier 2024<br \/>\n<\/strong>08:30 Randonn\u00e9e journ\u00e9e JB2 \u00ab\u00a0Le ch\u00e2teau de Grignan\u00a0\u00bb &#8211; 84 Grignan &#8211; Randonn\u00e9e modifi\u00e9e : \u00ab\u00a0Le canal de Provence\u00a0\u00bb &#8211; 13 Ventabren <a href=\"https:\/\/docs.google.com\/forms\/d\/e\/1FAIpQLSeHnW36WKHkBT6faAK1E57E6-hLguskpjw7awEYEyMlS1j9wA\/viewform?usp=sf_link\">S\u2019INSCRIRE ICI.<\/a>.<\/span><br \/>\n<span style=\"color: #000080;\">14:00\u00a0Club de Scrabble &#8211; Jeu en Duplicate<\/span><\/p>\n","protected":false},"excerpt":{"rendered":"<p>CLIQUER ICI POUR IMPRIMER LE PROGRAMME JANVIER 2024 Les programmes sont susceptibles d\u2019\u00eatre modifi\u00e9s pour diverses causes, et, bien s\u00fbr en raison de la M\u00e9t\u00e9o (en cas d\u2019alerte m\u00e9t\u00e9o orange ou rouge, les randonn\u00e9es sont syst\u00e9matiquement annul\u00e9es) Les infos sont toujours indiqu\u00e9es la veille autour de 20 h en page d\u2019accueil. Il faut donc se &hellip; <\/p>\n<p class=\"link-more\"><a href=\"https:\/\/culturotheque.fr\/index.php\/2023\/12\/06\/janvier-2024\/\" class=\"more-link\">Continuer la lecture<span class=\"screen-reader-text\"> de &laquo;&nbsp;JANVIER 2024&nbsp;&raquo;<\/span><\/a><\/p>\n","protected":false},"author":1,"featured_media":12661,"comment_status":"closed","ping_status":"closed","sticky":false,"template":"","format":"standard","meta":{"footnotes":""},"categories":[9],"tags":[],"class_list":["post-12645","post","type-post","status-publish","format-standard","has-post-thumbnail","hentry","category-programmes"],"_links":{"self":[{"href":"https:\/\/culturotheque.fr\/index.php\/wp-json\/wp\/v2\/posts\/12645","targetHints":{"allow":["GET"]}}],"collection":[{"href":"https:\/\/culturotheque.fr\/index.php\/wp-json\/wp\/v2\/posts"}],"about":[{"href":"https:\/\/culturotheque.fr\/index.php\/wp-json\/wp\/v2\/types\/post"}],"author":[{"embeddable":true,"href":"https:\/\/culturotheque.fr\/index.php\/wp-json\/wp\/v2\/users\/1"}],"replies":[{"embeddable":true,"href":"https:\/\/culturotheque.fr\/index.php\/wp-json\/wp\/v2\/comments?post=12645"}],"version-history":[{"count":19,"href":"https:\/\/culturotheque.fr\/index.php\/wp-json\/wp\/v2\/posts\/12645\/revisions"}],"predecessor-version":[{"id":12879,"href":"https:\/\/culturotheque.fr\/index.php\/wp-json\/wp\/v2\/posts\/12645\/revisions\/12879"}],"wp:featuredmedia":[{"embeddable":true,"href":"https:\/\/culturotheque.fr\/index.php\/wp-json\/wp\/v2\/media\/12661"}],"wp:attachment":[{"href":"https:\/\/culturotheque.fr\/index.php\/wp-json\/wp\/v2\/media?parent=12645"}],"wp:term":[{"taxonomy":"category","embeddable":true,"href":"https:\/\/culturotheque.fr\/index.php\/wp-json\/wp\/v2\/categories?post=12645"},{"taxonomy":"post_tag","embeddable":true,"href":"https:\/\/culturotheque.fr\/index.php\/wp-json\/wp\/v2\/tags?post=12645"}],"curies":[{"name":"wp","href":"https:\/\/api.w.org\/{rel}","templated":true}]}}