{"id":1285,"date":"2017-12-20T11:13:34","date_gmt":"2017-12-20T10:13:34","guid":{"rendered":"http:\/\/culturotheque.fr\/?p=1285"},"modified":"2017-12-27T16:02:38","modified_gmt":"2017-12-27T15:02:38","slug":"creches-et-legendes","status":"publish","type":"post","link":"https:\/\/culturotheque.fr\/index.php\/2017\/12\/20\/creches-et-legendes\/","title":{"rendered":"Cr\u00e8ches et L\u00e9gendes."},"content":{"rendered":"<p><a href=\"https:\/\/photos.google.com\/share\/AF1QipMZkNBrNO88d3khSSsldnhXCoxlAlcjFwQpZtlz4nZhc9xZWbiveMyjc6MO3oUMVA?hl=fr&amp;key=YUdKbGdGSnZIclFvOUJjNGZhdmo3WTlPSTAxSndR\">Voir ici les photos de notre randonn\u00e9e aux Baux de Provence.<\/a><\/p>\n<p><a href=\"https:\/\/photos.google.com\/share\/AF1QipMY_2h288G6XW_hWFx0AGgdWGncfUNQxUPwknG3lMl8klbnra6ktnOyRLav_EeBsw?key=Z2RZQWM3endMZ0NkZ1p6MHZndWFkbUdCMzJGbGJB\">Voir ici les photos de Marie-Paule.<\/a><!--more--><\/p>\n<p style=\"text-align: justify;\">Pour cette derni\u00e8re randonn\u00e9e de l\u2019ann\u00e9e nous sommes au Val d\u2019Enfer lieu de promenade des f\u00e9es lorsqu\u2019elles sortaient de la grotte aux F\u00e9es install\u00e9e\u00a0 plus haut dans les rochers\u2026\u00a0 Mais c\u2019est aussi le lieu pr\u00e9f\u00e9r\u00e9 de la Cabro d\u2019Or qui vient brouter, la nuit, la \u00ab\u00a0mousse roucassi\u00e8re\u00a0\u00bb<a href=\"#_ftn1\" name=\"_ftnref1\">[1]<\/a> lorsqu\u2019elle sort de son repaire alors qu\u2019elle veille de jour le tr\u00e9sor d\u2019Abdelraman\u00a0!<\/p>\n<p style=\"text-align: justify;\">Nous continuons pour passer devant Baumani\u00e8re et ensuite d\u00e9couvrir le Pavillon de la Reine Jeanne nich\u00e9 dans le vallon de la Fontaine. Cet \u00e9l\u00e9gant pavillon d\u2019angle de style renaissance a \u00e9t\u00e9 construit pour Jeanne de Quiqueran, qui \u00a0n\u2019a rien \u00e0 voir avec l\u2019une des reine Jeanne de Provence, de 1568 \u00e0 1561. Il d\u00e9corait un jardin appartenant \u00e0 son mari, un des barons des Baux et ce jardin \u00e9tait appel\u00e9 \u00ab\u00a0Jardin du Comte\u00a0\u00bb ou \u00ab\u00a0Verger du Roi\u00a0\u00bb. Fr\u00e9d\u00e9ric Mistral en a fait faire une copie pour son tombeau \u00e0 Maillane.<\/p>\n<p style=\"text-align: justify;\">Maintenant nous empruntons un tr\u00e8s joli sentier en balcon qui nous offre un fabuleux panorama sur les Alpilles et les champs d\u2019oliviers qui s\u2019\u00e9tendent\u00a0 \u00e0 perte de vue\u2026 Nous arrivons enfin au pied des \u00ab\u00a0Trema\u00efe\u00a0\u00bb o\u00f9 la tradition a interpr\u00e9t\u00e9 le bas-relief comme une repr\u00e9sentation des deux Saintes Maries de La Mer (<em>Marie Jacob\u00e9 et Marie Salom\u00e9<\/em>) et leur servante Sara, mais qui d\u2019apr\u00e8s les arch\u00e9ologues serait plut\u00f4t la repr\u00e9sentation du Consul Marius, sa femme Julia et la proph\u00e9tesse Marthe (<em>La Salyenne<\/em>), pour d\u2019autres il s\u2019agit d\u2019une repr\u00e9sentation de Diane ou d\u2019une D\u00e9esse M\u00e8re mais ce qui est s\u00fbr, c\u2019est qu\u2019il s\u2019agit d\u2019un relief votif gallo-romain, malgr\u00e9 l\u2019inscription mutil\u00e9e qui ne permet pas de se rendre compte de la d\u00e9dicace\u2026 D\u2019ailleurs, un peu plus loin nous retrouvons un rocher o\u00f9 est sculpt\u00e9e l\u2019effigie des Ga\u00efe dans une niche\u00a0: on y voit deux personnages \u00e0 mi-corps v\u00eatus de la toge avec une inscription dans la partie basse soi-disant lisible mais, pour nous, c\u2019est difficile de la d\u00e9chiffrer. Il faut dire qu\u2019on est plus attir\u00e9 par un animal qui est \u00e0 flanc du rocher au-dessus de nous\u00a0: chat, vautour, oiseau\u2026\u00a0? Il s\u2019agit s\u00fbrement d\u2019une ch\u00e8vre\u00a0! Et bien non\u2026 simplement un sac de jute.<\/p>\n<p style=\"text-align: justify;\">On reprend notre sentier puis un chemin \u00a0empierr\u00e9 qui nous am\u00e8ne \u00e0 la porte d\u2019Eygui\u00e8res (<em>ou porte de l\u2019eau<\/em>) qui \u00e9tait jusqu\u2019en 1866 la seule entr\u00e9e des Baux de Provence. Cette porte, comme un peut le constater, a gard\u00e9 son syst\u00e8me d\u00e9fensif, chemin de ronde en corniche perc\u00e9 de meurtri\u00e8res.<\/p>\n<p style=\"text-align: justify;\">On essaie d\u2019aller au mus\u00e9e des Santons\u2026 Malheureusement celui-ci est ferm\u00e9, dommage car nous aurions appris \u00e0 faire une cr\u00e8che dans les r\u00e8gles de l\u2019art. On file donc vers l\u2019Eglise Saint Vincent, \u00e9difice du XIIe si\u00e8cle caract\u00e9ris\u00e9 par sa partie m\u00e9ridionale \u00e0 moiti\u00e9 troglodytique.\u00a0 Ce qui nous int\u00e9resse c\u2019est l\u2019histoire du petit \u00ab\u00a0<em>carretoun\u00a0<\/em>\u00bb tir\u00e9 par un mouton le soir de la messe de minuit\u2026<\/p>\n<p style=\"text-align: justify;\">Nous entrons dans la chapelle, construite au milieu du XVIIe si\u00e8cle par la confr\u00e9rie des P\u00e9nitents Blancs et relev\u00e9e de ses ruines par la maintenance des f\u00e9libres dont nous trouvons\u00a0 trace de Ste Estelle. L\u2019int\u00e9rieur a \u00e9t\u00e9 d\u00e9cor\u00e9 de fresques \u00a0par le peintre Yves Brayer en 1974 qui repr\u00e9sente le No\u00ebl des Bergers dans la tradition proven\u00e7ale.<\/p>\n<p style=\"text-align: justify;\">La magie de No\u00ebl nous prenant nous allons boire un chocolat chaud\u2026 Mais tous les caf\u00e9s sont aujourd\u2019hui ferm\u00e9s aux Baux. Il ne nous reste plus qu\u2019\u00e0 rejoindre les voitures\u2026 Mais nous nous dirigeons vers les hauteurs pour admirer le coucher du soleil, un peu voil\u00e9 par des nuages, mais qui nous donne une belle lumi\u00e8re et nous laisse apercevoir la fabuleuse cr\u00e8che proven\u00e7ale que repr\u00e9sente le village des Baux qui s\u2019illumine petit \u00e0 petit\u2026 Le froid commen\u00e7ant \u00e0 venir nous quittons cet endroit magique pour rejoindre les illuminations de Mogador avec, en guise de consolation du chocolat chaud que nous n&rsquo;avons pas eu, un joli petit bonhomme\u2026 en pain d\u2019\u00e9pices.<\/p>\n<p style=\"text-align: justify;\"><a href=\"#_ftnref1\" name=\"_ftn1\">[1]<\/a> &#8211; <em>\u00ab\u00a0Vole la Cabro d\u2019or, la cabro que degun de mourtau ni la pais ni la mousi. Que sous lou ro de Bau-Maniere lipo la moufo roucassiero\u00a0\u00bb (Mistral).<\/em><\/p>\n<p><span style=\"text-decoration: underline;\"><strong>Cotation<\/strong> <\/span>: <em>A1 DJ &#8211; 6 km &#8211; 200 m d\u00e9nivel\u00e9 &#8211; 12 randonneurs (gratuit).<br \/>\n<\/em><\/p>\n<p>&nbsp;<\/p>\n","protected":false},"excerpt":{"rendered":"<p>Voir ici les photos de notre randonn\u00e9e aux Baux de Provence. Voir ici les photos de Marie-Paule.<\/p>\n","protected":false},"author":1,"featured_media":1290,"comment_status":"closed","ping_status":"closed","sticky":false,"template":"","format":"standard","meta":{"footnotes":""},"categories":[4],"tags":[],"class_list":["post-1285","post","type-post","status-publish","format-standard","has-post-thumbnail","hentry","category-randonnees"],"_links":{"self":[{"href":"https:\/\/culturotheque.fr\/index.php\/wp-json\/wp\/v2\/posts\/1285","targetHints":{"allow":["GET"]}}],"collection":[{"href":"https:\/\/culturotheque.fr\/index.php\/wp-json\/wp\/v2\/posts"}],"about":[{"href":"https:\/\/culturotheque.fr\/index.php\/wp-json\/wp\/v2\/types\/post"}],"author":[{"embeddable":true,"href":"https:\/\/culturotheque.fr\/index.php\/wp-json\/wp\/v2\/users\/1"}],"replies":[{"embeddable":true,"href":"https:\/\/culturotheque.fr\/index.php\/wp-json\/wp\/v2\/comments?post=1285"}],"version-history":[{"count":6,"href":"https:\/\/culturotheque.fr\/index.php\/wp-json\/wp\/v2\/posts\/1285\/revisions"}],"predecessor-version":[{"id":1318,"href":"https:\/\/culturotheque.fr\/index.php\/wp-json\/wp\/v2\/posts\/1285\/revisions\/1318"}],"wp:featuredmedia":[{"embeddable":true,"href":"https:\/\/culturotheque.fr\/index.php\/wp-json\/wp\/v2\/media\/1290"}],"wp:attachment":[{"href":"https:\/\/culturotheque.fr\/index.php\/wp-json\/wp\/v2\/media?parent=1285"}],"wp:term":[{"taxonomy":"category","embeddable":true,"href":"https:\/\/culturotheque.fr\/index.php\/wp-json\/wp\/v2\/categories?post=1285"},{"taxonomy":"post_tag","embeddable":true,"href":"https:\/\/culturotheque.fr\/index.php\/wp-json\/wp\/v2\/tags?post=1285"}],"curies":[{"name":"wp","href":"https:\/\/api.w.org\/{rel}","templated":true}]}}