{"id":13698,"date":"2024-06-05T10:58:34","date_gmt":"2024-06-05T08:58:34","guid":{"rendered":"https:\/\/culturotheque.fr\/?p=13698"},"modified":"2024-06-09T15:01:52","modified_gmt":"2024-06-09T13:01:52","slug":"les-regagnons-4","status":"publish","type":"post","link":"https:\/\/culturotheque.fr\/index.php\/2024\/06\/05\/les-regagnons-4\/","title":{"rendered":"Les Regagnons"},"content":{"rendered":"<p><a href=\"https:\/\/photos.app.goo.gl\/BhfTUk553DpqwW3W6\">Voir ici les photos de notre randonn\u00e9e \u00e0 Beaucaire.<\/a><br \/>\n<!--more--><\/p>\n<p style=\"text-align: justify;\">Ce matin nous partons directement de notre point de rendez-vous pour faire une partie de la balade \u00ab\u00a0\u00e0 la fra\u00eeche\u00a0\u00bb.<br \/>\nNous longeons le coll\u00e8ge puis rejoignons la voie verte pour bifurquer presqu\u2019aussit\u00f4t vers les Caunelles et Gaudon par un chemin, tout beau-tout joli, que nous fait d\u00e9couvrir Marit\u00e9.<br \/>\nEn haut de Gaudon nous \u00e9voquons le lieu.<br \/>\nLe quartier tirerait-il son nom de la culture de la gaude (<em>ou r\u00e9s\u00e9da<\/em>), plante qui aime les rocailles, longtemps prot\u00e9g\u00e9e et dont il est toujours interdit de la cueillir ? On apprend que cette plante \u00e9tait cultiv\u00e9e pour la teinturerie et qu\u2019elle \u00e9tait appel\u00e9e commun\u00e9ment <em>\u00a0Herbo dei Jusions<\/em>, car \u00ab\u00a0<em>elle donnait la couleur jaune que les juifs \u00e9taient oblig\u00e9s de porter autrefois dans ce pays, et d\u2019en faire teindre leur chapeaux<\/em> <em>ou la rouelle.<\/em> \u00bb (<em>La rouelle, ou la roue, est une petite pi\u00e8ce d\u2019\u00e9toffe dont le port ostensible a \u00e9t\u00e9 impos\u00e9 aux juifs comme signe vestimentaire distinctif par les autorit\u00e9s civiles. D\u00e9coup\u00e9e en anneau, elle symboliserait les 30 deniers de Judas selon l\u2019interpr\u00e9tation traditionnelle.<\/em>)<br \/>\nEt bien oui ce serait bien par rapport au fait que le quartier juif se trouvait \u00e0 cet endroit que le quartier Gaudon porte ce nom\u2026<br \/>\nOn disserte aussi sur le fait que la Gaude \u00e9tait class\u00e9e au nombre des plantes \u00abgrand teint\u00bb au m\u00eame titre que la gu\u00e8de et la garance\u2026 avant de voyager, en discussions anim\u00e9es, au pays de Cocagne !<br \/>\nC\u2019est ainsi que nous arrivons aux Regagnons. Allons-nous direction l\u2019Abbaye de St Roman\u00a0?<br \/>\nNon, nous restons en bas, allons en direction d\u2019une Carri\u00e8re, puis de la magnanerie o\u00f9 l\u2019on traverse la route par la passerelle.<br \/>\nNous retrouverons la fra\u00eecheur sur le sentier qui borde le Rh\u00f4ne\u2026\u00a0 Sourires en coins pour nos Beaucairois qui ont savour\u00e9 leurs premiers baisers aux \u00ab<em>cinq platanes<\/em>\u00bb.<br \/>\nUne petite brise l\u00e9g\u00e8re, l\u2019eau du Rh\u00f4ne, les jolies fleurs, le ciel est un peu charg\u00e9 mais nous on a un petit air d\u2019\u00e9cole buissonni\u00e8re\u00a0!<br \/>\nOn se quitte trop t\u00f4t\u00a0! Et, pourtant cette fois-ci on a battu nos records de la A1\u00a0!<br \/>\n<span style=\"text-decoration: underline;\"><strong>Cotation\u00a0:<\/strong> <\/span>DJA1 \u2013 10 km \u00a0&#8211; 210 m de d\u00e9nivel\u00e9.<\/p>\n","protected":false},"excerpt":{"rendered":"<p>Voir ici les photos de notre randonn\u00e9e \u00e0 Beaucaire.<\/p>\n","protected":false},"author":1,"featured_media":13703,"comment_status":"closed","ping_status":"closed","sticky":false,"template":"","format":"standard","meta":{"footnotes":""},"categories":[4],"tags":[],"class_list":["post-13698","post","type-post","status-publish","format-standard","has-post-thumbnail","hentry","category-randonnees"],"_links":{"self":[{"href":"https:\/\/culturotheque.fr\/index.php\/wp-json\/wp\/v2\/posts\/13698","targetHints":{"allow":["GET"]}}],"collection":[{"href":"https:\/\/culturotheque.fr\/index.php\/wp-json\/wp\/v2\/posts"}],"about":[{"href":"https:\/\/culturotheque.fr\/index.php\/wp-json\/wp\/v2\/types\/post"}],"author":[{"embeddable":true,"href":"https:\/\/culturotheque.fr\/index.php\/wp-json\/wp\/v2\/users\/1"}],"replies":[{"embeddable":true,"href":"https:\/\/culturotheque.fr\/index.php\/wp-json\/wp\/v2\/comments?post=13698"}],"version-history":[{"count":3,"href":"https:\/\/culturotheque.fr\/index.php\/wp-json\/wp\/v2\/posts\/13698\/revisions"}],"predecessor-version":[{"id":13710,"href":"https:\/\/culturotheque.fr\/index.php\/wp-json\/wp\/v2\/posts\/13698\/revisions\/13710"}],"wp:featuredmedia":[{"embeddable":true,"href":"https:\/\/culturotheque.fr\/index.php\/wp-json\/wp\/v2\/media\/13703"}],"wp:attachment":[{"href":"https:\/\/culturotheque.fr\/index.php\/wp-json\/wp\/v2\/media?parent=13698"}],"wp:term":[{"taxonomy":"category","embeddable":true,"href":"https:\/\/culturotheque.fr\/index.php\/wp-json\/wp\/v2\/categories?post=13698"},{"taxonomy":"post_tag","embeddable":true,"href":"https:\/\/culturotheque.fr\/index.php\/wp-json\/wp\/v2\/tags?post=13698"}],"curies":[{"name":"wp","href":"https:\/\/api.w.org\/{rel}","templated":true}]}}