{"id":13766,"date":"2024-10-15T00:20:41","date_gmt":"2024-10-14T22:20:41","guid":{"rendered":"https:\/\/culturotheque.fr\/?p=13766"},"modified":"2024-11-27T08:01:04","modified_gmt":"2024-11-27T07:01:04","slug":"novembre-2024","status":"publish","type":"post","link":"https:\/\/culturotheque.fr\/index.php\/2024\/10\/15\/novembre-2024\/","title":{"rendered":"NOVEMBRE &#8211; DECEMBRE 2024"},"content":{"rendered":"<p style=\"text-align: justify;\"><span style=\"color: #003366;\">IMPORTANT :<\/span><em><span style=\"color: #003366;\"> N&rsquo;oubliez pas de v\u00e9rifier, la veille de toute activit\u00e9, en page d&rsquo;accueil, les informations compl\u00e9mentaires.<\/span><\/em><\/p>\n<p><!--more--><\/p>\n<p style=\"text-align: justify;\"><span style=\"color: #003300;\"><strong><u>l<span style=\"color: #003366;\">undi, 4 novembre 2024<\/span><br \/>\n<\/u><\/strong><span style=\"color: #003366;\">08:30 Randonn\u00e9e Journ\u00e9e N3 \u00ab\u00a0Le mur de la Peste\u00a0\u00bb &#8211; 84 Lagnes<\/span><\/span><br \/>\n<span style=\"color: #003366;\"><strong><u>mardi, 5 novembre 2024<br \/>\n<\/u><\/strong>10:45\u00a0Gym<\/span><br \/>\n<span style=\"color: #003366;\">14:00 Conf\u00e9rence \u00ab\u00a0<strong>Miss Tic, la Capitale<\/strong>\u00a0\u00bb \u2013 Mich\u00e8le &#8211;\u00a0 Po\u00e9tesse, <em>plasticienne, pionni\u00e8re du mouvement du Street Art en France, ses oeuvres recouvrent les rues de Paris depuis 1985&#8230;<br \/>\n<\/em>16:00 \u00a0REUNION CA \u2013 ordre du jour\u00a0: \u00e9lection du bureau \u2013 questions diverses.<\/span><br \/>\n<span style=\"color: #003366;\"><strong><u>mercredi, 6 novembre 2024<br \/>\n<\/u><\/strong>08h15<strong> Form&rsquo;rando<\/strong> &#8211; 3 h de marche<em>. Rdv parking Foir Fouille.<\/em><u><\/u><br \/>\n09:30 <strong>Rando promenade<\/strong>, facile, 2 heures de marche<\/span><br \/>\n<span style=\"color: #003366;\">13:30 \u00a0Atelier \u00ab\u00a0Art et couleur\u00a0\u00bb cours de dessin et peinture<\/span><br \/>\n<span style=\"color: #003366;\"><strong><u>jeudi, 7 novembre 2024<br \/>\n<\/u><\/strong>14:00 \u00a0Visite \u00ab\u00a0expo \u00ab A LA VIE A L\u2019AMOR Miss Tic\u00a0\u00bb Palais des Papes Avignon &#8211; &#8211; <a href=\"https:\/\/culturotheque.fr\/?p=5632\"><span style=\"color: #ff6600;\">S&rsquo;INSCRIRE ICI<\/span><\/a><\/span><br \/>\n<span style=\"color: #003366;\">14:00 \u00a0Atelier \u00ab\u00a0Art et couleur\u00a0\u00bb cours de dessin et peinture<\/span><br \/>\n<span style=\"color: #003366;\"><strong><u>vendredi, 8 novembre 2024<br \/>\n<\/u><\/strong>08:30 Randonn\u00e9e Journ\u00e9e N2 \u00ab\u00a0Le Parc Meynier de Salinelles\u00a0\u00bb &#8211; 30 N\u00eemes<\/span><br \/>\n<span style=\"color: #003366;\">14:00 \u00a0Scrabble, jeu en Duplicate<\/span><br \/>\n<span style=\"color: #003366;\"><strong><u>dimanche, 10 novembre 2024<br \/>\n<\/u><\/strong>08:30 Randonn\u00e9e Journ\u00e9e N3 \u00ab\u00a0\u00a0\u00bbLe Refuge C\u00e9zanne\u00a0\u00bb 13 Le Tholonet &#8211; <a href=\"https:\/\/docs.google.com\/forms\/d\/e\/1FAIpQLSfV-tBG5osAOZTEjUqhniUC4gMJcm5_9J_FX7VSa0MP0kRrMA\/viewform?usp=sf_link\"><span style=\"color: #ff6600;\">S&rsquo;INSCRIRE ICI<\/span><\/a><\/span><\/p>\n<p style=\"text-align: justify;\"><span style=\"color: #003366;\"><u><\/u><strong><u>mardi, 12 novembre 2024<br \/>\n<\/u><\/strong>10:45\u00a0Gym<\/span><br \/>\n<span style=\"color: #003366;\">14:00 \u00a0Conf\u00e9rence \u00ab\u00a0<strong>Rambrandt<\/strong>\u00a0\u00bb (Volet1) Claire Lise Creissen &#8211; <em>Peintre, graveur n\u00e9erlandais du XVIIe si\u00e8cle, il est c\u00e9l\u00e8bre pour ses portraits, ses sc\u00e8nes bibliques et historiques et, surtout, pour sa ma\u00eetrise exceptionnelle de la lumi\u00e8re et de l&rsquo;ombre.<br \/>\n<\/em><strong><u>mercredi, 13 novembre 2024<br \/>\n<\/u><\/strong>08h15<strong> Form&rsquo;rando<\/strong> &#8211; 3 h de marche<em>. Rdv parking Foir Fouille.<\/em><u><\/u><br \/>\n09:30 <strong>Rando promenade<\/strong>, facile, 2 heures de marche<\/span><br \/>\n<span style=\"color: #003366;\">13:30\u00a0Atelier \u00ab\u00a0Art et couleur\u00a0\u00bb cours de dessin et peinture<\/span><br \/>\n<span style=\"color: #003366;\"><strong><u>jeudi, 14 novembre 2024<br \/>\n<\/u><\/strong>14:00 \u00a0Atelier \u00ab\u00a0Art et couleur\u00a0\u00bb cours de dessin et peinture<\/span><br \/>\n<span style=\"color: #003366;\"><strong><u>vendredi, 15 novembre 2024<br \/>\n<\/u><\/strong>08:30 \u00a0Randonn\u00e9e demi-journ\u00e9e N2 \u00ab\u00a0Les Gaudres\u00a0\u00bb &#8211; 13 Mas Blanc des Alpilles<\/span><br \/>\n<span style=\"color: #003366;\">14:00 \u00a0Scrabble, jeu en Duplicate<\/span><br \/>\n<u><\/u><\/p>\n<p style=\"text-align: justify;\"><span style=\"color: #003366;\"><strong><u>lundi, 18 novembre 2024<br \/>\n<\/u><\/strong>08:30 Randonn\u00e9e Journ\u00e9e N3 \u00ab\u00a0L&rsquo;Oppidum de Nages\u00a0\u00bb &#8211; 30 Langlade<\/span><br \/>\n<span style=\"color: #003366;\"><strong><u>mardi, 19 novembre 2024<br \/>\n<\/u><\/strong>10:45 \u00a0Gym<\/span><br \/>\n<span style=\"color: #003366;\">14:00 \u00a0Conf\u00e9rence \u00ab\u00a0<strong>L&rsquo;\u00e9pop\u00e9e Cathare dans le midi<\/strong>\u00a0\u00bb Mich\u00e8le &#8211; <em>Mont\u00e9e et pers\u00e9cution des Cathares, une secte chr\u00e9tienne dissidente, culminant avec la croisade des Albigeois et la chute de leurs bastions comme Mont\u00e9s\u00e9gur.<br \/>\n<\/em>16:00 \u00a0Cours Informatique<\/span><br \/>\n<span style=\"color: #003366;\"><strong><u>mercredi, 20 novembre 2024<br \/>\n<\/u><\/strong>08h15<strong> Form&rsquo;rando<\/strong> &#8211; 3 h de marche<em>. Rdv parking Foir Fouille.<\/em><u><\/u><br \/>\n09:30 <strong>Rando promenade<\/strong>, facile, 2 heures de marche<\/span><br \/>\n<span style=\"color: #003366;\">13:30 \u00a0Atelier \u00ab\u00a0Art et couleur\u00a0\u00bb cours de dessin et peinture<\/span><br \/>\n<span style=\"color: #003366;\"><strong><u>jeudi, 21 novembre 2024<br \/>\n<\/u><\/strong>08:00 \u00a0SORTIE : Visite guid\u00e9e de l&rsquo;Abbaye de Cassan + temps libre P\u00e9zenas + Visite guid\u00e9e de l&rsquo;Abbaye de Valmagne &#8211; &#8211; <a href=\"https:\/\/culturotheque.fr\/?p=5632\"><span style=\"color: #ff6600;\">S&rsquo;INSCRIRE ICI<\/span><\/a><\/span><br \/>\n<span style=\"color: #003366;\">14:00 \u00a0Atelier \u00ab\u00a0Art et couleur\u00a0\u00bb cours de dessin et peinture<\/span><br \/>\n<span style=\"color: #003366;\"><strong><u>vendredi, 22 novembre 2024<br \/>\n<\/u><\/strong>08:30 \u00a0Randonn\u00e9e journ\u00e9e N2 \u00ab\u00a0Le Mourre Savoyard\u00a0\u00bb &#8211; 13 Boulbon<\/span><br \/>\n<span style=\"color: #003366;\">14:00 Scrabble, jeu en Duplicate<\/span><br \/>\n<span style=\"color: #003366;\"><strong><u>dimanche, 24 novembre 2024<br \/>\n<\/u><\/strong>08:30\u00a0 Randonn\u00e9e Journ\u00e9e N3 \u00ab\u00a0Les moulins de Salinelles\u00a0\u00bb 30 Sommi\u00e8res- <span style=\"color: #ff6600;\"><a style=\"color: #ff6600;\" href=\"https:\/\/docs.google.com\/forms\/d\/e\/1FAIpQLSfV-tBG5osAOZTEjUqhniUC4gMJcm5_9J_FX7VSa0MP0kRrMA\/viewform?usp=sf_link\">S&rsquo;INSCRIRE ICI<\/a><\/span><br \/>\n<\/span><\/p>\n<p style=\"text-align: justify;\"><span style=\"color: #003366;\"><strong><u>\u00a0<\/u><\/strong><strong><u>lundi, 25 novembre 2024<br \/>\n<\/u><\/strong>08:30\u00a0Randonn\u00e9e Journ\u00e9e N3 \u00ab\u00a0Boucle Vielle Ville\u00a0\u00bb 13 Les Saintes Maries de la Mer<\/span><br \/>\n<span style=\"color: #003366;\"><strong><u>mardi, 26 novembre 2024<br \/>\n<\/u><\/strong>10:45\u00a0Gym<\/span><br \/>\n<span style=\"color: #003366;\">14:00\u00a0Conf\u00e9rence \u00ab\u00a0<strong>La Course Camarguaise<\/strong>\u00a0\u00bb Ludovic ZERTI, ancien raseteur \u00a0&#8211; <em>F<\/em><em>orme de jeu taurin o\u00f9 des raseteurs tentent d&rsquo;attraper des attributs accroch\u00e9s aux cornes des taureaux sans les blesser, mettant en avant l&rsquo;agilit\u00e9 et le courage. la possible pr\u00e9sence du premier gaucher actuel : Youssef ZEKRAOUI<br \/>\n<\/em>16:00 \u00a0Lecture Partag\u00e9e\u00a0 <strong>La cuisini\u00e8re<\/strong> de <em><strong>Mary Beth Keane\u00a0 <\/strong><\/em>(<em>Univers poche<\/em>) + <strong>Le proc\u00e8s des \u00e9toiles<\/strong> de <strong>Florence\u00a0 Trystram<\/strong>\u00a0 <em>(petite biblio Payot)<\/em><br \/>\n<\/span><span style=\"color: #003366;\"><strong><u>mercredi, 27 novembre 2024<br \/>\n<\/u><\/strong>08h15<strong> Form&rsquo;rando<\/strong> &#8211; 3 h de marche<em>. Rdv parking Foir Fouille.<br \/>\n<\/em><u><\/u>09:30 Rando promenade, facile, 2 heures de marche<\/span><br \/>\n<span style=\"color: #003366;\">13:30 \u00a0Atelier \u00ab\u00a0Art et couleur\u00a0\u00bb cours de dessin et peinture<\/span><br \/>\n<span style=\"color: #003366;\"><strong><u>jeudi, 28 novembre 2024<br \/>\n<\/u><\/strong>14:00 \u00a0Atelier \u00ab\u00a0Art et couleur\u00a0\u00bb cours de dessin et peinture<\/span><br \/>\n<span style=\"color: #003366;\"><strong><u>vendredi, 29 novembre 2024<br \/>\n<\/u><\/strong>08:30 \u00a0Randonn\u00e9e Demi-journ\u00e9e RANDO TELETHON<\/span><br \/>\n<span style=\"color: #003366;\">14:00 \u00a0Scrabble, jeu en Duplicate -TELEHON<\/span><br \/>\n<span style=\"color: #003366;\">14:00\u00a0VISITE GUIDEE TELETHON<\/span><br \/>\n<span style=\"color: #003366;\">14:00 \u00a0Atelier \u00ab\u00a0Art et couleur\u00a0\u00bb cours de dessin et peinture<\/span><\/p>\n<p style=\"text-align: justify;\"><span style=\"color: #003366;\"><strong><u>lundi, 2 d\u00e9cembre 2024<br \/>\n<\/u><\/strong>08:30\u00a0Randonn\u00e9e Journ\u00e9e N3 \u00ab\u00a0Villages Perch\u00e9s\u00a0\u00bb 26 Allan<\/span><br \/>\n<span style=\"color: #003366;\"><strong><u>mardi, 3 d\u00e9cembre 2024<br \/>\n<\/u><\/strong>10:45\u00a0Gym<\/span><br \/>\n<span style=\"color: #003366;\">14:00 \u00a0Conf\u00e9rence \u00ab\u00a0<strong>Rambrandt<\/strong>\u00a0\u00bb (Volet2) Claire-Lise Creissen &#8211; <em>Consid\u00e9r\u00e9 comme l&rsquo;un des plus grands peintres de l&rsquo;histoire de la peinture, notamment de la peinture baroque, et l&rsquo;un des plus importants peintres de l&rsquo;\u00c9cole hollandaise du XVIIe\u00a0si\u00e8cle. Rembrandt a \u00e9galement r\u00e9alis\u00e9 des gravures et des dessins et est l&rsquo;un des plus importants aquafortistes de l&rsquo;histoire.<br \/>\n<\/em>16:00 \u00a0Cours Informatique<\/span><br \/>\n<span style=\"color: #003366;\"><strong><u>mercredi, 4 d\u00e9cembre 2024<br \/>\n<\/u><\/strong>08h15<strong> Form&rsquo;rando<\/strong> &#8211; 3 h de marche<em>. Rdv parking Foir Fouille.<\/em><br \/>\n09:30 <strong>Rando promenade<\/strong>, facile, 2 heures de marche<\/span><br \/>\n<span style=\"color: #003366;\">13:30 Atelier \u00ab\u00a0Art et couleur\u00a0\u00bb cours de dessin et peinture<\/span><br \/>\n<span style=\"color: #003366;\"><strong><u>jeudi, 5 d\u00e9cembre 2024<br \/>\n<\/u><\/strong>14:00 \u00a0Atelier \u00ab\u00a0Art et couleur\u00a0\u00bb cours de dessin et peinture<\/span><br \/>\n<span style=\"color: #003366;\"><strong><u>vendredi, 6 d\u00e9cembre 2024<br \/>\n<\/u><\/strong>08:30 \u00a0Randonn\u00e9e demi-journ\u00e9e N2 \u00ab\u00a0Pont de Gau\u00a0\u00bb &#8211; 13 Les Saintes Maries de la Mer<\/span><br \/>\n<span style=\"color: #003366;\">14:00 \u00a0Scrabble, jeu en Duplicate<\/span><br \/>\n<span style=\"color: #003366;\"><strong><u>dimanche, 8 d\u00e9cembre 2024<br \/>\n<\/u><\/strong>08:30 \u00a0Randonn\u00e9e Journ\u00e9e N3 \u00ab\u00a0Le sentier de la Pierre\u00a0\u00bb &#8211; 30 Castillon du Gard &#8211; <a href=\"https:\/\/docs.google.com\/forms\/d\/e\/1FAIpQLSfV-tBG5osAOZTEjUqhniUC4gMJcm5_9J_FX7VSa0MP0kRrMA\/viewform?usp=sf_link\">S&rsquo;INSCRIRE ICI<\/a><br \/>\n<\/span><\/p>\n<p style=\"text-align: justify;\"><span style=\"color: #003366;\"><strong><u>\u00a0<\/u><\/strong><strong><u>lundi, 9 d\u00e9cembre 2024<br \/>\n<\/u><\/strong>08:30\u00a0Randonn\u00e9e Journ\u00e9e N3 \u00ab\u00a0Le tour du Paradis\u00a0\u00bb 30 Aramon<\/span><br \/>\n<span style=\"color: #003366;\"><strong><u>mardi, 10 d\u00e9cembre 2024<br \/>\n<\/u><\/strong>10:45 Gym<\/span><br \/>\n<span style=\"color: #003366;\">14:00 \u00a0Conf\u00e9rence \u00ab\u00a0<strong>Les danses et la musique proven\u00e7ales<\/strong>\u00a0\u00bb Emeline Garnier &#8211; <em>La farandole et la bourr\u00e9e sont des expressions traditionnelles de Provence, caract\u00e9ris\u00e9es par des m\u00e9lodies entra\u00eenantes jou\u00e9es avec des instruments comme le galoubet-tambourin&#8230;.<br \/>\n<\/em><strong><u>mercredi, 11 d\u00e9cembre 2024<br \/>\n<\/u><\/strong>08h15<strong> Form&rsquo;rando<\/strong> &#8211; 3 h de marche<em>. Rdv parking Foir Fouille.<\/em><br \/>\n09:30<strong> Rando promenade<\/strong>, facile, 2 heures de marche<\/span><br \/>\n<span style=\"color: #003366;\">13:30Atelier \u00ab\u00a0Art et couleur\u00a0\u00bb cours de dessin et peinture<\/span><br \/>\n<span style=\"color: #003366;\"><strong><u>jeudi, 12 d\u00e9cembre 2024<br \/>\n<\/u><\/strong>10:00 SORTIE NIMES \u2013 Visite guid\u00e9e du Mus\u00e9e de la Romanit\u00e9 \u2013 Visite guid\u00e9e sur le th\u00e8me \u00ab\u00a0Les Remparts\u00a0\u00bb <em>(Journ\u00e9e avec Claire-Lise). &#8211; <\/em><span style=\"color: #ff6600;\"><a style=\"color: #ff6600;\" href=\"https:\/\/culturotheque.fr\/?p=5632\">S&rsquo;INSCRIRE ICI<\/a><\/span><em><br \/>\n<\/em>14:00 \u00a0Atelier \u00ab\u00a0Art et couleur\u00a0\u00bb cours de dessin et peinture<\/span><br \/>\n<span style=\"color: #003366;\"><strong><u>vendredi, 13 d\u00e9cembre 2024<br \/>\n<\/u><\/strong>08:30 Randonn\u00e9e demi-journ\u00e9e -(Journ\u00e9e)\u00a0 N2 \u00ab\u00a0Le jardin des agrumes\u00a0\u00bb &#8211; 30 Meynes. La randonn\u00e9e sera, pour ceux qui le d\u00e9sirent, suivi d&rsquo;un moment \u00ab\u00a0Resto\u00a0\u00bb \u00e0 Meynes\u00a0 <em>(18 \u20ac<\/em>). S&rsquo;inscrire ICI uniquement pour le repas.<\/span><br \/>\n<span style=\"color: #003366;\">14:00 \u00a0Scrabble, jeu en Duplicate<\/span><\/p>\n<p style=\"text-align: justify;\"><span style=\"color: #003366;\"><strong><u>\u00a0<\/u><\/strong><strong><u>lundi, 16 d\u00e9cembre 2024<br \/>\n<\/u><\/strong>08:30 \u00a0Randonn\u00e9e Journ\u00e9e N3 \u00ab\u00a0La Der de l&rsquo;Ann\u00e9e\u00a0\u00bb &#8211; 13 Les Baux de Provence<\/span><br \/>\n<span style=\"color: #003366;\"><strong><u>mardi, 17 d\u00e9cembre 2024<br \/>\n<\/u><\/strong>10:45 \u00a0Gym<\/span><br \/>\n<span style=\"color: #003366;\">14:00 \u00a0<strong>GOUTER DE NOEL<br \/>\n<\/strong>16:00\u00a0 Lecture Partag\u00e9e<strong> Plonger<\/strong> de <strong><em>Christophe Ono Dit biot<\/em><\/strong> (folio)<\/span><br \/>\n<span style=\"color: #003366;\"><strong><u>mercredi, 18 d\u00e9cembre 2024<br \/>\n<\/u><\/strong>08h15<strong> Form&rsquo;rando<\/strong> &#8211; 3 h de marche<em>. Rdv parking Foir Fouille.<\/em><br \/>\n09:30 <strong>Rando promenade<\/strong>, facile, 2 heures de marche<\/span><br \/>\n<span style=\"color: #003366;\">13:30 \u00a0Atelier \u00ab\u00a0Art et couleur\u00a0\u00bb cours de dessin et peinture<\/span><br \/>\n<span style=\"color: #003366;\"><strong><u>jeudi, 19 d\u00e9cembre 2024<br \/>\n<\/u><\/strong>14:00 \u00a0Atelier \u00ab\u00a0Art et couleur\u00a0\u00bb cours de dessin et peinture<\/span><\/p>\n<p><span style=\"color: #003366;\"><strong><u>\u00a0<\/u><\/strong><\/span><\/p>\n","protected":false},"excerpt":{"rendered":"<p>IMPORTANT : N&rsquo;oubliez pas de v\u00e9rifier, la veille de toute activit\u00e9, en page d&rsquo;accueil, les informations compl\u00e9mentaires.<\/p>\n","protected":false},"author":1,"featured_media":13774,"comment_status":"closed","ping_status":"closed","sticky":false,"template":"","format":"standard","meta":{"footnotes":""},"categories":[9],"tags":[],"class_list":["post-13766","post","type-post","status-publish","format-standard","has-post-thumbnail","hentry","category-programmes"],"_links":{"self":[{"href":"https:\/\/culturotheque.fr\/index.php\/wp-json\/wp\/v2\/posts\/13766","targetHints":{"allow":["GET"]}}],"collection":[{"href":"https:\/\/culturotheque.fr\/index.php\/wp-json\/wp\/v2\/posts"}],"about":[{"href":"https:\/\/culturotheque.fr\/index.php\/wp-json\/wp\/v2\/types\/post"}],"author":[{"embeddable":true,"href":"https:\/\/culturotheque.fr\/index.php\/wp-json\/wp\/v2\/users\/1"}],"replies":[{"embeddable":true,"href":"https:\/\/culturotheque.fr\/index.php\/wp-json\/wp\/v2\/comments?post=13766"}],"version-history":[{"count":13,"href":"https:\/\/culturotheque.fr\/index.php\/wp-json\/wp\/v2\/posts\/13766\/revisions"}],"predecessor-version":[{"id":14311,"href":"https:\/\/culturotheque.fr\/index.php\/wp-json\/wp\/v2\/posts\/13766\/revisions\/14311"}],"wp:featuredmedia":[{"embeddable":true,"href":"https:\/\/culturotheque.fr\/index.php\/wp-json\/wp\/v2\/media\/13774"}],"wp:attachment":[{"href":"https:\/\/culturotheque.fr\/index.php\/wp-json\/wp\/v2\/media?parent=13766"}],"wp:term":[{"taxonomy":"category","embeddable":true,"href":"https:\/\/culturotheque.fr\/index.php\/wp-json\/wp\/v2\/categories?post=13766"},{"taxonomy":"post_tag","embeddable":true,"href":"https:\/\/culturotheque.fr\/index.php\/wp-json\/wp\/v2\/tags?post=13766"}],"curies":[{"name":"wp","href":"https:\/\/api.w.org\/{rel}","templated":true}]}}