{"id":14401,"date":"2024-12-09T18:30:25","date_gmt":"2024-12-09T17:30:25","guid":{"rendered":"https:\/\/culturotheque.fr\/?p=14401"},"modified":"2024-12-09T18:59:32","modified_gmt":"2024-12-09T17:59:32","slug":"le-paradis","status":"publish","type":"post","link":"https:\/\/culturotheque.fr\/index.php\/2024\/12\/09\/le-paradis\/","title":{"rendered":"Le Paradis"},"content":{"rendered":"<p><a href=\"https:\/\/photos.app.goo.gl\/aDTtwfHFYsEfSNAfA\">Voir ici les images de notre randonn\u00e9e \u00e0 Aramon<\/a><br \/>\n<a href=\"https:\/\/photos.app.goo.gl\/69M9WvNmiLevjYaMA\">Voir ici les images de Fran\u00e7oise.<\/a><br \/>\n<!--more--><\/p>\n<p style=\"text-align: justify;\">Ce matin il fait froid et il fait du vent, un peu moins qu\u2019hier tout de m\u00eame.<br \/>\nDu parking du sentier des Capitelles \u00e0 Aramon on monte, d\u2019embl\u00e9e, \u00e0 la tour d\u2019orientation. Sur ce sentier on se r\u00e9chauffe assez vite mais le vent est omnipr\u00e9sent.<br \/>\nCela ne nous emp\u00eache pas d\u2019apercevoir de tr\u00e8s jolies capitelles\u2026 C\u2019est en 1998, que des habitants aramonais, passionn\u00e9s de vieilles pierres, ont d\u00e9cid\u00e9 de r\u00e9habiliter cet ancien sentier o\u00f9 demeuraient quelques vestiges de capitelles qui avaient servi au si\u00e8cle dernier de r\u00e9serves et d\u2019abris pour les r\u00e9coltants d\u2019olives du village. En effet, l\u2019une des cultures principales d\u2019Aramon a \u00e9t\u00e9 \u00e0 partir du X\u00e8me si\u00e8cle, l\u2019olivier dont toutes les collines environnantes \u00e9taient couvertes.<br \/>\nIl n\u2019y a plus d\u2019oliviers sur ces collines : des sentiers tr\u00e8s caillouteux et la garrigue.<br \/>\nTout de m\u00eame, en haut de la colline on a une vue spectaculaire\u2026 \u00e0 360\u00b0 sur les collines environnantes, Aramon et l\u2019ancienne chemin\u00e9e qui n\u2019est plus, les collines de la Montagnette, les Alpilles, Avignon et le Palais des Papes, Les Angles et le Rh\u00f4ne. Le Rh\u00f4ne et\u2026 m\u00eame la Durance puisque de l\u00e0 on peut apercevoir la confluence.<br \/>\nApr\u00e8s ce beau spectacle on reprend notre cheminement qui devient plus doux et de ce fait les conversations peuvent s\u2019animer\u2026 No\u00ebl arrive\u00a0!<br \/>\nMaintenant nous \u00a0prenons cette magnifique piste des Castillones qui nous donne l\u2019impression de se retrouver en haute montagne\u00a0! C\u2019est en m\u00eame temps que l\u2019on contourne le Paradis\u2026 Il vaut mieux le contourner car il peut ne pas \u00eatre aussi int\u00e9ressant que le n\u00f4tre\u00a0! En effet, en cette journ\u00e9e hivernale nous sommes tellement heureux de nous retrouver en de si jolis paysages.<br \/>\nOn visite le Four \u00e0 Chaux. On s\u2019int\u00e9resse \u00e0 son fonctionnement. Michel nous explique que c\u2019est \u00ab\u00a0Calcia\u00a0\u00bb en miniature\u00a0! Brigitte r\u00e9torque qu\u2019il manque de\u2026 de quoi d\u00e9j\u00e0\u00a0? De l\u2019argile\u00a0? Ah ces puristes\u00a0!<br \/>\nCe four \u00e0 chaux a \u00e9t\u00e9 restaur\u00e9 en 2015, il date de 1878.<br \/>\nUne petite mont\u00e9e nous r\u00e9chauffe tout \u00e0 fait\u00a0! Elle est raide celle-ci.<br \/>\nOn marche d\u2019un bon pas pour atteindre Plane d\u2019Houme puis la combe de Babau avant de nous enfoncer dans une for\u00eat o\u00f9 le vent n\u2019a pas d\u2019emprise et o\u00f9 l\u2019on peut s\u2019installer au soleil pour notre repas\u2026 Succulent repas\u00a0: les friandises de no\u00ebl sont pr\u00e9sentes\u00a0!<br \/>\nUne petite route nous am\u00e8ne \u00e0 la Source de D\u00e8ve.<br \/>\nUn coin de Paradis o\u00f9 pour d\u2019autre l\u2019image d\u2019un Lucus ! \u00a0Un Lucus est un bois sacr\u00e9, la r\u00e9sidence de dieux sauvages et indomptables comme le Dieu Faune.<br \/>\nUn repaire de b\u00eates sauvages ? Oui, c\u2019est peut-\u00eatre\u00a0 la raison qu\u2019en le quittant on peut avoir peur des bisous\u2026 d\u2019un cheval !<br \/>\nOn s\u2019enfonce dans de jolis bois aux sentiers \u00e9troits et profonds. On est bien, il y a longtemps que les vestes sont tomb\u00e9es et que l\u2019ambiance est conviviale. Pourtant on marche\u00a0!<br \/>\nOn marche dans des combes profondes o\u00f9 le vent se calme avant de nous \u00e9lever pour traverser la colline de la B\u00e9arnaise. (<em>Mais il y a bien longtemps que la sauce a pris au sein de notre joyeux groupe\u00a0!<\/em>) et de redescendre sur une pente raide et pierri\u00e8re vers Masse B\u0153uf.<br \/>\nLes sentiers certes \u00e9taient un peu difficiles, et nous sommes un peu fatigu\u00e9s quand m\u00eame : marcher sur les cailloux n\u2019est pas de tout repos ! Mais l\u2019amiti\u00e9, la bonne entente et les grands fous rires \u00e9taient une fois de plus les gagnants de la journ\u00e9e.<br \/>\n<span style=\"text-decoration: underline;\"><strong>Cotation\u00a0:<\/strong><\/span> JN2 \u2013 13 km \u2013 283 m de d\u00e9nivel\u00e9.<\/p>\n","protected":false},"excerpt":{"rendered":"<p>Voir ici les images de notre randonn\u00e9e \u00e0 Aramon Voir ici les images de Fran\u00e7oise.<\/p>\n","protected":false},"author":1,"featured_media":14404,"comment_status":"closed","ping_status":"closed","sticky":false,"template":"","format":"standard","meta":{"footnotes":""},"categories":[4],"tags":[],"class_list":["post-14401","post","type-post","status-publish","format-standard","has-post-thumbnail","hentry","category-randonnees"],"_links":{"self":[{"href":"https:\/\/culturotheque.fr\/index.php\/wp-json\/wp\/v2\/posts\/14401","targetHints":{"allow":["GET"]}}],"collection":[{"href":"https:\/\/culturotheque.fr\/index.php\/wp-json\/wp\/v2\/posts"}],"about":[{"href":"https:\/\/culturotheque.fr\/index.php\/wp-json\/wp\/v2\/types\/post"}],"author":[{"embeddable":true,"href":"https:\/\/culturotheque.fr\/index.php\/wp-json\/wp\/v2\/users\/1"}],"replies":[{"embeddable":true,"href":"https:\/\/culturotheque.fr\/index.php\/wp-json\/wp\/v2\/comments?post=14401"}],"version-history":[{"count":2,"href":"https:\/\/culturotheque.fr\/index.php\/wp-json\/wp\/v2\/posts\/14401\/revisions"}],"predecessor-version":[{"id":14403,"href":"https:\/\/culturotheque.fr\/index.php\/wp-json\/wp\/v2\/posts\/14401\/revisions\/14403"}],"wp:featuredmedia":[{"embeddable":true,"href":"https:\/\/culturotheque.fr\/index.php\/wp-json\/wp\/v2\/media\/14404"}],"wp:attachment":[{"href":"https:\/\/culturotheque.fr\/index.php\/wp-json\/wp\/v2\/media?parent=14401"}],"wp:term":[{"taxonomy":"category","embeddable":true,"href":"https:\/\/culturotheque.fr\/index.php\/wp-json\/wp\/v2\/categories?post=14401"},{"taxonomy":"post_tag","embeddable":true,"href":"https:\/\/culturotheque.fr\/index.php\/wp-json\/wp\/v2\/tags?post=14401"}],"curies":[{"name":"wp","href":"https:\/\/api.w.org\/{rel}","templated":true}]}}