{"id":14425,"date":"2024-12-11T16:38:18","date_gmt":"2024-12-11T15:38:18","guid":{"rendered":"https:\/\/culturotheque.fr\/?p=14425"},"modified":"2024-12-11T16:52:17","modified_gmt":"2024-12-11T15:52:17","slug":"un-mariage-heureux","status":"publish","type":"post","link":"https:\/\/culturotheque.fr\/index.php\/2024\/12\/11\/un-mariage-heureux\/","title":{"rendered":"Un mariage heureux !"},"content":{"rendered":"<p style=\"text-align: justify;\">La Rando \u00ab\u00a0promenade\u00a0\u00bb et la \u00ab\u00a0Forme\u00a0\u00bb rando\u00a0: un mariage heureux\u00a0!<br \/>\nTous les mercredis matins 2 rendez-vous, l\u2019un \u00e0 08h15 sur le parking de la Foir\u2019Fouille \u00e0 Beaucaire, l\u2019autre \u00e0 09h30 au rdv habituel, parking des Ar\u00e8nes, toujours \u00e0 Beaucaire.<br \/>\n<!--more-->Un groupe part donc plus t\u00f4t\u2026 et la cadence s\u2019acc\u00e9l\u00e8re assez vite, jusqu\u2019\u00e0, retrouver l\u2019autre groupe qui d\u00e9marre plus en douceur (<em>quoique\u00a0!<\/em>). Le bonheur de marcher un moment ensemble est ind\u00e9niable\u2026 C\u2019est une joie sans pareille de se retrouver\u2026 quelquefois sur la Voie Verte (<em>laquelle\u00a0?),<\/em> quelquefois au bord du Rh\u00f4ne.<br \/>\nLe rendez-vous de la Rando \u00ab\u00a0promenade\u00a0\u00bb est ancien\u2026<br \/>\nCela fait plus d\u2019une dizaine d\u2019ann\u00e9e que Betty am\u00e8ne ses \u00ab\u00a0troupes\u00a0\u00bb.<br \/>\nEn g\u00e9n\u00e9ral des anciens randonneurs qui ne suivent plus les randonn\u00e9es habituelles, quelques bless\u00e9s ou simplement des personnes qui appr\u00e9hendent de marcher\u00a0: commencer par la Rando \u00ab\u00a0promenade\u00a0\u00bb les rassure, les encourage et, comme ils ne peuvent plus se passer de la bonne ambiance de La Culturoth\u00e8que, rejoignent ainsi les randonn\u00e9es du vendredi\u00a0qui sont sur des chemins sans cesse diff\u00e9rents et qui permettent de v\u00e9ritables explorations !<br \/>\nSans compter qu\u2019un seul rdv par semaine n\u2019est pas suffisant, 2 c\u2019est mieux.<br \/>\nPour les adeptes de la \u00ab\u00a0Forme\u00a0\u00bb rando c\u2019est pareil.<br \/>\nLes randonn\u00e9es du lundi sont de v\u00e9ritables d\u00e9couvertes, il y a toujours un point culturel, de belles histoires dans l\u2019histoire, un site \u00e9poustouflant\u00a0: cette randonn\u00e9e du lundi est faite pour les curieux, ceux qui veulent d\u00e9couvrir la r\u00e9gion et pour cela, on a rien trouv\u00e9 de mieux que de marcher.<br \/>\nLe lundi c\u2019est une v\u00e9ritable randonn\u00e9e de groupe qui est au programme avec ceux qui vont plus vite et ceux qui vont plus lentement. Comme il y a des choses \u00e0 voir ce n\u2019est pas g\u00eanant du tout et puis\u2026 que dire de l\u2019ambiance\u00a0!<br \/>\nC\u2019est connu dans tous les groupe de randonneurs les amiti\u00e9s se lient tr\u00e8s vite.<br \/>\nMais pour les randonneurs du lundi aussi, une fois par semaine c\u2019est bien, mais 2 c\u2019est mieux\u00a0!<br \/>\nCette ann\u00e9e on a donc cr\u00e9\u00e9 la \u00ab\u00a0Forme\u00a0\u00bb rando.<br \/>\nDe 8h15 \u00e0 11h15 on marche autour de Beaucaire, sur des chemins diff\u00e9rents et le but est de rejoindre le groupe de la Rando \u00ab\u00a0promenade\u00a0\u00bb, de marcher un moment avec tous les amis de ce groupe et, puis\u2026 de se s\u00e9parer pour continuer chacun son rythme.<br \/>\n2 h de marche pour environ 6 km.<br \/>\n3 h de marche pour environ 12 km.<br \/>\nL\u2019un ou l\u2019autre des rendez-vous correspond \u00e0 la demande car, dans un groupe on a le droit de marcher le plus lentement possible, dans l\u2019autre d\u2019aller aussi vite que l\u2019on a envie\u00a0!<br \/>\nEt vous de quel groupe \u00eates-vous\u00a0?<br \/>\nDe La Culturoth\u00e8que pardi\u00a0!&#8230;Puisque \u00e0 la Culturoth\u00e8que on trouve son bonheur dans tous les groupes.<\/p>\n","protected":false},"excerpt":{"rendered":"<p>La Rando \u00ab\u00a0promenade\u00a0\u00bb et la \u00ab\u00a0Forme\u00a0\u00bb rando\u00a0: un mariage heureux\u00a0! Tous les mercredis matins 2 rendez-vous, l\u2019un \u00e0 08h15 sur le parking de la Foir\u2019Fouille \u00e0 Beaucaire, l\u2019autre \u00e0 09h30 au rdv habituel, parking des Ar\u00e8nes, toujours \u00e0 Beaucaire.<\/p>\n","protected":false},"author":1,"featured_media":14428,"comment_status":"closed","ping_status":"closed","sticky":false,"template":"","format":"standard","meta":{"footnotes":""},"categories":[4],"tags":[],"class_list":["post-14425","post","type-post","status-publish","format-standard","has-post-thumbnail","hentry","category-randonnees"],"_links":{"self":[{"href":"https:\/\/culturotheque.fr\/index.php\/wp-json\/wp\/v2\/posts\/14425","targetHints":{"allow":["GET"]}}],"collection":[{"href":"https:\/\/culturotheque.fr\/index.php\/wp-json\/wp\/v2\/posts"}],"about":[{"href":"https:\/\/culturotheque.fr\/index.php\/wp-json\/wp\/v2\/types\/post"}],"author":[{"embeddable":true,"href":"https:\/\/culturotheque.fr\/index.php\/wp-json\/wp\/v2\/users\/1"}],"replies":[{"embeddable":true,"href":"https:\/\/culturotheque.fr\/index.php\/wp-json\/wp\/v2\/comments?post=14425"}],"version-history":[{"count":1,"href":"https:\/\/culturotheque.fr\/index.php\/wp-json\/wp\/v2\/posts\/14425\/revisions"}],"predecessor-version":[{"id":14426,"href":"https:\/\/culturotheque.fr\/index.php\/wp-json\/wp\/v2\/posts\/14425\/revisions\/14426"}],"wp:featuredmedia":[{"embeddable":true,"href":"https:\/\/culturotheque.fr\/index.php\/wp-json\/wp\/v2\/media\/14428"}],"wp:attachment":[{"href":"https:\/\/culturotheque.fr\/index.php\/wp-json\/wp\/v2\/media?parent=14425"}],"wp:term":[{"taxonomy":"category","embeddable":true,"href":"https:\/\/culturotheque.fr\/index.php\/wp-json\/wp\/v2\/categories?post=14425"},{"taxonomy":"post_tag","embeddable":true,"href":"https:\/\/culturotheque.fr\/index.php\/wp-json\/wp\/v2\/tags?post=14425"}],"curies":[{"name":"wp","href":"https:\/\/api.w.org\/{rel}","templated":true}]}}