{"id":14431,"date":"2024-12-12T18:31:21","date_gmt":"2024-12-12T17:31:21","guid":{"rendered":"https:\/\/culturotheque.fr\/?p=14431"},"modified":"2024-12-15T18:38:00","modified_gmt":"2024-12-15T17:38:00","slug":"nimes-visite-guidee-du-musee-de-la-romanite-visite-guidee-sur-le-theme-des-remparts","status":"publish","type":"post","link":"https:\/\/culturotheque.fr\/index.php\/2024\/12\/12\/nimes-visite-guidee-du-musee-de-la-romanite-visite-guidee-sur-le-theme-des-remparts\/","title":{"rendered":"NIMES : visite guid\u00e9e du mus\u00e9e de la Romanit\u00e9 + visite guid\u00e9e sur le th\u00e8me des Remparts"},"content":{"rendered":"<p><a href=\"https:\/\/photos.app.goo.gl\/2u4D8v1Khz6rS8or9\">Voir ici des photos concernant notre visite guid\u00e9e de N\u00eemes<\/a><br \/>\n<!--more--><\/p>\n<p style=\"text-align: justify;\">Il fait un peu froid mais cette belle journ\u00e9e ensoleill\u00e9e nous promet de belles surprises.<br \/>\nComme convenu on retrouve Claire-Lise devant le mus\u00e9e de la Romanit\u00e9, le temps des formalit\u00e9s et nous nous retrouvons dans les jardins du mus\u00e9e pour d\u00e9couvrir le fil conducteur de la visite du jour\u00a0: les remparts de N\u00eemes.<br \/>\nC\u2019est s\u00fbr que l\u2019on va parler de pierres, mais on le sait, avec Claire-Lise on n\u2019est pas au bout de nos surprises\u00a0!<br \/>\nOn conna\u00eet <em>(un peu)<\/em> l\u2019\u00e9cusson, mais savait-on que les Romains avaient construits une enceinte beaucoup plus grande\u00a0?<br \/>\nIl s\u2019agissait d\u2019une figure irr\u00e9guli\u00e8re, apparente dans les tout premiers plans de N\u00eemes du Mont Duplan d\u2019un c\u00f4t\u00e9 \u00e0 Montaury de l\u2019autre et se d\u00e9veloppant vers la plaine\u2026 Elle faisait 6 km et cette fortification constituait la plus grande construction antique connue \u00e0 ce jour dans la ville : en effet, pr\u00e8s de 130 000 tonnes de pierres ont \u00e9t\u00e9 n\u00e9cessaires \u00e0 sa r\u00e9alisation, provenant essentiellement des carri\u00e8res toutes proches, dites de <em>Roquemaill\u00e8re<\/em>. Seuls les chapiteaux de la porte d&rsquo;Auguste, et vraisemblablement d&rsquo;autres parties d\u00e9cor\u00e9es, aujourd&rsquo;hui disparues, ont n\u00e9cessit\u00e9 l&#8217;emploi de la pierre des Lens, extraite de carri\u00e8res situ\u00e9es \u00e0 une vingtaine de kilom\u00e8tres \u00e0 l&rsquo;ouest de la ville o\u00f9 Mich\u00e8le nous am\u00e8nera randonner, c\u2019est promis.<br \/>\nCe rempart \u00e9tait haut, 9 m peut-\u00eatre, il y avait des tours (<em>\u00e0 peu pr\u00e8s 80<\/em>), une courtine, des portes\u2026 Sa m\u00e9daille, la Tour Magne.<br \/>\nLa Porte de France en est un point remarquable. Au Moyen \u00c2ge elle \u00e9tait connue alors sous le nom de Porta-Spana, et son nom trouve son origine dans la visite \u00e0 la ville qu\u2019a fait Louis XIV, en janvier 1660. Le roi arrivant \u00e0 la porte couverte o\u00f9 l&rsquo;on y avait inscrit plusieurs fois sur l&rsquo;attique \u00ab <em>Vive pour l&rsquo;\u00e9ternit\u00e9, le roi de France<\/em> \u00bb, ces inscriptions ont surv\u00e9cu au passage du roi mais c\u2019est le simple mot de fin qui a \u00e9t\u00e9 adopt\u00e9 par la population pour caract\u00e9riser le lieu\u2026<br \/>\nDes surprises de ce genre on va en avoir\u00a0!<br \/>\nLa visite du mus\u00e9e est tr\u00e8s dynamique, on peut utiliser les outils p\u00e9dagogiques pour imager les propos de Claire-Lise qui conna\u00eet N\u00eemes avec tous ses recoins, ses histoires et tous ses b\u00e2timents.<br \/>\nCela fait plusieurs fois qu\u2019on visite le mus\u00e9e avec Claire-Lise, mais ce n\u2019est jamais les m\u00eames salles, la m\u00eame histoire\u2026 Ce mus\u00e9e rec\u00e8le des tr\u00e9sors. Claire-Lise nous les d\u00e9voile.<br \/>\nApr\u00e8s de d\u00e9licieux d\u00e9jeuners <em>(chacun s\u2019\u00e9tant \u00e9parpill\u00e9 dans son restaurant pr\u00e9f\u00e9r\u00e9\u00a0!)<\/em>, on se retrouve, au soleil sur le parvis des Ar\u00e8nes o\u00f9 l\u2019histoire de N\u00eemes \u00e0 sa p\u00e9riode august\u00e9enne et au moyen-\u00e2ge nous est d\u00e9voil\u00e9\u00a0: sur les pierres des Ar\u00e8nes, aux angles des rues\u2026 Et l\u2019aventure se poursuit dans les sous-sols du Palais-de-Justice\u00a0!<br \/>\nSommes-nous en infraction\u00a0? \u00a0Arr\u00eat\u00e9s pour \u00eatre trop curieux\u00a0?<br \/>\nLorsqu\u2019on parle d\u2019aventure \u00e0 La Culturoth\u00e8que\u2026 C\u2019est de l\u2019aventure\u00a0!<br \/>\nUne vraiment bien belle et enrichissante journ\u00e9e\u00a0!<\/p>\n","protected":false},"excerpt":{"rendered":"<p>Voir ici des photos concernant notre visite guid\u00e9e de N\u00eemes<\/p>\n","protected":false},"author":1,"featured_media":14472,"comment_status":"closed","ping_status":"closed","sticky":false,"template":"","format":"standard","meta":{"footnotes":""},"categories":[7],"tags":[],"class_list":["post-14431","post","type-post","status-publish","format-standard","has-post-thumbnail","hentry","category-sorties"],"_links":{"self":[{"href":"https:\/\/culturotheque.fr\/index.php\/wp-json\/wp\/v2\/posts\/14431","targetHints":{"allow":["GET"]}}],"collection":[{"href":"https:\/\/culturotheque.fr\/index.php\/wp-json\/wp\/v2\/posts"}],"about":[{"href":"https:\/\/culturotheque.fr\/index.php\/wp-json\/wp\/v2\/types\/post"}],"author":[{"embeddable":true,"href":"https:\/\/culturotheque.fr\/index.php\/wp-json\/wp\/v2\/users\/1"}],"replies":[{"embeddable":true,"href":"https:\/\/culturotheque.fr\/index.php\/wp-json\/wp\/v2\/comments?post=14431"}],"version-history":[{"count":4,"href":"https:\/\/culturotheque.fr\/index.php\/wp-json\/wp\/v2\/posts\/14431\/revisions"}],"predecessor-version":[{"id":14471,"href":"https:\/\/culturotheque.fr\/index.php\/wp-json\/wp\/v2\/posts\/14431\/revisions\/14471"}],"wp:featuredmedia":[{"embeddable":true,"href":"https:\/\/culturotheque.fr\/index.php\/wp-json\/wp\/v2\/media\/14472"}],"wp:attachment":[{"href":"https:\/\/culturotheque.fr\/index.php\/wp-json\/wp\/v2\/media?parent=14431"}],"wp:term":[{"taxonomy":"category","embeddable":true,"href":"https:\/\/culturotheque.fr\/index.php\/wp-json\/wp\/v2\/categories?post=14431"},{"taxonomy":"post_tag","embeddable":true,"href":"https:\/\/culturotheque.fr\/index.php\/wp-json\/wp\/v2\/tags?post=14431"}],"curies":[{"name":"wp","href":"https:\/\/api.w.org\/{rel}","templated":true}]}}