{"id":14741,"date":"2025-02-17T18:01:50","date_gmt":"2025-02-17T17:01:50","guid":{"rendered":"https:\/\/culturotheque.fr\/?p=14741"},"modified":"2025-02-25T09:39:01","modified_gmt":"2025-02-25T08:39:01","slug":"le-memorial-des-vaudois","status":"publish","type":"post","link":"https:\/\/culturotheque.fr\/index.php\/2025\/02\/17\/le-memorial-des-vaudois\/","title":{"rendered":"Le m\u00e9morial des Vaudois"},"content":{"rendered":"<p><a href=\"https:\/\/photos.app.goo.gl\/v1tKfUtkkgckTQ9s5\">Voir ici les photos de notre randonn\u00e9e \u00e0 M\u00e9rindol<\/a><br \/>\n<a href=\"https:\/\/photos.app.goo.gl\/b9TnAAdRTzTPcirH8\">Voir ici les photos de Fran\u00e7oise<\/a><br \/>\n<a href=\"https:\/\/photos.app.goo.gl\/Fk9K7jQW7fggtyhb6\">Voir ici les photos de Sylvie<\/a><!--more--><\/p>\n<p style=\"text-align: justify;\">Nous sommes motiv\u00e9s car nous pensons bien avoir du soleil, sans vent cette fois-ci, pour cette balade dans le Luberon que nous aimons tous.<br \/>\nAujourd\u2019hui nous partons de M\u00e9rindol.<br \/>\nNous cheminons dans les ruelles du vieux bourg : le moulin \u00e0 huile, le temple, l&rsquo;\u00e9glise&#8230;<br \/>\nPuis nous prenons la direction du mus\u00e9e de la Muse.<br \/>\nL\u00e0 nous avons une premi\u00e8re approche de l&rsquo;histoire des Vaudois.<br \/>\nNous prenons ensuite le Coulet des Magnans, puis le joli chemin du Maou Traou pour rejoindre une piste foresti\u00e8re qui nous emm\u00e8ne \u00e0 la maison foresti\u00e8re de la Font de l\u2019Orme o\u00f9 nous faisons un petit tour dans l\u2019Arboretum.<br \/>\nDes panneaux sont \u00e0 notre disposition pour comprendre la vie dans la for\u00eat domaniale du Luberon.<br \/>\nA partir d\u2019une jolie fontaine on suit le GR qui monte vers la Crau des plaines.<br \/>\nLe p\u00e2turage dans les craux remonte \u00e0 la nuit des temps ! \u00a0De nombreux troupeaux permettaient de maintenir des habitats pour un floril\u00e8ge d\u2019esp\u00e8ces v\u00e9g\u00e9tales et animales. Romarin, iris nain des garrigues mais aussi de nombreuses esp\u00e8ces d\u2019insectes jusqu\u2019aux rapaces cohabitent sur ces \u00e9tendues. Aujourd\u2019hui le site s\u2019est transform\u00e9 en garrigues qui sont des formations v\u00e9g\u00e9tales qui proviennent de la d\u00e9gradation de la for\u00eat m\u00e9diterran\u00e9enne, ici peut-\u00eatre par surp\u00e2turage. La flore sp\u00e9cifique de la garrigue (<em>romarins, ch\u00eanes kerm\u00e8s, cistes cotonneux&#8230;)<\/em> peut supporter une aridit\u00e9 extr\u00eame en saison estivale et poss\u00e8de une grande richesse \u00e9cologique.<br \/>\nNous visitons les ruines qui devaient \u00eatre en leur temps une magnifique b\u00e2tisse, et qui t\u00e9moignent de l&rsquo;anciennet\u00e9 de l&rsquo;activit\u00e9 pastorale et agricole sur ce plateau.<br \/>\nNous poursuivons jusqu\u2019\u00e0 Sadaillan, un peu plus haut nous nous posons pour notre repas.<br \/>\nLes chocolats, g\u00e2teaux \u00e0 la pistache et guimauves p\u00e8seront lourd \u00e0 la mont\u00e9e, croyez-nous\u00a0!<br \/>\nLa r\u00e9compense nous l\u2019avons au sommet du Vallon Bernard ! Quelle vue ! Que de paysages grandioses !<br \/>\nLes paysages s\u2019\u00e9largissent \u00e9galement \u00e0 la descente.<br \/>\nStop\u00a0! N\u2019entendez-vous rien\u00a0?<br \/>\nNous admirons durant quelques minutes un vol de grues cendr\u00e9es (<em>peut-\u00eatre pourrez vous les apercevoir sur les photos\u00a0?<\/em>).<br \/>\nOn a le village de M\u00e9rindol en ligne de mire lorsqu\u2019on se rend compte qu\u2019il faut remonter pour aller visiter le Vieux M\u00e9rindol.<br \/>\nIci un castum avec son village avait \u00e9t\u00e9 construit au d\u00e9but du XIIe \u00a0sur les contreforts du mont Luberon et qui dominait la vall\u00e9e de la Durance. La peste du milieu du XIVe si\u00e8cle ravage le village et le ch\u00e2teau est aussi abandonn\u00e9.<br \/>\nEn 1504 un seigneur-\u00e9v\u00eaque s\u2019y installe avec 12 chefs de famille de Vaudois qui pratiquent le culte de l\u2019Eglise Vaudoise.<br \/>\nLa population prosp\u00e8re mais en 1545 a lieu le \u00ab\u00a0sac de M\u00e9rindol\u00a0\u00bb, \u00e9v\u00e8nement tragique qui voit l\u2019ex\u00e9cution de nombreux habitants sur ordre royal et le d\u00e9mant\u00e8lement de la forteresse par les troupes fran\u00e7aises.<br \/>\nEn effet, \u00a0\u00e0 la suite d&rsquo;une enqu\u00eate ordonn\u00e9e par Fran\u00e7ois I<sup>er<\/sup>. Les \u00ab\u00a0vaudois\u00a0\u00bb rest\u00e9s sur place sont tu\u00e9s ou envoy\u00e9s aux gal\u00e8res, les femmes sont viol\u00e9es et les biens confisqu\u00e9s. Seules quelques familles parviennent \u00e0 s&rsquo;enfuir et \u00e0 gagner Gen\u00e8ve.<br \/>\nLe sac de M\u00e9rindol a eu un retentissement europ\u00e9en, notamment aupr\u00e8s des princes protestants. \u00c0 la suite de cet \u00e9pisode, l&rsquo;ensemble (<em>vieux castrum et nouveau village en plaine<\/em>) est donn\u00e9 par Fran\u00e7ois I<sup>er<\/sup> au capitaine des gal\u00e8res Antoine de Cabassole du R\u00e9al. \u00a0Mais, profitant de son absence, la population restante s&rsquo;est empar\u00e9e \u00a0de la place forte et a d\u00e9cim\u00e9 la garnison.<br \/>\nPar la suite le village se repeuple plus bas mais le ch\u00e2teau n\u2019est pas reconstruit.<br \/>\nC\u2019est sur cet emplacement, dans les ruines du ch\u00e2teau, qu\u2019un \u00a0m\u00e9morial vaudois est inaugur\u00e9 en 1978, \u00e0 l\u2019initiative de trois associations vaudoises d&rsquo;Allemagne, d&rsquo;Italie et de France. Il rappelle ceci\u00a0: \u00ab\u00a0<em>Aux protestants de Provence, beaucoup sont morts d&rsquo;\u00eatre vaudois, d&rsquo;une branche de l&rsquo;\u00e9glise cr\u00e9\u00e9e en 1170 par Vald\u00e8s et rattach\u00e9e \u00e0 l&rsquo;\u00e9glise r\u00e9form\u00e9e en 1532\u00a0<\/em>\u00bb.<br \/>\nNous apprenons toute cette histoire qui nous touche\u2026<br \/>\nOn redescend dans M\u00e9rindol par un joli\u00a0 \u00ab\u00a0chemin-escalier\u00a0\u00bb avant de reprendre la voiture les yeux pleins des belles images de la journ\u00e9e\u00a0!<br \/>\n<span style=\"text-decoration: underline;\"><strong>Cotation\u00a0:<\/strong><\/span> 11.5 km \u2013 229 m de d\u00e9nivel\u00e9.<\/p>\n","protected":false},"excerpt":{"rendered":"<p>Voir ici les photos de notre randonn\u00e9e \u00e0 M\u00e9rindol Voir ici les photos de Fran\u00e7oise Voir ici les photos de Sylvie<\/p>\n","protected":false},"author":1,"featured_media":14750,"comment_status":"closed","ping_status":"closed","sticky":false,"template":"","format":"standard","meta":{"footnotes":""},"categories":[4],"tags":[],"class_list":["post-14741","post","type-post","status-publish","format-standard","has-post-thumbnail","hentry","category-randonnees"],"_links":{"self":[{"href":"https:\/\/culturotheque.fr\/index.php\/wp-json\/wp\/v2\/posts\/14741","targetHints":{"allow":["GET"]}}],"collection":[{"href":"https:\/\/culturotheque.fr\/index.php\/wp-json\/wp\/v2\/posts"}],"about":[{"href":"https:\/\/culturotheque.fr\/index.php\/wp-json\/wp\/v2\/types\/post"}],"author":[{"embeddable":true,"href":"https:\/\/culturotheque.fr\/index.php\/wp-json\/wp\/v2\/users\/1"}],"replies":[{"embeddable":true,"href":"https:\/\/culturotheque.fr\/index.php\/wp-json\/wp\/v2\/comments?post=14741"}],"version-history":[{"count":6,"href":"https:\/\/culturotheque.fr\/index.php\/wp-json\/wp\/v2\/posts\/14741\/revisions"}],"predecessor-version":[{"id":14795,"href":"https:\/\/culturotheque.fr\/index.php\/wp-json\/wp\/v2\/posts\/14741\/revisions\/14795"}],"wp:featuredmedia":[{"embeddable":true,"href":"https:\/\/culturotheque.fr\/index.php\/wp-json\/wp\/v2\/media\/14750"}],"wp:attachment":[{"href":"https:\/\/culturotheque.fr\/index.php\/wp-json\/wp\/v2\/media?parent=14741"}],"wp:term":[{"taxonomy":"category","embeddable":true,"href":"https:\/\/culturotheque.fr\/index.php\/wp-json\/wp\/v2\/categories?post=14741"},{"taxonomy":"post_tag","embeddable":true,"href":"https:\/\/culturotheque.fr\/index.php\/wp-json\/wp\/v2\/tags?post=14741"}],"curies":[{"name":"wp","href":"https:\/\/api.w.org\/{rel}","templated":true}]}}