{"id":14897,"date":"2025-03-13T08:53:22","date_gmt":"2025-03-13T07:53:22","guid":{"rendered":"https:\/\/culturotheque.fr\/?p=14897"},"modified":"2025-03-14T09:05:17","modified_gmt":"2025-03-14T08:05:17","slug":"marseille-visite-guidee-du-mucem-visite-guidee-du-musee-dhistoire-de-marseille","status":"publish","type":"post","link":"https:\/\/culturotheque.fr\/index.php\/2025\/03\/13\/marseille-visite-guidee-du-mucem-visite-guidee-du-musee-dhistoire-de-marseille\/","title":{"rendered":"Marseille (visite guid\u00e9e du Mucem  + visite guid\u00e9e du Mus\u00e9e d&rsquo;histoire de Marseille)"},"content":{"rendered":"<p><a href=\"https:\/\/photos.app.goo.gl\/rhNySJGB2fmkxtXr5\">Voir ici quelques photos de notre journ\u00e9e \u00e0 Marseille.<\/a><\/p>\n<p><!--more--><\/p>\n<p style=\"text-align: justify;\">Le Mucem f\u00eate ses 10 ans. L\u2019occasion est donc belle de revenir sur son histoire.<br \/>\nSes origines remontent au XIXe si\u00e8cle et ses collections sont les h\u00e9riti\u00e8res directes de celles des mus\u00e9es d\u2019Ethnographie, de l\u2019Homme et celui des Arts et traditions populaires, le tout \u00e0 Paris. \u00a0 Il g\u00e8re aujourd\u2019hui une collection plurielle et originale, compos\u00e9e notamment de plus de 250\u00a0000 objets, 350\u00a0000 photographies, 200\u00a0000 affiches, estampes et cartes postales, 150\u00a0000 ouvrages, qu\u2019il continue \u00e0 enrichir par une politique d\u2019acquisition ouverte aux th\u00e9matiques m\u00e9diterran\u00e9ennes, du n\u00e9olithique \u00e0 l\u2019art contemporain.<br \/>\nBien s\u00fbr nous ne voyons pas tout\u00a0!<br \/>\nDeux groupes sont constitu\u00e9s, l\u2019un part avec Maria qui leur fait d\u00e9couvrir l\u2019histoire du Mucem, l\u2019exposition \u00ab populaire \u00bb et verront ainsi comment les objets parlent de la soci\u00e9t\u00e9 dans laquelle ils ont \u00e9t\u00e9 produits et puis ils s\u2019int\u00e9resseront \u00e0 l\u2019architecture du nouveau b\u00e2timent construit sur l\u2019ancien m\u00f4le portuaire du J4 par l\u2019architecte Rudy Ricciotti associ\u00e9 \u00e0 Roland Carta, c\u2019est l\u00e0 que se trouve le \u00a0c\u0153ur du Mucem. Ensuite ce sera\u00a0 l\u2019histoire et l\u2019architecture du Fort St Jean qui sera mis en valeur.<br \/>\nPour ceux qui partent avec Julia, le programme est le m\u00eame mais ils visitent l\u2019exposition \u00ab\u00a0M\u00e9diterran\u00e9e\u00a0\u00bb en d\u00e9couvrant comment l\u2019histoire des arts et l\u2019ethnologie ont contribu\u00e9 \u00e0 cr\u00e9er des \u00ab\u00a0images\u00a0\u00bb de la M\u00e9diterran\u00e9e, toutes relatives et toutes construites.<br \/>\nOn d\u00e9ambule donc dans ces expositions en tirant nombre r\u00e9flexions sur l\u2019histoire des hommes du pourtour m\u00e9diterran\u00e9en.<br \/>\nOn prend les coursives ext\u00e9rieures nous faisant appr\u00e9cier le \u00ab moucharabi\u00e9 \u00bb \u00a0qui nous permet d\u2019atteindre la terrasse panoramique. La vue est \u00e0 360\u00b0 et tout nous interpelle.<br \/>\nOn prend la passerelle qui nous am\u00e8ne au Fort St Jean, dont les origines remontent au XIIe si\u00e8cle. A nouveau les panoramas sont spectaculaires.<br \/>\nOn d\u00e9couvre ensuite, pour certains un jardin m\u00e9diterran\u00e9en, un chemin de ronde avec \u00e0 nouveau de magnifiques panoramas sur la ville et sur la mer\u2026 Certains prennent l\u2019autre passerelle pour se diriger vers le Panier, d\u2019autres s\u2019int\u00e9ressent aux nombreuses terrasses, galeries, tours du Fort St Jean avant d\u2019aller prendre un repas bien m\u00e9rit\u00e9 autour du Vieux Port.<br \/>\nLa tristesse est grande de voir tous ces restaurants vides\u00a0!<br \/>\nOn a le temps de visiter les alentours avant de rejoindre notre rdv suivant. Prendre le Ferry Boat (<em>maintenant \u00e9lectrique<\/em>), voir l\u2019Ombri\u00e8re, v\u00e9rifier que les bateaux sont bien \u00e0 l\u2019arr\u00eat\u2026 L\u2019\u00e9glise des Accoules la plus ancienne de Marseille, d\u00e9couvrir le Panier et m\u00eame se retrouver en compagnie d\u2019Artistes de Plus Belle la Vie, avant de faire du shopping dans le Centre Bourse !<br \/>\nC\u2019est Odile qui nous entra\u00eene dans l\u2019histoire de la fondation de Marsielle, vers 600 av. J-C. Nous sommes au mus\u00e9e d\u2019Histoire de Marseille et nous r\u00e9visons (<em>pour ceux qui \u00e9taient \u00e0 la conf\u00e9rence sur \u00ab\u00a0le Tr\u00e9sor des Marseillais\u00a0\u00bb<\/em>) comment des habitants de Phocie (<em>du mot phoque<\/em>) ont\u00a0 utilis\u00e9 la position favorable du site, \u00e0 l\u2019abri des vents dominants, la protection des \u00eeles du Frioul et la proximit\u00e9 du Rh\u00f4ne pour commercer avec les Gaulois\u2026 Les vestiges des bateaux <em>(les pant\u00e9cont\u00e8res) <\/em>qui transportaient divers produits comme le vin, \u00a0les c\u00e9ramiques, l\u2019huile \u00e0 \u00e9changer contre \u00a0l\u2019\u00e9tain et d\u2019autres m\u00e9taux, sont impressionnants.<br \/>\nLe mythe de la fondation de Marseille et la l\u00e9gende de Gyptis et Pr\u00f4tis, le d\u00e9veloppement de la ville-port, la culture massali\u00e8te\u2026 de Massalia \u00e0 Massilia, ville romaine on se prom\u00e8ne dans ce mus\u00e9e qui nous offre de nombreuses maquettes ou panneaux d\u2019images reconstitu\u00e9es o\u00f9 notre imaginaire peut se replonger dans cette ville d\u2019autrefois\u2026<br \/>\nLa journ\u00e9e passe tr\u00e8s vite, trop vite, et le retour, dans le bus, est \u00e0 l\u2019unisson : chacun de se replonger dans toutes les belles d\u00e9couvertes de la journ\u00e9e.<\/p>\n","protected":false},"excerpt":{"rendered":"<p>Voir ici quelques photos de notre journ\u00e9e \u00e0 Marseille.<\/p>\n","protected":false},"author":1,"featured_media":14901,"comment_status":"closed","ping_status":"closed","sticky":false,"template":"","format":"standard","meta":{"footnotes":""},"categories":[7],"tags":[],"class_list":["post-14897","post","type-post","status-publish","format-standard","has-post-thumbnail","hentry","category-sorties"],"_links":{"self":[{"href":"https:\/\/culturotheque.fr\/index.php\/wp-json\/wp\/v2\/posts\/14897","targetHints":{"allow":["GET"]}}],"collection":[{"href":"https:\/\/culturotheque.fr\/index.php\/wp-json\/wp\/v2\/posts"}],"about":[{"href":"https:\/\/culturotheque.fr\/index.php\/wp-json\/wp\/v2\/types\/post"}],"author":[{"embeddable":true,"href":"https:\/\/culturotheque.fr\/index.php\/wp-json\/wp\/v2\/users\/1"}],"replies":[{"embeddable":true,"href":"https:\/\/culturotheque.fr\/index.php\/wp-json\/wp\/v2\/comments?post=14897"}],"version-history":[{"count":3,"href":"https:\/\/culturotheque.fr\/index.php\/wp-json\/wp\/v2\/posts\/14897\/revisions"}],"predecessor-version":[{"id":14900,"href":"https:\/\/culturotheque.fr\/index.php\/wp-json\/wp\/v2\/posts\/14897\/revisions\/14900"}],"wp:featuredmedia":[{"embeddable":true,"href":"https:\/\/culturotheque.fr\/index.php\/wp-json\/wp\/v2\/media\/14901"}],"wp:attachment":[{"href":"https:\/\/culturotheque.fr\/index.php\/wp-json\/wp\/v2\/media?parent=14897"}],"wp:term":[{"taxonomy":"category","embeddable":true,"href":"https:\/\/culturotheque.fr\/index.php\/wp-json\/wp\/v2\/categories?post=14897"},{"taxonomy":"post_tag","embeddable":true,"href":"https:\/\/culturotheque.fr\/index.php\/wp-json\/wp\/v2\/tags?post=14897"}],"curies":[{"name":"wp","href":"https:\/\/api.w.org\/{rel}","templated":true}]}}