{"id":14953,"date":"2025-03-28T14:32:10","date_gmt":"2025-03-28T13:32:10","guid":{"rendered":"https:\/\/culturotheque.fr\/?p=14953"},"modified":"2025-03-28T14:38:07","modified_gmt":"2025-03-28T13:38:07","slug":"la-montagnette-2","status":"publish","type":"post","link":"https:\/\/culturotheque.fr\/index.php\/2025\/03\/28\/la-montagnette-2\/","title":{"rendered":"La Montagnette"},"content":{"rendered":"<p><a href=\"https:\/\/photos.app.goo.gl\/gnBVKGsDyewB6Qgi9\">Voir ici quelques photos de notre randonn\u00e9e \u00e0 Beaucaire.<\/a><\/p>\n<p><!--more-->Tout le monde a \u00e9t\u00e9 ravi de notre randonn\u00e9e \u00e0 la Montagnette, la piste verte et retour par les bords du Rh\u00f4ne.<br \/>\nLe clou de la rando : le petit arr\u00eat au Chalet des Sports !<br \/>\n<em>Marit\u00e9.<\/em><\/p>\n","protected":false},"excerpt":{"rendered":"<p>Voir ici quelques photos de notre randonn\u00e9e \u00e0 Beaucaire.<\/p>\n","protected":false},"author":1,"featured_media":14955,"comment_status":"closed","ping_status":"closed","sticky":false,"template":"","format":"standard","meta":{"footnotes":""},"categories":[4],"tags":[],"class_list":["post-14953","post","type-post","status-publish","format-standard","has-post-thumbnail","hentry","category-randonnees"],"_links":{"self":[{"href":"https:\/\/culturotheque.fr\/index.php\/wp-json\/wp\/v2\/posts\/14953","targetHints":{"allow":["GET"]}}],"collection":[{"href":"https:\/\/culturotheque.fr\/index.php\/wp-json\/wp\/v2\/posts"}],"about":[{"href":"https:\/\/culturotheque.fr\/index.php\/wp-json\/wp\/v2\/types\/post"}],"author":[{"embeddable":true,"href":"https:\/\/culturotheque.fr\/index.php\/wp-json\/wp\/v2\/users\/1"}],"replies":[{"embeddable":true,"href":"https:\/\/culturotheque.fr\/index.php\/wp-json\/wp\/v2\/comments?post=14953"}],"version-history":[{"count":1,"href":"https:\/\/culturotheque.fr\/index.php\/wp-json\/wp\/v2\/posts\/14953\/revisions"}],"predecessor-version":[{"id":14954,"href":"https:\/\/culturotheque.fr\/index.php\/wp-json\/wp\/v2\/posts\/14953\/revisions\/14954"}],"wp:featuredmedia":[{"embeddable":true,"href":"https:\/\/culturotheque.fr\/index.php\/wp-json\/wp\/v2\/media\/14955"}],"wp:attachment":[{"href":"https:\/\/culturotheque.fr\/index.php\/wp-json\/wp\/v2\/media?parent=14953"}],"wp:term":[{"taxonomy":"category","embeddable":true,"href":"https:\/\/culturotheque.fr\/index.php\/wp-json\/wp\/v2\/categories?post=14953"},{"taxonomy":"post_tag","embeddable":true,"href":"https:\/\/culturotheque.fr\/index.php\/wp-json\/wp\/v2\/tags?post=14953"}],"curies":[{"name":"wp","href":"https:\/\/api.w.org\/{rel}","templated":true}]}}