{"id":14957,"date":"2025-03-27T21:10:18","date_gmt":"2025-03-27T20:10:18","guid":{"rendered":"https:\/\/culturotheque.fr\/?p=14957"},"modified":"2025-04-03T09:35:27","modified_gmt":"2025-04-03T07:35:27","slug":"berlin","status":"publish","type":"post","link":"https:\/\/culturotheque.fr\/index.php\/2025\/03\/27\/berlin\/","title":{"rendered":"BERLIN A PIED (23 au 27 mars 2025, 5 jours\/4 nuits)"},"content":{"rendered":"<p style=\"text-align: justify;\"><span style=\"color: #333399;\"><em>Comptant parmi les villes les plus cosmopolites d\u2019Europe, Berlin est une destination unique qui nous a fait profiter \u00e0 la fois de sa richesse historique, de son dynamisme culturel et de l\u2019atmosph\u00e8re anim\u00e9e qui y r\u00e8gne.<\/em><\/span> <!--more--><\/p>\n<p><span style=\"color: #000080;\"><strong><a style=\"color: #000080;\" href=\"https:\/\/culturotheque.fr\/wp-content\/uploads\/2025\/03\/Berlin.pdf\">Berlin,<\/a><\/strong><\/span><a href=\"https:\/\/culturotheque.fr\/wp-content\/uploads\/2025\/03\/Berlin.pdf\"><span style=\"color: #000080;\"><strong> lire ici le texte de Philippe<\/strong><\/span><\/a><\/p>\n<p style=\"text-align: justify;\"><span style=\"color: #333399;\"><span style=\"text-decoration: underline;\"><strong>1er jour Dimanche 23 mars 2025<\/strong><\/span><strong> :\u00a0 <\/strong>D\u00e9part \u00e0 3h pour\u00a0 l\u2019a\u00e9roport de Marseille o\u00f9 l&rsquo;on se retrouve tous en grande forme.<\/span><br \/>\n<span style=\"color: #333399;\">Formalit\u00e9s d\u2019embarquement, vol, arriv\u00e9e avec un peu d\u2019avance \u00e0 Berlin.<\/span><br \/>\n<span style=\"color: #333399;\">Petit souci, tous les taxis ne sont pas au rdv mais on se d\u00e9brouille tr\u00e8s vite.<\/span><br \/>\n<span style=\"color: #333399;\">Arriv\u00e9e \u00e0 l\u2019h\u00f4tel, d\u00e9pose des bagages et\u2026 petit d\u00e9jeuner.<\/span><br \/>\n<span style=\"color: #333399;\">Nous sommes bien accueillis et \u00e7a fait du bien de manger et de boire un bon caf\u00e9\u00a0!<\/span><br \/>\n<span style=\"color: #333399;\">Si on s\u2019assied, on s\u2019endort !<\/span><br \/>\n<span style=\"color: #333399;\">D\u00e9part tous ensemble dans Kurf\u00fcrstendamm, grande avenue que l\u2019on peut comparer aux Champs Elys\u00e9es de Paris. Grands magasins mais on s\u2019int\u00e9resse bien \u00e0 l\u2019\u00e9glise du Souvenir\u2026 \u00a0\u00e0 l\u2019ext\u00e9rieur pour l\u2019instant car elle est ferm\u00e9e.<\/span><br \/>\n<span style=\"color: #333399;\">On poursuit sur \u00a0Kurf\u00fcrstendamm puis on bifurque pour aller au parc du ch\u00e2teau de Charlottenbourg. Sophie Charlotte aimait se promener dans ce parc, y c\u00e9l\u00e9brant de somptueuses f\u00eates et profitant du magnifique ensemble baroque. Elle a confi\u00e9 l\u2019am\u00e9nagement de ce parc au Fran\u00e7ais Sim\u00e9on Godeau, jardinier \u00e0 Versailles \u2013 mod\u00e8le de tous les jardins royaux d\u2019Europe \u00e0 l\u2019\u00e9poque baroque. <\/span><span style=\"color: #333399;\">Les tendances de l\u2019am\u00e9nagement paysager changeant au fil des ann\u00e9es, les successeurs de Sophie Charlotte compl\u00e9teront l\u2019ensemble par un jardin de style anglais. Les lieux phares du parc sont le mausol\u00e9e, le belv\u00e9d\u00e8re et le Neuer Pavillion.<\/span><br \/>\n<span style=\"color: #333399;\">Nous, nous poursuivons jusqu\u2019au lac ou des canards mandarins nous interpellent.<\/span><br \/>\n<span style=\"color: #333399;\">Il est temps de se reposer un peu. Bi\u00e8re, saucisses ou autres consommations. On est heureux de s\u2019asseoir, il est 3h de l\u2019apr\u00e8s-midi.<\/span><br \/>\n<span style=\"color: #333399;\">On passe un bon moment \u00e0 papoter du Parc de Charlottenbourg mais aussi de tout ce que l\u2019on a vu sur le trajet.<\/span><br \/>\n<span style=\"color: #333399;\">La note n\u2019est pas sal\u00e9e, mais \u00ab\u00a0embrouill\u00e9e\u00a0\u00bb\u00a0!<\/span><br \/>\n<span style=\"color: #333399;\">On reprend le chemin de notre H\u00f4tel, on s\u2019arr\u00eate \u00e0 l\u2019\u00e9glise du Souvenir qui est maintenant ouverte. Elle est le centre symbolique de Berlin-Ouest, m\u00e9morial d\u00e9di\u00e9 \u00e0 la paix et \u00e0 la r\u00e9conciliation. Apr\u00e8s les bombardements de la Seconde guerre mondiale, le clocher original, bien qu\u2019en ruine, a surv\u00e9cu, et porte toujours le sobriquet de \u201cdent creuse\u201d, car il ressemble \u00e0 un chicot \u00e9vid\u00e9. Visible de loin, ce b\u00e2timent \u00e9rig\u00e9 sur la Breitscheidplatz, \u00e0 proximit\u00e9 imm\u00e9diate du quartier commercial anim\u00e9 est le seul de la place qui ait \u00e9t\u00e9 \u00e9pargn\u00e9 par les bombardements et conserv\u00e9 d\u00e9lib\u00e9r\u00e9ment \u00e0 l\u2019\u00e9tat de ruine.<\/span><br \/>\n<span style=\"color: #333399;\">Apr\u00e8s cette belle visite, nous ne sommes pas tr\u00e8s loin de l\u2019H\u00f4tel o\u00f9 on prend possession de nos chambres avec bonheur.<\/span><br \/>\n<span style=\"color: #333399;\">Certains iront manger le soir, d\u2019autres s\u2019endormiront tr\u00e8s t\u00f4t\u00a0!<\/span><br \/>\n<span style=\"color: #333399;\"><a style=\"color: #333399;\" href=\"https:\/\/photos.app.goo.gl\/VfBnR3iWJ7KXcxf46\"><strong>Voir ici les photos de notre premi\u00e8re journ\u00e9e \u00e0 Berlin.<\/strong><\/a><\/span><br \/>\n<span style=\"color: #3366ff;\"><strong>Voir ici les photos de Fran\u00e7oise 1er jour<\/strong><\/span><\/p>\n<p style=\"text-align: justify;\"><span style=\"color: #333399;\"><span style=\"text-decoration: underline;\"><strong>JOUR 2 lundi 24 mars<\/strong><\/span><strong><span style=\"text-decoration: underline;\">\u00a0:<\/span> <\/strong>On a plaisir \u00e0 se retrouver dans la jolie salle du Petit D\u00e9jeuner, toujours aussi convivial, notre h\u00f4te nous \u00ab\u00a0chouchoute\u00a0\u00bb.<\/span><br \/>\n<span style=\"color: #333399;\">C\u00e9line nous rejoint pour une \u00a0visite guid\u00e9e de Berlin.<\/span><br \/>\n<span style=\"color: #333399;\">On se dirige vers le m\u00e9tro, on prend les tickets pour les 3 jours qui viennent et nous voici \u00e0 Potsdamer Platz o\u00f9 l\u2019on commence \u00e0 se familiariser avec les deux Berlins, le mur\u2026 que l\u2019on retrouve intact pr\u00e8s de la Topographie de la Terreur pour continuer vers \u00a0Checkpoint Charlie et d\u00e9ambuler ensuite au M\u00e9morial aux Juifs assassin\u00e9s en Europe. Impressionnant par sa sobri\u00e9t\u00e9 et sa couleur uniform\u00e9ment grise, il comporte un centre d\u2019information situ\u00e9 en sous-sol et accessible par deux escaliers ou en ascenseur ! Personne ne reste indiff\u00e9rent.<\/span><br \/>\n<span style=\"color: #333399;\">On poursuit pour rejoindre le Bunker o\u00f9 Hitler s\u2019est suicid\u00e9 avant de rejoindre le Parc de Tiergarte.<\/span><br \/>\n<span style=\"color: #333399;\">Maintenant on se laisse guider pour visiter la Porte de Brandebourg, \u00a0le B\u00e2timent du Reichstag, le Boulevard Unter den Linden, le Forum Humboldt, la Nouvelle Garde et, enfin C\u00e9line nous l\u00e2che apr\u00e8s avoir fait le point \u00e0 l\u2019\u00cele aux mus\u00e9es.<\/span><br \/>\n<span style=\"color: #333399;\">On a eu une belle introduction \u00e0 l\u2019histoire et la culture de Berlin et on a bien compris l\u2019\u00e9volution de la ville.<\/span><br \/>\n<span style=\"color: #333399;\">Le 1848, restaurant typique nous accueille, il est presque 15h00\u00a0!<\/span><br \/>\n<span style=\"color: #333399;\">Qui a mang\u00e9 du sandre, qui a mang\u00e9 des saucisses\u00a0?<\/span><br \/>\n<span style=\"color: #333399;\">Apr\u00e8s le restaurant on d\u00e9cide de d\u00e9couvrir L&rsquo;Alexanderplatz qui est l&rsquo;une des places les plus c\u00e9l\u00e8bres de Berlin. Et c&rsquo;est assur\u00e9ment la plus grande. Baptis\u00e9e en hommage au Tsar Alexandre Ier qui a visit\u00e9 la capitale du royaume de Prusse en 1805, \u00ab l&rsquo;Alex \u00bb est devenue, avec la construction de la station de tramway en 1882, le carrefour du r\u00e9seau de transports. La construction de la Halle centrale (<em>1886<\/em>) et du grand magasin Tietz entre 1904 et 1911 en a fait \u00e9galement le site commercial le plus important de la ville. C&rsquo;est le roman d&rsquo;Alfred D\u00f6blin, \u00ab Berlin Alexanderplatz \u00bb qui en 1929, l\u2019a rendue c\u00e9l\u00e8bre dans le monde entier, y compris dans la litt\u00e9rature.<\/span><br \/>\n<span style=\"color: #333399;\">Sur la place il y a la tour de t\u00e9l\u00e9vision. Elle a \u00e9t\u00e9 construite \u00e0 l&rsquo;\u00e9poque de la RDA et elle est aujourd&rsquo;hui le symbole de toute la ville.<br \/>\nOn profite de la vue depuis sa plate-forme d&rsquo;observation et l\u2019on peut se rendre compte combien la ville est Grande. 8.5 fois Paris en superficie. A Paris, 25 000 habitants au km\u00b2, \u00e0 Berlin, 4.500 habitants au km\u00b2 !<\/span><br \/>\n<span style=\"color: #333399;\">C\u2019est vrai qu\u2019on s\u2019y sent bien, pas de bouchons, pas de klaxons, de larges avenues, la place pour les cyclistes et les pi\u00e9tons\u2026 Gare, toutefois, \u00e0 ceux qui ne restent pas \u00e0 leur place\u00a0!<\/span><br \/>\n<span style=\"color: #333399;\">Un groupe rentre avec le m\u00e9tro, l\u2019autre groupe rentre avec le Bus.<\/span><br \/>\n<span style=\"color: #333399;\">Tout le monde ne va pas au restaurant, petit d\u00e9jeuner copieux et repas de midi tardif\u2026<\/span><br \/>\n<span style=\"color: #333399;\">L\u2019h\u00f4tel est tr\u00e8s calme, pas un bruit\u2026 si ce n\u2019est quelques ronflements heureux dans les chambres.<\/span><br \/>\n<span style=\"color: #333399;\"><strong><a style=\"color: #333399;\" href=\"https:\/\/photos.app.goo.gl\/766FNx9q51YrHaV59\">Voir ici les photos de notre deuxi\u00e8me journ\u00e9e \u00e0 Berlin.<\/a><\/strong><\/span><br \/>\n<span style=\"color: #333399;\"><strong><a style=\"color: #333399;\" href=\"https:\/\/photos.app.goo.gl\/gRAZVVieJuMwute18\"><span style=\"color: #3366ff;\">Voir ici les photos de Fran\u00e7oise 2\u00e8me jour<\/span><\/a><\/strong><\/span><br \/>\n<span style=\"color: #333399;\"><strong><a style=\"color: #333399;\" href=\"https:\/\/photos.app.goo.gl\/DkAPzdzsgz6t7tVv7\"><span style=\"color: #0000ff;\">Voir ici les photos de Brigitte 2\u00e8me jour<\/span><\/a><\/strong><\/span><\/p>\n<p style=\"text-align: justify;\"><span style=\"color: #333399;\"><span style=\"text-decoration: underline;\"><strong>JOUR 3\u00a0mardi 25 mars<\/strong><\/span><strong><span style=\"text-decoration: underline;\"> :<\/span> \u00a0\u00a0<\/strong>Heureux \u00e0 nouveau dans la salle du petit-d\u00e9jeuner et, ce matin c\u2019est Marion qui vient nous chercher pour rejoindre le quartier de Kreuzberg. Mais\u2026 dans le m\u00e9tro il\u00a0 manque deux personnes de notre groupe ! Plus de peur que de mal, la troupe se reconstitue pour un circuit o\u00f9 s\u2019alternent les rues vibrantes couvertes de street art et les friches abandonn\u00e9es que se disputent les street-artists et les nouveaux acteurs \u00e9conomiques qui dynamisent ce quartier.<\/span><br \/>\n<span style=\"color: #333399;\">On fait une courte pause repas\u00a0au march\u00e9 couvert \u00a0Markthalle Neun \u00a0avant de poursuivre sur les Berges de la Spr\u00e9e et la vue imprenable sur le Pont Oberbaum \u00e9rig\u00e9 en 1896 et qui relie les arrondissements du sud de Berlin : Friedrichshain et Kreuzberg. Il s&rsquo;agit d&rsquo;un tr\u00e8s bel exemple d&rsquo;architecture en brique du XIXe si\u00e8cle, inspir\u00e9e de la Marche du Brandebourg\u2026<\/span><br \/>\n<span style=\"color: #333399;\">Apr\u00e8s avoir abandonn\u00e9 Marion, on\u00a0 traverse ce pont en m\u00e9tro pour rejoindre le quai et prendre notre bateau pour notre croisi\u00e8re.<\/span><br \/>\n<span style=\"color: #333399;\">On embarque assez vite, le soleil est toujours l\u00e0, on peut donc profiter de la vue sur tous les monuments qui bordent la Spr\u00e9e en reposant nos jambes.<\/span><br \/>\n<span style=\"color: #333399;\">La fin de l\u2019apr\u00e8s-midi retour vers Kreusberg pour admirer les fresques sur le mur de Berlin et visiter le Mus\u00e9e des Larmes. Larmes d&rsquo;adieu. C&rsquo;est ce que signifiait la division allemande pour beaucoup de berlinois. Ce palais des Larmes raconte leurs histoires tr\u00e8s personnelles. \u00a0Quitter l&rsquo;Allemagne de l&rsquo;est. Enregistrement dans le hall de la gare Friedrichstrasse. Contr\u00f4le des valises et des passeports. Ce qui semble si rationnel et bureaucratique, signifiait autrefois beaucoup plus : au revoir aux amis et \u00e0 la famille, souvent avec des larmes. Et c&rsquo;est ainsi que le Tr\u00e4nenpalast (<em>palais des larmes<\/em>) a re\u00e7u son nom populaire.<\/span><br \/>\n<span style=\"color: #333399;\">Soir\u00e9e dans diff\u00e9rents restaurants et encore une nuit douce\u2026<\/span><br \/>\n<span style=\"color: #333399;\"><strong><a style=\"color: #333399;\" href=\"https:\/\/photos.app.goo.gl\/GnS36MLdQsfhUmnTA\">Voir ici les photos de notre troisi\u00e8me journ\u00e9e \u00e0 Berlin.<\/a><\/strong><\/span><br \/>\n<span style=\"color: #333399;\"><strong><a style=\"color: #333399;\" href=\"https:\/\/photos.app.goo.gl\/Vca5LC9RqqzuMvaf9\"><span style=\"color: #3366ff;\">Voir ici les photos de Fran\u00e7oise 3\u00e8me jour<\/span><\/a><\/strong><\/span><br \/>\n<span style=\"color: #333399;\"><strong><a style=\"color: #333399;\" href=\"https:\/\/photos.app.goo.gl\/MUZTYPwvoGV8Eqzv8\"><span style=\"color: #0000ff;\">Voir ici les photos de Brigitte 3\u00e8me jour<\/span><\/a><\/strong><\/span><\/p>\n<p style=\"text-align: justify;\"><span style=\"color: #333399;\"><span style=\"text-decoration: underline;\"><strong>JOUR 4\u00a0mercredi 26 mars<\/strong><\/span><strong> : <\/strong><strong>\u00a0<\/strong>Toujours nos belles retrouvailles dans la salle du petit-d\u00e9jeuner et d\u00e9part pour la visite des mus\u00e9es. <strong><br \/>\n<\/strong>Trois d\u2019entre nous vont visiter le mus\u00e9e allemand des techniques, \u00a0Deutsches Technikmuseum, o\u00f9 ils verront des machines fascinantes sur la terre, sur l\u2019eau et sur mer\u2026<\/span><br \/>\n<span style=\"color: #333399;\">Les autres se dirigent, en train car il y a gr\u00e8ve du m\u00e9tro et des bus, vers l\u2019\u00cele aux Mus\u00e9es qui comprend un ensemble unique de cinq grands mus\u00e9es berlinois construits sous les monarques prussiens ainsi qu&rsquo;un b\u00e2timent d\u2019accueil et d\u2019exposition, la Galerie James Simon.<\/span><br \/>\n<span style=\"color: #333399;\">Chacun peut choisir. <strong><br \/>\n<\/strong>Chacun visite \u00a0\u00e0 son rythme\u2026le Altes Museum, le Bode-Museum, le Neues Museum et le Pergamonmuseum.<\/span><br \/>\n<span style=\"color: #333399;\">Qui n\u2019a pas vu Nefertiti\u00a0?<\/span><br \/>\n<span style=\"color: #333399;\">L\u2019UNESCO a inscrit cet ensemble de mus\u00e9es au patrimoine mondial.<\/span><br \/>\n<span style=\"color: #333399;\">Le soir on se retrouve tous ensemble au Restaurant.<\/span><br \/>\n<span style=\"color: #333399;\">Croyez-nous, les conversations sont tr\u00e8s anim\u00e9es\u2026<\/span><br \/>\n<span style=\"color: #333399;\">Chacun de nous a fait des trouvailles extraordinaires et a v\u00e9cu de belles aventures\u00a0!<\/span><br \/>\n<span style=\"color: #333399;\">On l\u00e8ve nos verres \u00e0 ces belles d\u00e9couvertes\u00a0!<\/span><br \/>\n<span style=\"color: #333399;\"><strong><a style=\"color: #333399;\" href=\"https:\/\/photos.app.goo.gl\/VZFKjZD5X6emzbGk8\">Voir ici les photos de notre quatri\u00e8me journ\u00e9e \u00e0 Berlin.<\/a><\/strong><\/span><br \/>\n<span style=\"color: #333399;\"><strong><a style=\"color: #333399;\" href=\"https:\/\/photos.app.goo.gl\/pkD7h7zn4L4XsHfZ9\"><span style=\"color: #3366ff;\">Voir ici les photos de Fran\u00e7oise 4\u00e8me jour<\/span><\/a><\/strong><\/span><br \/>\n<span style=\"color: #333399;\"><strong><a style=\"color: #333399;\" href=\"https:\/\/photos.app.goo.gl\/7m8RksgYiPP9C6aD8\"><span style=\"color: #0000ff;\">Voir ici les photos de Brigitte 4\u00e8me jour<\/span><\/a><\/strong><\/span><\/p>\n<p style=\"text-align: justify;\"><span style=\"color: #333399;\"><span style=\"text-decoration: underline;\"><strong>JOUR 5 jeudi 27 mars\u00a0:<\/strong><\/span> Ce matin on marche vers un autre ensemble de mus\u00e9e et on se s\u00e9pare pour aller,<\/span><br \/>\n<span style=\"color: #333399;\">-soit \u00e0 La Berlinische Galerie \u00a0avec plusieurs b\u00e2timents sur l&rsquo;art berlinois de 1870 \u00e0 aujourd&rsquo;hui,<\/span><br \/>\n<span style=\"color: #333399;\">-soit \u00e0 la Gem\u00e4ldegalerie de Berlin pour d\u00e9couvrir des chefs-d&rsquo;\u0153uvre de la peinture europ\u00e9enne. Peintures inestimables du Moyen-\u00c2ge et du d\u00e9but de la p\u00e9riode moderniste : des travaux de Rubens, de motifs bibliques par Botticelli et des portraits incroyablement vivants par Albrecht D\u00fcrer\u2026<\/span><br \/>\n<span style=\"color: #333399;\">-et aussi, pour d\u2019autres, \u00a0au Kunstgewerbemuseum ou sont d\u00e9couverts des tr\u00e9sors d&rsquo;art de la vie quotidienne et de la haute culture.<\/span><br \/>\n<span style=\"color: #333399;\">Encore de belles visites ou chacun a pu trouver des \u0153uvres magistrales suivant sa sensibilit\u00e9.<\/span><br \/>\n<span style=\"color: #333399;\">Un petit cafouillage \u00e0 nouveau vers midi de la part des chauffeurs de taxis, mais le d\u00e9jeuner, la visite du KaDeWe sont toujours possibles avant de rejoindre l\u2019a\u00e9roport.<\/span><br \/>\n<span style=\"color: #333399;\">Retour sans encombre \u00e0 Beaucaire vers 23h30.<\/span><br \/>\n<span style=\"color: #333399;\"><strong><a style=\"color: #333399;\" href=\"https:\/\/photos.app.goo.gl\/vYTGFvFUUo4ZNhBq6\">Voir ici les photos de notre cinqui\u00e8me\u00a0 journ\u00e9e \u00e0 Berlin.<\/a><br \/>\n<span style=\"color: #3366ff;\"><a style=\"color: #3366ff;\" href=\"https:\/\/photos.app.goo.gl\/cYNby7PFp5ANWb3SA\">Voir ici les photos de Fran\u00e7oise 5\u00e8me jour<\/a><\/span><br \/>\n<a style=\"color: #333399;\" href=\"https:\/\/photos.app.goo.gl\/xeikDhMZPUoE2uqC7\"><span style=\"color: #0000ff;\">Voir ici les photos de Brigitte 5\u00e8me jour<\/span><\/a><\/strong><\/span><\/p>\n","protected":false},"excerpt":{"rendered":"<p>Comptant parmi les villes les plus cosmopolites d\u2019Europe, Berlin est une destination unique qui nous a fait profiter \u00e0 la fois de sa richesse historique, de son dynamisme culturel et de l\u2019atmosph\u00e8re anim\u00e9e qui y r\u00e8gne.<\/p>\n","protected":false},"author":1,"featured_media":14582,"comment_status":"closed","ping_status":"closed","sticky":false,"template":"","format":"standard","meta":{"footnotes":""},"categories":[6],"tags":[],"class_list":["post-14957","post","type-post","status-publish","format-standard","has-post-thumbnail","hentry","category-voyages"],"_links":{"self":[{"href":"https:\/\/culturotheque.fr\/index.php\/wp-json\/wp\/v2\/posts\/14957","targetHints":{"allow":["GET"]}}],"collection":[{"href":"https:\/\/culturotheque.fr\/index.php\/wp-json\/wp\/v2\/posts"}],"about":[{"href":"https:\/\/culturotheque.fr\/index.php\/wp-json\/wp\/v2\/types\/post"}],"author":[{"embeddable":true,"href":"https:\/\/culturotheque.fr\/index.php\/wp-json\/wp\/v2\/users\/1"}],"replies":[{"embeddable":true,"href":"https:\/\/culturotheque.fr\/index.php\/wp-json\/wp\/v2\/comments?post=14957"}],"version-history":[{"count":12,"href":"https:\/\/culturotheque.fr\/index.php\/wp-json\/wp\/v2\/posts\/14957\/revisions"}],"predecessor-version":[{"id":15000,"href":"https:\/\/culturotheque.fr\/index.php\/wp-json\/wp\/v2\/posts\/14957\/revisions\/15000"}],"wp:featuredmedia":[{"embeddable":true,"href":"https:\/\/culturotheque.fr\/index.php\/wp-json\/wp\/v2\/media\/14582"}],"wp:attachment":[{"href":"https:\/\/culturotheque.fr\/index.php\/wp-json\/wp\/v2\/media?parent=14957"}],"wp:term":[{"taxonomy":"category","embeddable":true,"href":"https:\/\/culturotheque.fr\/index.php\/wp-json\/wp\/v2\/categories?post=14957"},{"taxonomy":"post_tag","embeddable":true,"href":"https:\/\/culturotheque.fr\/index.php\/wp-json\/wp\/v2\/tags?post=14957"}],"curies":[{"name":"wp","href":"https:\/\/api.w.org\/{rel}","templated":true}]}}