{"id":15302,"date":"2025-06-06T19:32:46","date_gmt":"2025-06-06T17:32:46","guid":{"rendered":"https:\/\/culturotheque.fr\/?p=15302"},"modified":"2025-06-14T08:45:47","modified_gmt":"2025-06-14T06:45:47","slug":"le-rocher-de-la-caille","status":"publish","type":"post","link":"https:\/\/culturotheque.fr\/index.php\/2025\/06\/06\/le-rocher-de-la-caille\/","title":{"rendered":"Le rocher de la Caille"},"content":{"rendered":"<p><!--more--><\/p>\n<p style=\"text-align: justify;\">Pas de photos pour cette randonn\u00e9e, mais Marith\u00e9 \u00e9tait bien heureuse d&rsquo;accompagner sa troupe et, tous sont heureux de savoir maintenant o\u00f9 se trouve le Rocher de la Caille&#8230;<\/p>\n","protected":false},"excerpt":{"rendered":"","protected":false},"author":1,"featured_media":15325,"comment_status":"closed","ping_status":"closed","sticky":false,"template":"","format":"standard","meta":{"footnotes":""},"categories":[4],"tags":[],"class_list":["post-15302","post","type-post","status-publish","format-standard","has-post-thumbnail","hentry","category-randonnees"],"_links":{"self":[{"href":"https:\/\/culturotheque.fr\/index.php\/wp-json\/wp\/v2\/posts\/15302","targetHints":{"allow":["GET"]}}],"collection":[{"href":"https:\/\/culturotheque.fr\/index.php\/wp-json\/wp\/v2\/posts"}],"about":[{"href":"https:\/\/culturotheque.fr\/index.php\/wp-json\/wp\/v2\/types\/post"}],"author":[{"embeddable":true,"href":"https:\/\/culturotheque.fr\/index.php\/wp-json\/wp\/v2\/users\/1"}],"replies":[{"embeddable":true,"href":"https:\/\/culturotheque.fr\/index.php\/wp-json\/wp\/v2\/comments?post=15302"}],"version-history":[{"count":3,"href":"https:\/\/culturotheque.fr\/index.php\/wp-json\/wp\/v2\/posts\/15302\/revisions"}],"predecessor-version":[{"id":15327,"href":"https:\/\/culturotheque.fr\/index.php\/wp-json\/wp\/v2\/posts\/15302\/revisions\/15327"}],"wp:featuredmedia":[{"embeddable":true,"href":"https:\/\/culturotheque.fr\/index.php\/wp-json\/wp\/v2\/media\/15325"}],"wp:attachment":[{"href":"https:\/\/culturotheque.fr\/index.php\/wp-json\/wp\/v2\/media?parent=15302"}],"wp:term":[{"taxonomy":"category","embeddable":true,"href":"https:\/\/culturotheque.fr\/index.php\/wp-json\/wp\/v2\/categories?post=15302"},{"taxonomy":"post_tag","embeddable":true,"href":"https:\/\/culturotheque.fr\/index.php\/wp-json\/wp\/v2\/tags?post=15302"}],"curies":[{"name":"wp","href":"https:\/\/api.w.org\/{rel}","templated":true}]}}