{"id":1579,"date":"2018-02-12T18:12:20","date_gmt":"2018-02-12T17:12:20","guid":{"rendered":"http:\/\/culturotheque.fr\/?p=1579"},"modified":"2018-02-14T19:35:53","modified_gmt":"2018-02-14T18:35:53","slug":"les-civadieres","status":"publish","type":"post","link":"https:\/\/culturotheque.fr\/index.php\/2018\/02\/12\/les-civadieres\/","title":{"rendered":"Les Civadi\u00e8res"},"content":{"rendered":"<p style=\"text-align: justify;\"><a href=\"https:\/\/photos.google.com\/share\/AF1QipPrwoOPTCJ7f9uFErq2TigCx5I7yuueTwpActtgKI0jUOKTR-UOdeir-vjOhFT6NQ?hl=fr&amp;key=aFRnSUtNQTU3YnBfeXBuNGtOZl9fYVo0V09peVpB\">Voir ici les photos de Fran\u00e7oise concernant notre randonn\u00e9e \u00e0 Aureille<\/a><\/p>\n<p><a href=\"https:\/\/drive.google.com\/file\/d\/1s_n02DFoZ2ODrdoT4fv8IVZbXXguA9EI\/view\">Voir ici le film d&rsquo;Hubert.<\/a><\/p>\n<p><!--more--><\/p>\n<p style=\"text-align: justify;\">Pas de\u00a0 vent et un ciel bleu sans nuage, ce Lundi matin \u00e0 Beaucaire, lorsque les 22 randonneurs du jour se\u00a0 retrouvent pour se diriger vers Aureille pour une balade sur les \u00ab\u00a0cr\u00eates des Civadi\u00e8res\u00a0\u00bb\u00a0.<\/p>\n<p style=\"text-align: justify;\">Sur le parking du cimeti\u00e8re d\u2019Aureille, le ciel bleu est toujours au rendez-vous, mais le vent froid de F\u00e9vrier nous agresse d\u00e8s la sortie des voitures. Mais il en faut plus que \u00e7a pour entamer la bonne humeur in\u00e9branlable des\u00a0 \u00ab\u00a0culturothequos\u00a0\u00bb randonneurs,<\/p>\n<p style=\"text-align: justify;\">Notre groupe s\u2019\u00e9lance aussit\u00f4t avec, en point de mire la tour de guet \u00ab\u00a0des OPies\u00a0\u00bb qui nous nargue au loin du haut de ses 498m d\u2019altitude. Emmitoufl\u00e9s dans nos doudounes et autres polaires, nous marchons d\u2019un bon pas sur un large chemin qui progressivement se resserre et s\u2019enfonce dans un vallon envahi par des hauts buis qui n\u2019arrivent\u00a0 pas \u00e0 cacher les cr\u00eates majestueuses qui nous entourent. Le chemin monte doucement mais r\u00e9guli\u00e8rement jusqu\u2019\u00e0 une plateforme qui nous d\u00e9voile la plaine de St R\u00e9my \u00e0 Cavaillon avec au fond le Mont Ventoux avec sa calotte enneig\u00e9e.<\/p>\n<p style=\"text-align: justify;\">Au dessus de nous, la tour de guet se fait moins arrogante, mais il nous reste encore plus de 250m \u00e0 gravir pour atteindre son sommet. Le vent souffle de plus en plus violemment et ralentit notre progression. Le chemin grimpe de plus en plus \u00e0 travers les pierrailles et quelques gros rochers qu\u2019il nous faut escalader. Le sommet se d\u00e9fend, mais, ni le vent, ni la raideur de la pente, ni la fatigue ne viennent \u00e0 bout de notre d\u00e9termination.<\/p>\n<p style=\"text-align: justify;\">Nous atteignons le sommet balay\u00e9 par un vent a \u00ab\u00a0d\u00e9corner les taureaux\u00a0\u00bb.\u00a0 De l\u00e0 un panorama unique se d\u00e9voile avec\u00a0 au loin, \u00e0 l\u2019ouest\u00a0 les contreforts des C\u00e9vennes, \u00a0au Nord le Ventoux \u00e0 l\u2019est les Baronnies et au loin le Queyras et au sud l\u2019\u00e9tang de Berre.<\/p>\n<p style=\"text-align: justify;\">Mais le vent nous chasse rapidement du sommet et notre guide abandonne prudemment le parcours des cr\u00eates pour redescendre rapidement en direction d\u2019Eygui\u00e8res. Nous trouvons enfin un coin \u00e0 l\u2019abri du vent pour faire la pause de midi, puis nous reprenons le chemin du retour en contournant le massif, nous passons \u00e0 proximit\u00e9 de vestiges d\u2019une villa romaine sans les voir, puis nous rejoignons le GR6 qui est sur un des trac\u00e9s du chemin de St Jacques de Compostelle. Nous rejoignons les voitures apr\u00e8s avoir parcouru 12,75Km avec un d\u00e9nivel\u00e9 de 450m en 6h pauses comprises.<\/p>\n","protected":false},"excerpt":{"rendered":"<p>Voir ici les photos de Fran\u00e7oise concernant notre randonn\u00e9e \u00e0 Aureille Voir ici le film d&rsquo;Hubert.<\/p>\n","protected":false},"author":1,"featured_media":1582,"comment_status":"closed","ping_status":"closed","sticky":false,"template":"","format":"standard","meta":{"footnotes":""},"categories":[4],"tags":[],"class_list":["post-1579","post","type-post","status-publish","format-standard","has-post-thumbnail","hentry","category-randonnees"],"_links":{"self":[{"href":"https:\/\/culturotheque.fr\/index.php\/wp-json\/wp\/v2\/posts\/1579","targetHints":{"allow":["GET"]}}],"collection":[{"href":"https:\/\/culturotheque.fr\/index.php\/wp-json\/wp\/v2\/posts"}],"about":[{"href":"https:\/\/culturotheque.fr\/index.php\/wp-json\/wp\/v2\/types\/post"}],"author":[{"embeddable":true,"href":"https:\/\/culturotheque.fr\/index.php\/wp-json\/wp\/v2\/users\/1"}],"replies":[{"embeddable":true,"href":"https:\/\/culturotheque.fr\/index.php\/wp-json\/wp\/v2\/comments?post=1579"}],"version-history":[{"count":3,"href":"https:\/\/culturotheque.fr\/index.php\/wp-json\/wp\/v2\/posts\/1579\/revisions"}],"predecessor-version":[{"id":1583,"href":"https:\/\/culturotheque.fr\/index.php\/wp-json\/wp\/v2\/posts\/1579\/revisions\/1583"}],"wp:featuredmedia":[{"embeddable":true,"href":"https:\/\/culturotheque.fr\/index.php\/wp-json\/wp\/v2\/media\/1582"}],"wp:attachment":[{"href":"https:\/\/culturotheque.fr\/index.php\/wp-json\/wp\/v2\/media?parent=1579"}],"wp:term":[{"taxonomy":"category","embeddable":true,"href":"https:\/\/culturotheque.fr\/index.php\/wp-json\/wp\/v2\/categories?post=1579"},{"taxonomy":"post_tag","embeddable":true,"href":"https:\/\/culturotheque.fr\/index.php\/wp-json\/wp\/v2\/tags?post=1579"}],"curies":[{"name":"wp","href":"https:\/\/api.w.org\/{rel}","templated":true}]}}