{"id":16728,"date":"2026-04-25T09:43:26","date_gmt":"2026-04-25T07:43:26","guid":{"rendered":"https:\/\/culturotheque.fr\/?p=16728"},"modified":"2026-04-26T09:49:46","modified_gmt":"2026-04-26T07:49:46","slug":"16728","status":"publish","type":"post","link":"https:\/\/culturotheque.fr\/index.php\/2026\/04\/25\/16728\/","title":{"rendered":"Soir\u00e9e Karaok\u00e9"},"content":{"rendered":"<p><a href=\"https:\/\/photos.app.goo.gl\/GFeYit8L2vHAdF9u5\">Voir ici quelque photos<\/a><br \/>\n<!--more--><\/p>\n<p style=\"text-align: justify;\">Notre soir\u00e9e karaok\u00e9, dont la premi\u00e8re avait \u00a0connu un d\u00e9marrage plut\u00f4t discret, ce soir il n\u2019y a pas grand monde. Fait assez inhabituel pour chacune des activit\u00e9s organis\u00e9es par La Culturoth\u00e8que !<br \/>\nMais\u2026 m\u00eame avec une faible participation, l\u2019ambiance s\u2019est install\u00e9e tout en douceur.<br \/>\nLes quelques chanteurs pr\u00e9sents n\u2019ont pas manqu\u00e9 de talent ni d\u2019enthousiasme. Entre chansons \u00e9mouvantes, rythmes endiabl\u00e9s et grands classiques de la chanson fran\u00e7aise, chacun a su apporter sa touche personnelle. M\u00eame les plus timides ont os\u00e9 prendre le micro, pour le plus grand plaisir des spectateurs, cr\u00e9ant des moments sinc\u00e8res et parfois surprenants.<br \/>\nLa soir\u00e9e a \u00e9t\u00e9 aussi marqu\u00e9e par un v\u00e9ritable esprit d\u2019\u00e9change et de partage, dans une atmosph\u00e8re conviviale et chaleureuse.<br \/>\nComme toujours, le buffet a rencontr\u00e9 un franc succ\u00e8s : d\u00e9licieux et g\u00e9n\u00e9reux.<br \/>\nEn r\u00e9sum\u00e9, m\u00eame si ce karaok\u00e9 n\u2019a pas fait le plein, les participants pr\u00e9sents ont pass\u00e9 un tr\u00e8s bon moment\u00a0: simple, authentique et plein de bonne humeur.<\/p>\n","protected":false},"excerpt":{"rendered":"<p>Voir ici quelque photos<\/p>\n","protected":false},"author":1,"featured_media":16731,"comment_status":"closed","ping_status":"closed","sticky":false,"template":"","format":"standard","meta":{"footnotes":""},"categories":[41],"tags":[],"class_list":["post-16728","post","type-post","status-publish","format-standard","has-post-thumbnail","hentry","category-actualites"],"_links":{"self":[{"href":"https:\/\/culturotheque.fr\/index.php\/wp-json\/wp\/v2\/posts\/16728","targetHints":{"allow":["GET"]}}],"collection":[{"href":"https:\/\/culturotheque.fr\/index.php\/wp-json\/wp\/v2\/posts"}],"about":[{"href":"https:\/\/culturotheque.fr\/index.php\/wp-json\/wp\/v2\/types\/post"}],"author":[{"embeddable":true,"href":"https:\/\/culturotheque.fr\/index.php\/wp-json\/wp\/v2\/users\/1"}],"replies":[{"embeddable":true,"href":"https:\/\/culturotheque.fr\/index.php\/wp-json\/wp\/v2\/comments?post=16728"}],"version-history":[{"count":3,"href":"https:\/\/culturotheque.fr\/index.php\/wp-json\/wp\/v2\/posts\/16728\/revisions"}],"predecessor-version":[{"id":16732,"href":"https:\/\/culturotheque.fr\/index.php\/wp-json\/wp\/v2\/posts\/16728\/revisions\/16732"}],"wp:featuredmedia":[{"embeddable":true,"href":"https:\/\/culturotheque.fr\/index.php\/wp-json\/wp\/v2\/media\/16731"}],"wp:attachment":[{"href":"https:\/\/culturotheque.fr\/index.php\/wp-json\/wp\/v2\/media?parent=16728"}],"wp:term":[{"taxonomy":"category","embeddable":true,"href":"https:\/\/culturotheque.fr\/index.php\/wp-json\/wp\/v2\/categories?post=16728"},{"taxonomy":"post_tag","embeddable":true,"href":"https:\/\/culturotheque.fr\/index.php\/wp-json\/wp\/v2\/tags?post=16728"}],"curies":[{"name":"wp","href":"https:\/\/api.w.org\/{rel}","templated":true}]}}