{"id":16735,"date":"2026-04-27T21:24:22","date_gmt":"2026-04-27T19:24:22","guid":{"rendered":"https:\/\/culturotheque.fr\/?p=16735"},"modified":"2026-04-27T21:46:09","modified_gmt":"2026-04-27T19:46:09","slug":"chapelle-st-julien-2","status":"publish","type":"post","link":"https:\/\/culturotheque.fr\/index.php\/2026\/04\/27\/chapelle-st-julien-2\/","title":{"rendered":"Chapelle St Julien"},"content":{"rendered":"<p><a href=\"https:\/\/photos.app.goo.gl\/ojH19pEtkuPmsSGXA\">Voir ici les photos de notre randonn\u00e9e \u00e0 Boulbon.<\/a><\/p>\n<p style=\"text-align: justify;\"><!--more--><br \/>\nD\u00e9part de Boulbon.<br \/>\nMich\u00e8le toussant beaucoup a d\u00e9l\u00e9gu\u00e9 la direction de la balade \u00e0 une sorte d\u2019animateur pas tr\u00e8s catholique.<br \/>\nEnfin pas tr\u00e8s catholique si on veut car son objectif est de nous emmener voir la Chapelle Saint Julien situ\u00e9e sur la commune de Boulbon.<br \/>\nOn va commencer en plus par voir l&rsquo;\u00e9glise paroissiale \u00e0 200 m du parking : les portes sont ouvertes, et cela nous permet de voir les peintures des plafonds et des chapelles lat\u00e9rales qui sont toutes r\u00e9centes.<br \/>\nEnsuite, on passe devant l&rsquo;\u00e9glise Sainte-Anne puis devant l&rsquo;\u00e9glise Saint Marcellin c\u00e9l\u00e8bre entre autres pour son porche avec des d\u00e9corations sculpt\u00e9es polylob\u00e9es inspir\u00e9es par l\u2019art musulman d\u00e9velopp\u00e9 au Moyen \u00c2ge en Espagne du sud.<br \/>\nPour aller \u00e0 Saint Julien, suivez le guide, le type pas tr\u00e8s catholique, direction nord-est, \u00e7a monte doucement, puis \u00e7a descend assez raide, et nous voici devant la Chapelle Saint Julien, au milieu de nulle part.<br \/>\n\u00ab\u00a0<em>D\u00e9di\u00e9e \u00e0 Saint Julien l&rsquo;hospitalier depuis sa cr\u00e9ation au XIIe si\u00e8cle, c&rsquo;est un joyau de l\u2019art roman apparent\u00e9 \u00e0 trois autres chapelles bien connues de notre terroir : Saint Gabriel (vers Saint-\u00c9tienne du Gr\u00e8s), dont elle para\u00eet la petite s\u0153ur, Saint-Marcellin de Boulbon, et Saint-Victor de Tarascon<\/em>\u00bb.<br \/>\nJe cite le site de l&rsquo;association de \u00abSaint Julien en h\u00e9ritage\u00bb cr\u00e9\u00e9e en 2023, dont le but est de r\u00e9nover l&rsquo;int\u00e9rieur et l&rsquo;ext\u00e9rieur de la chapelle et d&rsquo;animer des c\u00e9l\u00e9brations, p\u00e8lerinages et \u00e9v\u00e8nements culturels.<br \/>\nCette petite chapelle romane du XIIe si\u00e8cle progressivement abandonn\u00e9e et tr\u00e8s ab\u00eem\u00e9e est sauv\u00e9e en 1978 par des amoureux du patrimoine.<br \/>\nOn rel\u00e8ve quand m\u00eame qu&rsquo;une procession des rogations, avait lieu les 25 avril, jour de la Saint Marc, dans cette chapelle jusqu&rsquo;en 1967 (<em>but de la procession des rogations : favoriser la prosp\u00e9rit\u00e9 des moissons<\/em>). Il y a 2 jours (<em>nous sommes aujourd\u2019hui le 27 avril<\/em>) une c\u00e9r\u00e9monie a eu lieu ici m\u00eame! Les Rogations \u00e7a reprend.<br \/>\nReligieusement, on part o\u00f9 ? Vers Saint-Michel de Frigolet bien s\u00fbr. Vous suivez.<br \/>\nMais on n&rsquo;y est jamais arriv\u00e9, pourquoi ?, Bonne question. Eh bien parce qu&rsquo;on a tourn\u00e9 \u00e0 droite avant.<br \/>\nCar la suite de notre itin\u00e9raire, trac\u00e9 par Mich\u00e8le \u00e9tait le lieu-dit, les \u00abBlanques et plaines d\u2019Escurole\u00bb. Il fallait donc tourner \u00e0 droite.<br \/>\nC&rsquo;\u00e9tait 12h15 et apercevant un terrain en pente douce, \u00e0 l&rsquo;herbe verte, sous les pins, d\u00e9licatement \u00e9clair\u00e9, l\u00e9g\u00e8rement vent\u00e9, nous nous arr\u00eat\u00e2mes, mange\u00e2mes, parl\u00e2mes, envoy\u00e2mes un SMS \u00e0 Mich\u00e8le et, il fallait bien, repart\u00eemes vers notre destin, je veux dire vers la fin de notre balade.<br \/>\nLe soleil commen\u00e7ait \u00e0 taper, je dois signaler que le ciel avait \u00e9t\u00e9 plut\u00f4t couvert dans la matin\u00e9e.<br \/>\nEst-ce alors l&rsquo;effet de la chaleur, de la tendance \u00e0 la somnolence postprandiale, mais un doute terrible, s\u2019installa dans l&rsquo;esprit de l\u2019animateur, le pauvre.<br \/>\nEn effet, nous devions croiser une ligne \u00e0 haute tension, et malgr\u00e9 de gros efforts d&rsquo;imagination, personne ne voyait de lignes \u00e0 haute tension. Comme ces derni\u00e8res sont les meilleurs et les plus immuables rep\u00e8res topographiques comme des rivi\u00e8res, les lignes SNCF ou les barrages, ne pas voir la ligne \u00e9lectrique signifiait que notre itin\u00e9raire n\u2019\u00e9tait pas le bon. Nous \u00e9tions fichus.<br \/>\nMais nous rencontr\u00e2mes sur notre chemin, un proph\u00e8te habill\u00e9 en homme d&rsquo;entretien des chemins de la Montagnette. Nous nous renseignant en indiquant qu&rsquo;on trouvait quand m\u00eame bizarre de ne pas voir de ligne \u00e9lectrique l\u00e0 o\u00f9 la carte nous le laissait penser.<br \/>\nEt l\u00e0 ce divin messager nous dit : \u00ab<em>ah oui, on a enlev\u00e9 la ligne \u00e9lectrique<\/em>\u00bb<br \/>\nOn ne lui a pas demand\u00e9 ni pourquoi ni quand ni comment mais on lui a dit merci m\u00eame si probablement il n&rsquo;\u00e9tait pas lui-m\u00eame le responsable des enlevages des lignes \u00e9lectriques.<br \/>\nCe qui fait qu&rsquo;on a suivi le chemin trac\u00e9 et qu&rsquo;on s&rsquo;est retrouv\u00e9 \u00e0 notre point d\u2019arriv\u00e9e qui vous l&rsquo;avez devin\u00e9, si vous avez suivi jusque l\u00e0, \u00e9tait notre point de d\u00e9part : la place centrale de Boulbon.<br \/>\nEt l\u00e0 une boulbonnaise sympa nous a offert \u00e0 boire et on la remercie encore.<br \/>\nMais avec \u00e7a on a quand m\u00eame pas retrouv\u00e9 o\u00f9 se trouvait la derni\u00e8re chapelle de Boulbon : Notre-Dame de la Valette qui existe encore sur Boulbon.\u00a0 En cherchant bien, j&rsquo;ai trouv\u00e9 qu&rsquo;elle \u00e9tait d\u00e9saffect\u00e9, mais qu&rsquo;elle existait encore et\u2026 qu\u2019elle est en vente !<br \/>\nhttps:\/\/www.immobilier-et-maisons.com\/propriete-a-vendre\/3772-Ay2ifd8g0f3d1ww5<br \/>\nPas tr\u00e8s catholique, tout \u00e7a, quand m\u00eame.<br \/>\nAh oui, j&rsquo;avais oubli\u00e9 de dire qu&rsquo;il y avait de tr\u00e8s belles fleurs de partout et de ce fait d&rsquo;agr\u00e9ables discussions et d&rsquo;autres moments partag\u00e9s bien sympathiques.<br \/>\n<em>Philippe.<br \/>\n<\/em>Cotation : 11.5 km &#8211; 298 m de d\u00e9nivel\u00e9.<\/p>\n","protected":false},"excerpt":{"rendered":"<p>Voir ici les photos de notre randonn\u00e9e \u00e0 Boulbon.<\/p>\n","protected":false},"author":1,"featured_media":16739,"comment_status":"closed","ping_status":"closed","sticky":false,"template":"","format":"standard","meta":{"footnotes":""},"categories":[4],"tags":[],"class_list":["post-16735","post","type-post","status-publish","format-standard","has-post-thumbnail","hentry","category-randonnees"],"_links":{"self":[{"href":"https:\/\/culturotheque.fr\/index.php\/wp-json\/wp\/v2\/posts\/16735","targetHints":{"allow":["GET"]}}],"collection":[{"href":"https:\/\/culturotheque.fr\/index.php\/wp-json\/wp\/v2\/posts"}],"about":[{"href":"https:\/\/culturotheque.fr\/index.php\/wp-json\/wp\/v2\/types\/post"}],"author":[{"embeddable":true,"href":"https:\/\/culturotheque.fr\/index.php\/wp-json\/wp\/v2\/users\/1"}],"replies":[{"embeddable":true,"href":"https:\/\/culturotheque.fr\/index.php\/wp-json\/wp\/v2\/comments?post=16735"}],"version-history":[{"count":4,"href":"https:\/\/culturotheque.fr\/index.php\/wp-json\/wp\/v2\/posts\/16735\/revisions"}],"predecessor-version":[{"id":16740,"href":"https:\/\/culturotheque.fr\/index.php\/wp-json\/wp\/v2\/posts\/16735\/revisions\/16740"}],"wp:featuredmedia":[{"embeddable":true,"href":"https:\/\/culturotheque.fr\/index.php\/wp-json\/wp\/v2\/media\/16739"}],"wp:attachment":[{"href":"https:\/\/culturotheque.fr\/index.php\/wp-json\/wp\/v2\/media?parent=16735"}],"wp:term":[{"taxonomy":"category","embeddable":true,"href":"https:\/\/culturotheque.fr\/index.php\/wp-json\/wp\/v2\/categories?post=16735"},{"taxonomy":"post_tag","embeddable":true,"href":"https:\/\/culturotheque.fr\/index.php\/wp-json\/wp\/v2\/tags?post=16735"}],"curies":[{"name":"wp","href":"https:\/\/api.w.org\/{rel}","templated":true}]}}