{"id":16741,"date":"2026-04-14T11:43:45","date_gmt":"2026-04-14T09:43:45","guid":{"rendered":"https:\/\/culturotheque.fr\/?p=16741"},"modified":"2026-04-29T12:04:55","modified_gmt":"2026-04-29T10:04:55","slug":"la-gente-feminine-du-roi-rene","status":"publish","type":"post","link":"https:\/\/culturotheque.fr\/index.php\/2026\/04\/14\/la-gente-feminine-du-roi-rene\/","title":{"rendered":"La gente f\u00e9minine du Roi Ren\u00e9"},"content":{"rendered":"<p>Conf\u00e9rence de Mich\u00e8le<\/p>\n","protected":false},"excerpt":{"rendered":"<p>Conf\u00e9rence de Mich\u00e8le<\/p>\n","protected":false},"author":1,"featured_media":16752,"comment_status":"closed","ping_status":"closed","sticky":false,"template":"","format":"standard","meta":{"footnotes":""},"categories":[42],"tags":[],"class_list":["post-16741","post","type-post","status-publish","format-standard","has-post-thumbnail","hentry","category-10-conferences"],"_links":{"self":[{"href":"https:\/\/culturotheque.fr\/index.php\/wp-json\/wp\/v2\/posts\/16741","targetHints":{"allow":["GET"]}}],"collection":[{"href":"https:\/\/culturotheque.fr\/index.php\/wp-json\/wp\/v2\/posts"}],"about":[{"href":"https:\/\/culturotheque.fr\/index.php\/wp-json\/wp\/v2\/types\/post"}],"author":[{"embeddable":true,"href":"https:\/\/culturotheque.fr\/index.php\/wp-json\/wp\/v2\/users\/1"}],"replies":[{"embeddable":true,"href":"https:\/\/culturotheque.fr\/index.php\/wp-json\/wp\/v2\/comments?post=16741"}],"version-history":[{"count":2,"href":"https:\/\/culturotheque.fr\/index.php\/wp-json\/wp\/v2\/posts\/16741\/revisions"}],"predecessor-version":[{"id":16753,"href":"https:\/\/culturotheque.fr\/index.php\/wp-json\/wp\/v2\/posts\/16741\/revisions\/16753"}],"wp:featuredmedia":[{"embeddable":true,"href":"https:\/\/culturotheque.fr\/index.php\/wp-json\/wp\/v2\/media\/16752"}],"wp:attachment":[{"href":"https:\/\/culturotheque.fr\/index.php\/wp-json\/wp\/v2\/media?parent=16741"}],"wp:term":[{"taxonomy":"category","embeddable":true,"href":"https:\/\/culturotheque.fr\/index.php\/wp-json\/wp\/v2\/categories?post=16741"},{"taxonomy":"post_tag","embeddable":true,"href":"https:\/\/culturotheque.fr\/index.php\/wp-json\/wp\/v2\/tags?post=16741"}],"curies":[{"name":"wp","href":"https:\/\/api.w.org\/{rel}","templated":true}]}}