{"id":17113,"date":"2026-08-29T18:37:11","date_gmt":"2026-08-29T16:37:11","guid":{"rendered":"https:\/\/culturotheque.fr\/?p=17113"},"modified":"2026-08-30T09:39:37","modified_gmt":"2026-08-30T07:39:37","slug":"journee-des-associations","status":"publish","type":"post","link":"https:\/\/culturotheque.fr\/index.php\/2026\/08\/29\/journee-des-associations\/","title":{"rendered":"Journ\u00e9e des Associations"},"content":{"rendered":"<p><span style=\"color: #000080;\">QUELLE JOURN\u00c9E !<br \/>\n<a href=\"https:\/\/photos.app.goo.gl\/oN6Y9k3MG23Y17qs5\"><span style=\"color: #000080;\">Voir ici quelques photos de l&rsquo;installation du stand.<\/span><\/a><\/span><\/p>\n<p><!--more--><\/p>\n<p class=\"isSelectedEnd\" style=\"text-align: justify;\"><span style=\"color: #000080;\">Ce matin, de bonne heure, Daniel, Laurent et Philippe \u00e9taient d\u00e9j\u00e0 \u00e0 l\u2019\u0153uvre : chargement du mat\u00e9riel, transport, installation du stand\u2026 Une organisation bien rod\u00e9e !<\/span><br \/>\n<span style=\"color: #000080;\">\u00c0 peine le temps de profiter du petit d\u00e9jeuner offert aux associations que\u2026 notre stand \u00e9tait d\u00e9j\u00e0 pris d\u2019assaut !<\/span><br \/>\n<span style=\"color: #000080;\">Heureusement, \u00c9lisabeth, Marit\u00e9, Claude V. Claude T., Brigitte, Annie et Charles \u00e9taient pr\u00e9sents pour pr\u00eater main-forte. Et il fallait bien tout le monde pour accueillir les visiteurs, pr\u00e9senter La Culturoth\u00e8que, expliquer nos nombreuses activit\u00e9s et r\u00e9pondre aux questions.<\/span><br \/>\n<span style=\"color: #000080;\">\u00c0 13h, petit moment de r\u00e9pit : le temps d\u2019aller chercher une pizza, de s\u2019asseoir quelques instants, d\u2019\u00e9changer quelques impressions\u2026 et c\u2019\u00e9tait reparti !<\/span><br \/>\n<span style=\"color: #000080;\">Tout au long de la journ\u00e9e, les visiteurs se sont succ\u00e9d\u00e9 et les \u00e9changes ont \u00e9t\u00e9 nombreux. Que de belles rencontres, que de bons moments et que d\u2019int\u00e9r\u00eat pour nos activit\u00e9s !<\/span><br \/>\n<span style=\"color: #000080;\">Nous avons \u00e9galement eu le grand plaisir de voir passer de nombreux adh\u00e9rents, venus simplement nous faire un petit coucou. Apr\u00e8s la pause estivale, quel bonheur de se retrouver, de prendre des nouvelles, de raconter un peu ses vacances et surtout\u2026 de parler de la rentr\u00e9e !<\/span><br \/>\n<span style=\"color: #000080;\">Et une question est revenue tr\u00e8s souvent : \u00ab Alors, on reprend quand ? \u00bb<\/span><br \/>\n<span style=\"color: #000080;\">Le nouveau programme semble faire l\u2019unanimit\u00e9 et l\u2019impatience de reprendre les activit\u00e9s se fait d\u00e9j\u00e0 sentir !<\/span><br \/>\n<span style=\"color: #000080;\">Vers 17 heures, m\u00eame s\u2019il restait encore du monde devant notre stand et que la journ\u00e9e devait officiellement se terminer \u00e0 18 heures, la fatigue a eu raison de l\u2019\u00e9quipe : tout \u00e9tait remball\u00e9 et chacun a retrouv\u00e9 sa maison\u2026 avec un certain bonheur !<\/span><br \/>\n<span style=\"color: #000080;\">Une journ\u00e9e dense, fatigante certes, mais surtout riche en rencontres, en \u00e9changes, en sourires et en retrouvailles.<\/span><br \/>\n<span style=\"color: #000080;\">Un immense MERCI \u00e0 toute l\u2019\u00e9quipe de b\u00e9n\u00e9voles, qui a donn\u00e9 de son temps et de son \u00e9nergie pour faire vivre notre stand, ainsi qu\u2019\u00e0 tous les adh\u00e9rents venus nous saluer\u00a0<em> (et un grand merci particulier \u00e0 Daniel Laurent et Brigitte pour leur aide tr\u00e8s pr\u00e9cieuse&#8230; toute la journ\u00e9e !)<br \/>\n<\/em>Et maintenant, une chose est certaine :<\/span><br \/>\n<span style=\"color: #000080;\">NOUS AUSSI, NOUS AVONS H\u00c2TE DE VOUS RETROUVER !<\/span><br \/>\n<span style=\"color: #000080;\">Rendez-vous le 15 septembre pour le go\u00fbter de bienvenue et le lancement de cette nouvelle saison de La Culturoth\u00e8que.<\/span><\/p>\n<p class=\"isSelectedEnd\">\n","protected":false},"excerpt":{"rendered":"<p>QUELLE JOURN\u00c9E ! Voir ici quelques photos de l&rsquo;installation du stand.<\/p>\n","protected":false},"author":1,"featured_media":12062,"comment_status":"closed","ping_status":"closed","sticky":false,"template":"","format":"standard","meta":{"footnotes":""},"categories":[41],"tags":[],"class_list":["post-17113","post","type-post","status-publish","format-standard","has-post-thumbnail","hentry","category-actualites"],"_links":{"self":[{"href":"https:\/\/culturotheque.fr\/index.php\/wp-json\/wp\/v2\/posts\/17113","targetHints":{"allow":["GET"]}}],"collection":[{"href":"https:\/\/culturotheque.fr\/index.php\/wp-json\/wp\/v2\/posts"}],"about":[{"href":"https:\/\/culturotheque.fr\/index.php\/wp-json\/wp\/v2\/types\/post"}],"author":[{"embeddable":true,"href":"https:\/\/culturotheque.fr\/index.php\/wp-json\/wp\/v2\/users\/1"}],"replies":[{"embeddable":true,"href":"https:\/\/culturotheque.fr\/index.php\/wp-json\/wp\/v2\/comments?post=17113"}],"version-history":[{"count":5,"href":"https:\/\/culturotheque.fr\/index.php\/wp-json\/wp\/v2\/posts\/17113\/revisions"}],"predecessor-version":[{"id":17120,"href":"https:\/\/culturotheque.fr\/index.php\/wp-json\/wp\/v2\/posts\/17113\/revisions\/17120"}],"wp:featuredmedia":[{"embeddable":true,"href":"https:\/\/culturotheque.fr\/index.php\/wp-json\/wp\/v2\/media\/12062"}],"wp:attachment":[{"href":"https:\/\/culturotheque.fr\/index.php\/wp-json\/wp\/v2\/media?parent=17113"}],"wp:term":[{"taxonomy":"category","embeddable":true,"href":"https:\/\/culturotheque.fr\/index.php\/wp-json\/wp\/v2\/categories?post=17113"},{"taxonomy":"post_tag","embeddable":true,"href":"https:\/\/culturotheque.fr\/index.php\/wp-json\/wp\/v2\/tags?post=17113"}],"curies":[{"name":"wp","href":"https:\/\/api.w.org\/{rel}","templated":true}]}}