{"id":2091,"date":"2018-05-26T08:02:20","date_gmt":"2018-05-26T06:02:20","guid":{"rendered":"http:\/\/culturotheque.fr\/?p=2091"},"modified":"2018-05-26T08:28:02","modified_gmt":"2018-05-26T06:28:02","slug":"la-sainte-victoire","status":"publish","type":"post","link":"https:\/\/culturotheque.fr\/index.php\/2018\/05\/26\/la-sainte-victoire\/","title":{"rendered":"La Sainte Victoire."},"content":{"rendered":"<p style=\"text-align: justify;\"><a href=\"https:\/\/photos.google.com\/share\/AF1QipMiUKqNB3zcCJp8LtnznwPzzsXa1FtbHf8be8CMs0G41uApQ28GiMfMstFk4Nu6IQ?key=dkRGNjhLYU1QTmprMzAyUWdWTGJIWEZVYWUzeHB3\">Voir ici les photos de Dominique L. concernant notre randonn\u00e9e \u00e0 Sainte-Victoire.<\/a><\/p>\n<p style=\"text-align: justify;\"><a href=\"https:\/\/photos.google.com\/share\/AF1QipPKrhUCKUm0XhDJHMtZOeQ468Shr5XErd5jGFn_bqSZkk5Pb0McAOtwAOgobNZaCw?hl=fr&amp;key=amVDUFFRNTF1eWYtOEhZNTE2ZXBrMUFzdXo2NUtR\">Voir ici des photos.<\/a><\/p>\n<p><!--more--><\/p>\n<p style=\"text-align: justify;\">Pas grand monde au rdv ce matin, mais nous partons avec une journ\u00e9e qui s&rsquo;annonce bien ensoleill\u00e9e. 1h35 de route sans encombres et nous voici au Col de Portes, apr\u00e8s Vauvenargues pour le d\u00e9part de notre ascension de La Ste Victoire (si on trouve le chemin !).<\/p>\n<p style=\"text-align: justify;\">Une large piste puis un sentier pentu nous am\u00e8ne assez rapidement\u00a0 \u00e0 l&rsquo;oratoire de Malivert o\u00f9 l&rsquo;on fait une pause pour savourer les beaux panoramas qui nous ont d\u00e9j\u00e0 \u00e9t\u00e9 offerts dans la mont\u00e9e.<\/p>\n<p style=\"text-align: justify;\">Maintenant on n&rsquo;a qu&rsquo;\u00e0 essayer de deviner le paysage : Puyloubier, Rousset, Chateauneuf le Rouge, Pourri\u00e8res, Trets, Peynier, Gardanne&#8230;. sont \u00e0 nos pieds. La montagne de Regagnas attire notre attention et nous essayons d&rsquo;apercevoir l&rsquo;Ermitage St Jean du Puy&#8230; Plus loin c&rsquo;est le Massif de la Ste Baume, et aussi la chaine de l&rsquo;Etoile, pays de Pagnol&#8230; Que de d&rsquo;horizons magnifiques !<\/p>\n<p style=\"text-align: justify;\">On suit le sentier de cr\u00eate en franchissant quelques passages rocheux : ce sera notre progression jusqu&rsquo;\u00e0 atteindre le Pic des Mouches <em>(1010m).\u00a0 <\/em><\/p>\n<p style=\"text-align: justify;\">Ici la sensation, la beaut\u00e9 et l&rsquo;ampleur des paysages sont indescriptibles. On profite simplement !&#8230; La pause repas s&rsquo;effectue dans ce pic rocheux qui nous inspire quelques envol\u00e9es&#8230; Ah si nous avions des ailes !<\/p>\n<p style=\"text-align: justify;\">Nous repartons un moment sur le m\u00eame sentier qu&rsquo;\u00e0 la mont\u00e9e, mais maintenant c&rsquo;est d&rsquo;autres panoramas que nous d\u00e9gustons \u00e0 chaque pas : Le Grand et Petit Lub\u00e9ron, La montagne du St S\u00e9pulcre et&#8230; bien s\u00fbr la cha\u00eene des Alpes avec ses sommets enneig\u00e9s. Malheureusement il y a un peu de brume, mais nous en prenons quand m\u00eame plein les mirettes.<\/p>\n<p style=\"text-align: justify;\">Le coup d&rsquo;oeil se poursuit pratiquement jusqu&rsquo;\u00e0 la jonction de notre chemin du d\u00e9part&#8230;<\/p>\n<p style=\"text-align: justify;\">Le retour s&rsquo;effectue sans encombres, sans bouchon \u00e0 Aix et nous sommes de retour \u00e0 17h45 !<\/p>\n<p><strong><span style=\"text-decoration: underline;\">Cotation<\/span><\/strong> : <em>B2 &#8211; 9.5 km &#8211; 500 m d\u00e9nivel\u00e9 &#8211; 4 randonneurs.<\/em><\/p>\n<p>&nbsp;<\/p>\n","protected":false},"excerpt":{"rendered":"<p>Voir ici les photos de Dominique L. concernant notre randonn\u00e9e \u00e0 Sainte-Victoire. Voir ici des photos.<\/p>\n","protected":false},"author":1,"featured_media":2095,"comment_status":"closed","ping_status":"closed","sticky":false,"template":"","format":"standard","meta":{"footnotes":""},"categories":[4],"tags":[],"class_list":["post-2091","post","type-post","status-publish","format-standard","has-post-thumbnail","hentry","category-randonnees"],"_links":{"self":[{"href":"https:\/\/culturotheque.fr\/index.php\/wp-json\/wp\/v2\/posts\/2091","targetHints":{"allow":["GET"]}}],"collection":[{"href":"https:\/\/culturotheque.fr\/index.php\/wp-json\/wp\/v2\/posts"}],"about":[{"href":"https:\/\/culturotheque.fr\/index.php\/wp-json\/wp\/v2\/types\/post"}],"author":[{"embeddable":true,"href":"https:\/\/culturotheque.fr\/index.php\/wp-json\/wp\/v2\/users\/1"}],"replies":[{"embeddable":true,"href":"https:\/\/culturotheque.fr\/index.php\/wp-json\/wp\/v2\/comments?post=2091"}],"version-history":[{"count":6,"href":"https:\/\/culturotheque.fr\/index.php\/wp-json\/wp\/v2\/posts\/2091\/revisions"}],"predecessor-version":[{"id":2098,"href":"https:\/\/culturotheque.fr\/index.php\/wp-json\/wp\/v2\/posts\/2091\/revisions\/2098"}],"wp:featuredmedia":[{"embeddable":true,"href":"https:\/\/culturotheque.fr\/index.php\/wp-json\/wp\/v2\/media\/2095"}],"wp:attachment":[{"href":"https:\/\/culturotheque.fr\/index.php\/wp-json\/wp\/v2\/media?parent=2091"}],"wp:term":[{"taxonomy":"category","embeddable":true,"href":"https:\/\/culturotheque.fr\/index.php\/wp-json\/wp\/v2\/categories?post=2091"},{"taxonomy":"post_tag","embeddable":true,"href":"https:\/\/culturotheque.fr\/index.php\/wp-json\/wp\/v2\/tags?post=2091"}],"curies":[{"name":"wp","href":"https:\/\/api.w.org\/{rel}","templated":true}]}}