{"id":2128,"date":"2018-06-04T11:41:46","date_gmt":"2018-06-04T09:41:46","guid":{"rendered":"http:\/\/culturotheque.fr\/?p=2128"},"modified":"2018-06-05T22:04:12","modified_gmt":"2018-06-05T20:04:12","slug":"st-veredeme","status":"publish","type":"post","link":"https:\/\/culturotheque.fr\/index.php\/2018\/06\/04\/st-veredeme\/","title":{"rendered":"St V\u00e9r\u00e9d\u00e8me"},"content":{"rendered":"<p style=\"text-align: justify;\"><a href=\"https:\/\/onedrive.live.com\/?authkey=%21AOLeLLD11x0FWPU&amp;id=5E3B14555FEF0764%2126894&amp;cid=5E3B14555FEF0764\">Voir ici les photos de Marie-Jeanne concernant la randonn\u00e9e \u00e0 Sanilhac-Sagri\u00e8s.<\/a><\/p>\n<p><a href=\"https:\/\/photos.google.com\/share\/AF1QipPPaT4cE_KMOpAPxYTFr-NO1IkKrP5smtynNzoDrtrhfI42RoKCANvSsk_xhIsJGA?key=UHgwSmN0ZjRIbzFOSlRYVDQ4Z1BkZkZuQjllRXRn\">Voir ici les photos d&rsquo;Albert.<\/a><\/p>\n","protected":false},"excerpt":{"rendered":"<p>Voir ici les photos de Marie-Jeanne concernant la randonn\u00e9e \u00e0 Sanilhac-Sagri\u00e8s. Voir ici les photos d&rsquo;Albert.<\/p>\n","protected":false},"author":1,"featured_media":2131,"comment_status":"closed","ping_status":"closed","sticky":false,"template":"","format":"standard","meta":{"footnotes":""},"categories":[4],"tags":[],"class_list":["post-2128","post","type-post","status-publish","format-standard","has-post-thumbnail","hentry","category-randonnees"],"_links":{"self":[{"href":"https:\/\/culturotheque.fr\/index.php\/wp-json\/wp\/v2\/posts\/2128","targetHints":{"allow":["GET"]}}],"collection":[{"href":"https:\/\/culturotheque.fr\/index.php\/wp-json\/wp\/v2\/posts"}],"about":[{"href":"https:\/\/culturotheque.fr\/index.php\/wp-json\/wp\/v2\/types\/post"}],"author":[{"embeddable":true,"href":"https:\/\/culturotheque.fr\/index.php\/wp-json\/wp\/v2\/users\/1"}],"replies":[{"embeddable":true,"href":"https:\/\/culturotheque.fr\/index.php\/wp-json\/wp\/v2\/comments?post=2128"}],"version-history":[{"count":2,"href":"https:\/\/culturotheque.fr\/index.php\/wp-json\/wp\/v2\/posts\/2128\/revisions"}],"predecessor-version":[{"id":2130,"href":"https:\/\/culturotheque.fr\/index.php\/wp-json\/wp\/v2\/posts\/2128\/revisions\/2130"}],"wp:featuredmedia":[{"embeddable":true,"href":"https:\/\/culturotheque.fr\/index.php\/wp-json\/wp\/v2\/media\/2131"}],"wp:attachment":[{"href":"https:\/\/culturotheque.fr\/index.php\/wp-json\/wp\/v2\/media?parent=2128"}],"wp:term":[{"taxonomy":"category","embeddable":true,"href":"https:\/\/culturotheque.fr\/index.php\/wp-json\/wp\/v2\/categories?post=2128"},{"taxonomy":"post_tag","embeddable":true,"href":"https:\/\/culturotheque.fr\/index.php\/wp-json\/wp\/v2\/tags?post=2128"}],"curies":[{"name":"wp","href":"https:\/\/api.w.org\/{rel}","templated":true}]}}