{"id":2146,"date":"2018-06-08T17:17:22","date_gmt":"2018-06-08T15:17:22","guid":{"rendered":"http:\/\/culturotheque.fr\/?p=2146"},"modified":"2018-06-08T20:07:35","modified_gmt":"2018-06-08T18:07:35","slug":"saint-siffret","status":"publish","type":"post","link":"https:\/\/culturotheque.fr\/index.php\/2018\/06\/08\/saint-siffret\/","title":{"rendered":"Saint-Siffret"},"content":{"rendered":"<p style=\"text-align: justify;\"><a href=\"https:\/\/photos.google.com\/share\/AF1QipOmvrsb7tgNkSRT1zcBeblemPU9rN9pV2LDauppm_l226cHRY4E9Kpx2rubZq6vYg?hl=fr&amp;key=c2tDdEJjeXdnMlRNOGlwYXpwbGZUS2RGaTJpM1Vn\">Voir ici les photos de notre randonn\u00e9e \u00e0 St Siffret.<\/a><\/p>\n<p><!--more--><\/p>\n<p style=\"text-align: justify;\">Nous voici \u00e0 St Siffret \u00e0 prendre un joli chemin qui descend au bas du village. D\u2019entr\u00e9e nous sommes interpell\u00e9s par les belles maisons en pierre, toutes d\u00e9cor\u00e9es, grandes et comportant cour ou terrasse. Un endroit o\u00f9 il fait bon vivre\u00a0!<\/p>\n<p style=\"text-align: justify;\">C\u2019est depuis le N\u00e9olithique et des habitations troglodytes creus\u00e9es au pied d\u2019un escarpement rocheux que le village existe et, s\u2019il se transforme au moyen-\u00e2ge, avec la pr\u00e9sence de deux ch\u00e2teaux qui dominent la vall\u00e9e, il m\u00e9rite aujourd\u2019hui d\u2019\u00eatre class\u00e9 dans les villages de charme.<\/p>\n<p style=\"text-align: justify;\">Si l\u2019on rep\u00e8re le premier ch\u00e2teau qui est en fait une ancienne demeure bourgeoise protestante, l\u2019autre\u00a0 a conserv\u00e9 sa tour carr\u00e9e et sa petite porte fortifi\u00e9e, vestige de la commanderie des Templiers construite au XII\u00e8me si\u00e8cle.<\/p>\n<p style=\"text-align: justify;\">Nous remontons le village pour admirer la tour de l\u2019horloge, du XIX\u00e8me si\u00e8cle avec son beau campanile en fer forg\u00e9, qui tr\u00f4ne sur la place de la Danse. Nous parcourrons les ruelles \u00e9troites et descendons dans un joli parc avant de remonter d\u00e9couvrir l\u2019\u00e9glise de style romano byzantin du XII\u00e8me si\u00e8cle, se promener dans les jardins de la Mairie et, enfin nous diriger vers le sentier des cr\u00eates\u00a0!<\/p>\n<p style=\"text-align: justify;\">Doucement nous nous \u00e9levons sur un grandiose panorama\u00a0: St Siffret devient de plus en plus petit, une partie d\u2019Uz\u00e8s et le village de St Quentin la Poterie se d\u00e9voilent, on rep\u00e8re le Mont Aigu o\u00f9 nous sommes all\u00e9s il n\u2019y a pas si longtemps avec \u00e0 ses pieds le village de Flaux. Nous arrivons \u00e0 une terrasse\/panorama qui nous permet de voir le Mont Bouquet, les C\u00e9vennes et les contreforts de la Loz\u00e8re, de l\u2019autre la brume nous emp\u00eache de voir le Mont Ventoux et\u2026. Le Mont Blanc\u00a0!<\/p>\n<p style=\"text-align: justify;\">Nous marchons un bon moment dans la garrigue avant de nous rendre compte combien le village s\u2019est \u00e9tendu, quelques chicanes ombrag\u00e9es et d\u2019une grande richesse florale nous ram\u00e8ne, alors que la chaleur commence \u00e0 se faire sentir, \u00e0 notre point de d\u00e9part\u00a0!<\/p>\n<p><strong><u>Cotation\u00a0<\/u><\/strong>: <em>B2 DJ \u2013 8.6 km \u2013 207 m d\u00e9nivel\u00e9 \u2013 7 randonneurs.<\/em><\/p>\n","protected":false},"excerpt":{"rendered":"<p>Voir ici les photos de notre randonn\u00e9e \u00e0 St Siffret.<\/p>\n","protected":false},"author":1,"featured_media":2147,"comment_status":"closed","ping_status":"closed","sticky":false,"template":"","format":"standard","meta":{"footnotes":""},"categories":[4],"tags":[],"class_list":["post-2146","post","type-post","status-publish","format-standard","has-post-thumbnail","hentry","category-randonnees"],"_links":{"self":[{"href":"https:\/\/culturotheque.fr\/index.php\/wp-json\/wp\/v2\/posts\/2146","targetHints":{"allow":["GET"]}}],"collection":[{"href":"https:\/\/culturotheque.fr\/index.php\/wp-json\/wp\/v2\/posts"}],"about":[{"href":"https:\/\/culturotheque.fr\/index.php\/wp-json\/wp\/v2\/types\/post"}],"author":[{"embeddable":true,"href":"https:\/\/culturotheque.fr\/index.php\/wp-json\/wp\/v2\/users\/1"}],"replies":[{"embeddable":true,"href":"https:\/\/culturotheque.fr\/index.php\/wp-json\/wp\/v2\/comments?post=2146"}],"version-history":[{"count":3,"href":"https:\/\/culturotheque.fr\/index.php\/wp-json\/wp\/v2\/posts\/2146\/revisions"}],"predecessor-version":[{"id":2150,"href":"https:\/\/culturotheque.fr\/index.php\/wp-json\/wp\/v2\/posts\/2146\/revisions\/2150"}],"wp:featuredmedia":[{"embeddable":true,"href":"https:\/\/culturotheque.fr\/index.php\/wp-json\/wp\/v2\/media\/2147"}],"wp:attachment":[{"href":"https:\/\/culturotheque.fr\/index.php\/wp-json\/wp\/v2\/media?parent=2146"}],"wp:term":[{"taxonomy":"category","embeddable":true,"href":"https:\/\/culturotheque.fr\/index.php\/wp-json\/wp\/v2\/categories?post=2146"},{"taxonomy":"post_tag","embeddable":true,"href":"https:\/\/culturotheque.fr\/index.php\/wp-json\/wp\/v2\/tags?post=2146"}],"curies":[{"name":"wp","href":"https:\/\/api.w.org\/{rel}","templated":true}]}}