{"id":2177,"date":"2018-06-15T17:15:51","date_gmt":"2018-06-15T15:15:51","guid":{"rendered":"http:\/\/culturotheque.fr\/?p=2177"},"modified":"2018-06-26T08:08:42","modified_gmt":"2018-06-26T06:08:42","slug":"triple-levee","status":"publish","type":"post","link":"https:\/\/culturotheque.fr\/index.php\/2018\/06\/15\/triple-levee\/","title":{"rendered":"Triple Lev\u00e9e"},"content":{"rendered":"<p><a href=\"https:\/\/photos.google.com\/share\/AF1QipO3ddnxNMji0LhKiKqBE5fOxwy-rWrNkD7mCzP9pTxVOZifcD4m79G1_KYH7wuUMA?hl=fr&amp;key=MnZ3TllBYmF2S2FjWTZZeFVOUG5WaXo2bVpLM3hB\">Voir ici les photos de notre randonn\u00e9e \u00e0 Beaucaire.<\/a><\/p>\n<p style=\"text-align: justify;\"><!--more--><\/p>\n<p style=\"text-align: justify;\">Au confluent du Rh\u00f4ne et du Gardon plusieurs hauteurs calcaires dominent une succession de collines qui longent, vers le sud, la rive droite du fleuve&#8230;<\/p>\n<p style=\"text-align: justify;\">Ce matin nous commen\u00e7ons par monter \u00e0 l&rsquo;Aiguille (153 m) par une large piste o\u00f9 nous sommes \u00e9tonn\u00e9s de trouver des fleurs de pavot qui ressemblent bien \u00e0 des\u00a0 <i>Papaver somniferum ou \u00ab\u00a0pavot somnif\u00e8re\u00a0\u00bb. C&rsquo;est de cette vari\u00e9t\u00e9 que l&rsquo;on extrait le latex afin de confectionner&#8230;. l&rsquo;opium !\u00a0 <\/i>Surpris mais aussi des belles courbes du Rh\u00f4ne que nous d\u00e9couvrons en montant.<\/p>\n<p style=\"text-align: justify;\">Arriv\u00e9s \u00e0 l&rsquo;Aiguille, nous contournons le site par le nord pour d\u00e9couvrir des restes d&rsquo;un habitat troglodytique, puis nous sommes au sommet avec une vue \u00e0 360\u00b0. On fait la pause pour \u00e9tudier les deux villages de Vallabr\u00e8gues et de Comps qui n&rsquo;en formaient qu&rsquo;un seul avant la R\u00e9volution avec, bien s\u00fbr, un trac\u00e9 du lit du Rh\u00f4ne bien diff\u00e9rent. On peut bien rep\u00e9rer le paysage qui se juxtapose jusqu&rsquo;\u00e0 Beaucaire : la garrigue, le plateau et la plaine o\u00f9 se sont install\u00e9s, il y a 50 000 ans, des chasseurs qui y ont \u00e9tabli un campement \u00e0 l&rsquo;abri de ces vallons pr\u00e8s du Rh\u00f4ne et du Gardon.<\/p>\n<p style=\"text-align: justify;\">On visite le site de l&rsquo;Aiguille en compagnie d&rsquo;un bouc nain, veuf depuis quelques temps de deux petites ch\u00e8vres qui ont disparues. La table d&rsquo;orientation nous conforte dans nos connaissance de lecture de paysage.<\/p>\n<p style=\"text-align: justify;\">On redescend pour\u00a0 remonter et atteindre le sommet du Mourillon (122m) avant d&rsquo;entreprendre un sentier qui d\u00e9vale vers Comps et l&rsquo;aqueduc, dit \u00ab\u00a0Les Arcades\u00a0\u00bb qui transporte, sur cet axe a\u00e9rien, l&rsquo;eau du Rh\u00f4ne pour alimenter la ville de N\u00eemes.<\/p>\n<p style=\"text-align: justify;\">Nous y trouvons un sentier fl\u00e9ch\u00e9 pour atteindre notre destination, la troisi\u00e8me des hauteurs calcaires : Triple Lev\u00e9e (156 m). Tout d&rsquo;abord c&rsquo;est un sentier \u00e9troit, bien fleuri (<em>encore quelques pavots ?!<\/em>) puis c&rsquo;est une mont\u00e9e assez raide que l&rsquo;on franchit \u00e0 l&rsquo;aise mais&#8230; gare \u00e0 la descente.<\/p>\n<p style=\"text-align: justify;\">Pour l&rsquo;instant, au sommet, nous essayons d&rsquo;imaginer la grande cabane ovale avec une base de pierre, des parois de bois et de terre et un toit de chaume qui s&rsquo;abritait, il y a plus de 4000 ans, sur cette terrasse naturelle ! Mais o\u00f9 pouvaient-ils cultiver les c\u00e9r\u00e9ales, \u00e9lever moutons et ch\u00e8vres et fa\u00e7onner des r\u00e9cipients en terre destin\u00e9s \u00e0 la cuisine et \u00e0 la conservation des provisions ! S\u00fbrement que la colline avait un autre aspect.<\/p>\n<p style=\"text-align: justify;\">Arriv\u00e9s \u00e0 la voiture nous avons eu la sensation d&rsquo;avoir fait un bond dans l&rsquo;histoire de Beaucaire tout en nous r\u00e9galant de ces magnifiques paysages&#8230;. Quelquefois il ne faut pas aller bien loin !<\/p>\n<p style=\"text-align: justify;\">C&rsquo;est la derni\u00e8re rencontre de la saison 2017\/2018, c&rsquo;est avec \u00e9motion que l&rsquo;on se dit au-revoir&#8230;. \u00e0 la rentr\u00e9e de septembre donc. Bonnes Vacances \u00e0 tous !<\/p>\n<p style=\"text-align: justify;\"><span style=\"text-decoration: underline;\"><strong>Cotation<\/strong> <\/span>: <em>B2 DJ &#8211; 8 km &#8211; 300 m d\u00e9nivel\u00e9 &#8211; 8 randonneurs.<\/em><\/p>\n<p>&nbsp;<\/p>\n<p>&nbsp;<\/p>\n","protected":false},"excerpt":{"rendered":"<p>Voir ici les photos de notre randonn\u00e9e \u00e0 Beaucaire.<\/p>\n","protected":false},"author":1,"featured_media":2178,"comment_status":"closed","ping_status":"closed","sticky":false,"template":"","format":"standard","meta":{"footnotes":""},"categories":[4],"tags":[],"class_list":["post-2177","post","type-post","status-publish","format-standard","has-post-thumbnail","hentry","category-randonnees"],"_links":{"self":[{"href":"https:\/\/culturotheque.fr\/index.php\/wp-json\/wp\/v2\/posts\/2177","targetHints":{"allow":["GET"]}}],"collection":[{"href":"https:\/\/culturotheque.fr\/index.php\/wp-json\/wp\/v2\/posts"}],"about":[{"href":"https:\/\/culturotheque.fr\/index.php\/wp-json\/wp\/v2\/types\/post"}],"author":[{"embeddable":true,"href":"https:\/\/culturotheque.fr\/index.php\/wp-json\/wp\/v2\/users\/1"}],"replies":[{"embeddable":true,"href":"https:\/\/culturotheque.fr\/index.php\/wp-json\/wp\/v2\/comments?post=2177"}],"version-history":[{"count":6,"href":"https:\/\/culturotheque.fr\/index.php\/wp-json\/wp\/v2\/posts\/2177\/revisions"}],"predecessor-version":[{"id":2201,"href":"https:\/\/culturotheque.fr\/index.php\/wp-json\/wp\/v2\/posts\/2177\/revisions\/2201"}],"wp:featuredmedia":[{"embeddable":true,"href":"https:\/\/culturotheque.fr\/index.php\/wp-json\/wp\/v2\/media\/2178"}],"wp:attachment":[{"href":"https:\/\/culturotheque.fr\/index.php\/wp-json\/wp\/v2\/media?parent=2177"}],"wp:term":[{"taxonomy":"category","embeddable":true,"href":"https:\/\/culturotheque.fr\/index.php\/wp-json\/wp\/v2\/categories?post=2177"},{"taxonomy":"post_tag","embeddable":true,"href":"https:\/\/culturotheque.fr\/index.php\/wp-json\/wp\/v2\/tags?post=2177"}],"curies":[{"name":"wp","href":"https:\/\/api.w.org\/{rel}","templated":true}]}}