{"id":2478,"date":"2018-10-25T19:10:14","date_gmt":"2018-10-25T17:10:14","guid":{"rendered":"http:\/\/culturotheque.fr\/?p=2478"},"modified":"2018-10-28T18:03:13","modified_gmt":"2018-10-28T17:03:13","slug":"perpignan-forteresse-de-salses-exposition-raoul-dufy","status":"publish","type":"post","link":"https:\/\/culturotheque.fr\/index.php\/2018\/10\/25\/perpignan-forteresse-de-salses-exposition-raoul-dufy\/","title":{"rendered":"PERPIGNAN : Forteresse de Salses + Exposition Raoul Dufy"},"content":{"rendered":"<p><a href=\"https:\/\/photos.google.com\/share\/AF1QipMl0a3W4owBAy3hPvfn6zDgpxQzK_R9qkl-w4Uzig-66NqX0UU6qTXOQj1r4XmVLQ?key=MTUzUXJ6VUQxSGNpb1NGVDhMbHdCcGk5VWVvVnV3\">Voir ici les photos d&rsquo;Andr\u00e9 concernant\u00a0 notre sortie \u00e0 Perpignan.<\/a><\/p>\n<p><a href=\"https:\/\/onedrive.live.com\/?authkey=%21AAa%2DpThxuvnxvlA&amp;id=619A7121E41CC963%21701&amp;cid=619A7121E41CC963\">Voir ici les photos de Martine T<\/a>.<\/p>\n<p><!--more--><\/p>\n<p style=\"text-align: justify;\">Thierry, au volant de son bus tout neuf, file droit devant sur l\u2019autoroute, un soleil resplendissant dans le dos, vers la forteresse de Salses\u2026 Enfin\u00a0! Nous allons savoir ce que cache cette construction que nous apercevons tous lorsque nous prenons la direction de l\u2019Espagne\u00a0!<\/p>\n<p style=\"text-align: justify;\">Il s\u2019agit d\u2019une forteresse espagnole en territoire fran\u00e7ais\u00a0: en 1497 Ferdinand II d\u2019Aragon ordonne la construction d\u2019une forteresse \u00e0 Salses pour contr\u00f4ler l\u2019\u00e9troit passage qui relie la France \u00e0 l\u2019Espagne. Elle mobilise alors 20 % de la dotation annuelle de la Couronne. En 1503, les Espagnols r\u00e9sistent \u00e0 un premier si\u00e8ge alors que la forteresse n\u2019est pas achev\u00e9e. Elle est prise par les Fran\u00e7ais en 1639, reprise par les Espagnols en 1640\u2026\u00a0 Jusqu\u2019au trait\u00e9 des Pyr\u00e9n\u00e9es de 1659 ou le Roussillon devient fran\u00e7ais et la fronti\u00e8re est donc report\u00e9e sur les Pyr\u00e9n\u00e9es. Bien s\u00fbr plus besoin de forteresse. Elle sera donc transform\u00e9e en prison. Vauban pr\u00e9conisera de la d\u00e9molir mais les co\u00fbts \u00e9tant trop importants il la fera restaurer \u00e0 minima vers 1700. La forteresse sauv\u00e9e de la destruction et class\u00e9 depuis aux titres des monuments historiques depuis 1886, nous accueille donc dans la belle lumi\u00e8re catalane\u2026<\/p>\n<p style=\"text-align: justify;\">Notre guide ne manque pas d\u2019humour mais\u2026 \u00a0Attention aux \u00a0casse-cous\u00a0 dans les escaliers !<\/p>\n<p style=\"text-align: justify;\">C\u2019est d\u2019une mine r\u00e9jouie que nous traversons la barbacane \u00e0 la file indienne pour reprendre le chemin du parking o\u00f9 Thierry nous attends pour un transfert de courte dur\u00e9e \u00e0\u2026 \u00a0Perpignan\u00a0!<\/p>\n<p style=\"text-align: justify;\">Repas au restaurant pour certains, mais visite de la ville pour ceux qui ont apport\u00e9 leur sandwich. Le patrimoine historique et le vieux centre sont pleins de charmes et la journ\u00e9e est propice pour profiter de son atmosph\u00e8re agr\u00e9able \u00e0 l\u2019ombre des platanes et des palmiers car\u2026 une fois travers\u00e9 la T\u00eat on se croirait dans un village m\u00e9di\u00e9val aux fa\u00e7ades des boutiques bien accueillantes. Un peu rapidement certes mais nous visitons le Castillet, embl\u00e8me de la ville. Mais oui, certains ont pu rentrer dans cette porte fortifi\u00e9e du XIVe si\u00e8cle et monter les 142 marches du donjon pour profiter d\u2019une vue panoramique de la ville.<\/p>\n<p style=\"text-align: justify;\">On a visit\u00e9 la cath\u00e9drale St-Jean-Baptiste de style gothique m\u00e9ridional et son clo\u00eetre-cimeti\u00e8re ainsi que l\u2019immense cour entour\u00e9e d\u2019arcades gothiques en marbre blanc et, on a aussi\u00a0 savour\u00e9 l\u2019ambiance \u00a0des places comme celle de la Loge o\u00f9 le b\u00e2timent de La Loge de Mer tr\u00f4ne fi\u00e8rement juste \u00e0 c\u00f4t\u00e9 de l\u2019H\u00f4tel de Ville ainsi qu\u2019une sculpture d\u2019Aristide Maillol ou\u2026 la place Arago o\u00f9 le personnage semble nous montrer le chemin du ciel, sa sp\u00e9cialit\u00e9.<\/p>\n<p style=\"text-align: justify;\">Nous voici tous aux rdv fix\u00e9s pour les visites guid\u00e9es de l\u2019exposition Raoul Dufy. Une des guides enchante ses auditeurs, l\u2019autre semble s\u2019attarder sur trop de d\u00e9tails mais nous sommes tous heureux de voir des \u0153uvres de cet artiste bien connu.<\/p>\n<p style=\"text-align: justify;\">Le retour \u00e0 Beaucaire est bien silencieux\u00a0! Chacun savoure les belles images emmagasin\u00e9e tout au long de \u00a0cette journ\u00e9e, et surtout ce beau soleil qui nous a permis de se sentir en \u00e9t\u00e9 en cette belle fin d\u2019octobre\u00a0!<\/p>\n<p style=\"text-align: justify;\"><a href=\"http:\/\/www.exponaute.com\/magazine\/2018\/06\/12\/raoul-dufy-les-ateliers-de-perpignan\/\">Pour en savoir un peu plus sur l&rsquo;exposition Raoul Dufy<\/a><\/p>\n<p style=\"text-align: justify;\"><strong><u>Sortie BUS<\/u> <\/strong>: <em>Visite guid\u00e9e de la Forteresse de Salses + visite guid\u00e9e de l\u2019exposition \u00ab\u00a0Raoul Dufy les ateliers de Perpignan\u00a0\u00bb &#8211; 47 personnes\u00a0 &#8211; prix 20 \u20ac (Bus + entr\u00e9e et guide forteresse de Salses + entr\u00e9e Mus\u00e9e Hyacinthe Rigaud + guides).<\/em><\/p>\n<p>&nbsp;<\/p>\n","protected":false},"excerpt":{"rendered":"<p>Voir ici les photos d&rsquo;Andr\u00e9 concernant\u00a0 notre sortie \u00e0 Perpignan. Voir ici les photos de Martine T.<\/p>\n","protected":false},"author":1,"featured_media":2486,"comment_status":"closed","ping_status":"closed","sticky":false,"template":"","format":"standard","meta":{"footnotes":""},"categories":[7],"tags":[],"class_list":["post-2478","post","type-post","status-publish","format-standard","has-post-thumbnail","hentry","category-sorties"],"_links":{"self":[{"href":"https:\/\/culturotheque.fr\/index.php\/wp-json\/wp\/v2\/posts\/2478","targetHints":{"allow":["GET"]}}],"collection":[{"href":"https:\/\/culturotheque.fr\/index.php\/wp-json\/wp\/v2\/posts"}],"about":[{"href":"https:\/\/culturotheque.fr\/index.php\/wp-json\/wp\/v2\/types\/post"}],"author":[{"embeddable":true,"href":"https:\/\/culturotheque.fr\/index.php\/wp-json\/wp\/v2\/users\/1"}],"replies":[{"embeddable":true,"href":"https:\/\/culturotheque.fr\/index.php\/wp-json\/wp\/v2\/comments?post=2478"}],"version-history":[{"count":8,"href":"https:\/\/culturotheque.fr\/index.php\/wp-json\/wp\/v2\/posts\/2478\/revisions"}],"predecessor-version":[{"id":2492,"href":"https:\/\/culturotheque.fr\/index.php\/wp-json\/wp\/v2\/posts\/2478\/revisions\/2492"}],"wp:featuredmedia":[{"embeddable":true,"href":"https:\/\/culturotheque.fr\/index.php\/wp-json\/wp\/v2\/media\/2486"}],"wp:attachment":[{"href":"https:\/\/culturotheque.fr\/index.php\/wp-json\/wp\/v2\/media?parent=2478"}],"wp:term":[{"taxonomy":"category","embeddable":true,"href":"https:\/\/culturotheque.fr\/index.php\/wp-json\/wp\/v2\/categories?post=2478"},{"taxonomy":"post_tag","embeddable":true,"href":"https:\/\/culturotheque.fr\/index.php\/wp-json\/wp\/v2\/tags?post=2478"}],"curies":[{"name":"wp","href":"https:\/\/api.w.org\/{rel}","templated":true}]}}