{"id":3471,"date":"2019-04-18T08:25:56","date_gmt":"2019-04-18T06:25:56","guid":{"rendered":"http:\/\/culturotheque.fr\/?p=3471"},"modified":"2019-05-05T15:25:41","modified_gmt":"2019-05-05T13:25:41","slug":"sete","status":"publish","type":"post","link":"https:\/\/culturotheque.fr\/index.php\/2019\/04\/18\/sete\/","title":{"rendered":"SETE"},"content":{"rendered":"<p><a href=\"https:\/\/photos.app.goo.gl\/vSYejAwvE3vMidWj6\">Voir ici les photos de notre journ\u00e9e \u00e0 SETE.<\/a><\/p>\n<p><!--more--><\/p>\n<p style=\"text-align: justify;\">S\u00e8te est une ville attirante avec l\u2019\u00e9tang de Thau, lagon d\u2019eau sal\u00e9e et de l\u2019autre c\u00f4t\u00e9 son port. Mais ce qui est tout aussi attirant ce sont ses belles plages de sable, le mont Saint-Clair qui offre une vue sur la ville. Appel\u00e9e \u00ab<em>Venise du Languedoc<\/em>\u00bb elle est toujours sur notre liste des villes \u00e0 visiter.<br \/>\nPour changer nous avions organis\u00e9, enfin, la visite du mus\u00e9e Paul Val\u00e9ry. Tout \u00e9tait OK\u00a0: la travers\u00e9e de la ville et le transfert en bus devant la porte du mus\u00e9e avec un petit temps libre pour d\u00e9ambuler dans le fameux cimeti\u00e8re marin immortalis\u00e9 par le po\u00e8me de Paul Val\u00e9ry et par Georges Brassens dans la <em>Supplique<\/em>. Tout aurait \u00e9t\u00e9 bien confortable mais voil\u00e0\u2026 Voil\u00e0 qu\u2019une canalisation d\u2019eau a voulu changer ce\u00a0 magnifique programme ! J\u00e9rome, notre chauffeur, a d\u00fb faire preuve de talent pour sortir le bus de la situation critique dans laquelle il mettait la ville en cr\u00e9ant un bouchon&#8230; puis il nous a laiss\u00e9 sur le port. Nous voici donc, un bus complet, \u00e0 attaquer la mont\u00e9e de la Corniche. Qui ne marche pas sur le trottoir ? Qui ne fait pas attention aux voitures dont les chauffeurs sont stress\u00e9s par les bouchons ? Une remise \u00e0 l\u2019ordre s\u2019impose pour\u2026 le plus grand fou rire collectif !<br \/>\nOn coupe par le cimeti\u00e8re marin,\u00a0 \u00ab\u00a0<strong><em>mon cimeti\u00e8re soit plus marin que le sien<\/em><\/strong>\u00a0\u00bb chante G. Brassens on passe devant la tombe de Paul Val\u00e9ry et nous voici, en fait assez rapidement, devant l\u2019entr\u00e9e du mus\u00e9e. Oui tout le monde est au rdv.<br \/>\nUne guide prend un groupe pour visiter l\u2019Expo \u00ab Passages \u00bb de CharlElie Couture tandis que les autres d\u00e9couvrent les \u0153uvres du mus\u00e9e. Essentiellement compos\u00e9e d\u2019\u0153uvres du XIXe si\u00e8cle \u00e0 nos jours, la collection de peintures comporte un ensemble d\u2019\u0153uvres classiques, acad\u00e9miques et orientalistes (<em>Storck, Cabanel, Carrier-Belleuse, Lefebvre, Sylvestre\u2026)<\/em> tandis que le r\u00e9alisme est notamment repr\u00e9sent\u00e9 par une <em>Mer calme \u00e0 Palavas <\/em>de Courbet. Elle t\u00e9moigne surtout de l\u2019int\u00e9r\u00eat port\u00e9 \u00e0 l\u2019\u00eele singuli\u00e8re par de nombreux artistes (<em>Jongkind, Mols, Hintz, Troncy, Marquet<\/em>, ou bien encore les S\u00e9tois <em>Aristide Chapuzot et Toussaint Roussy<\/em>), qui en ont donn\u00e9 \u00a0de multiples repr\u00e9sentations et se sont fait parfois l\u2019\u00e9cho des \u00e9v\u00e9nements historiques locaux\u2026<br \/>\nPuis une autre guide vient chercher le deuxi\u00e8me groupe pour, aussi, l\u2019exposition de CharlElie Couture. On conna\u00eet tous CharlElie Couture comme chanteur mais ce que l\u2019on ne savait pas c\u2019est que Charl\u00c9lie a toujours poursuivi une d\u00e9marche vers ce qu&rsquo;il d\u00e9finit comme \u00ab<em><strong>l&rsquo;Art total<\/strong><\/em>\u00bb, attitude globale consistant \u00e0 trouver des interconnexions entre les formes d&rsquo;expressions de l&rsquo;homme que sont l&rsquo;\u00e9criture, l&rsquo;image et la musique. \u00ab <strong><em>J&rsquo;ai commenc\u00e9 quand j&rsquo;avais 15 ans. En France, j&rsquo;ai fait 80 expos. \u00c0 12 ans, dans une exposition de peintres dada\u00efstes que je visitais avec mon p\u00e8re \u00e0 Nancy, j&rsquo;ai eu comme le sentiment \u00e9bloui que c&rsquo;\u00e9tait \u00e7a qu&rsquo;il fallait que je fasse<\/em><\/strong><em>\u00a0\u00bb. <\/em>Ici les images pr\u00e9sent\u00e9es portent la marque de l\u2019univers urbain de New York, o\u00f9 CharlElie s\u2019est install\u00e9 en 2003, apr\u00e8s le d\u00e9c\u00e8s de son p\u00e8re, et a v\u00e9cu jusqu\u2019en 2017. Entre les gratte-ciels trait\u00e9s en nuances de noir et de gris, les pathways, passages pi\u00e9tons, z\u00e8brent de leurs larges bandes blanches le noir opaque du bitume : ces lignes, \u00ab<strong><em>ont-elles \u00e9t\u00e9 trac\u00e9es pour nous contraindre ? Sont-ce des conseils ou des ordres ?<\/em><\/strong>\u00bb, autant de questions qu\u2019il nous pose&#8230; On s\u2019\u00e9tonne aussi \u00a0des supports, toile, carton, papier, vinyle ou m\u00eame rideau de douche d\u00e9tourn\u00e9, qui sont aussi divers que les techniques employ\u00e9es, photographie, acrylique, huile et collage\u00a0! \u00a0<strong><em>\u00abCharlElie caract\u00e9rise sa d\u00e9marche comme celle d\u2019un sp\u00e9cialiste de la pluralit\u00e9 des arts, un \u00abmultiste\u00bb\u00bb<\/em><\/strong>, raconte nos guides&#8230; Sans aucun doute cette exposition \u00a0est une interrogation sur la nature m\u00eame de l\u2019art, elle \u00a0nous permet \u00a0\u00e0 nous de d\u00e9couvrir autrement CharlElie Couture \u00a0artiste singulier.<br \/>\nCette visite termin\u00e9e nous repartons en ville, assez rapidement en fait\u00a0: l\u2019heure du repas est bien avanc\u00e9e\u00a0! Nous voici les uns et les autres install\u00e9s devant \u00a0une assiette de poisson o\u00f9 une tielle. Qui peut nous raconter l\u2019histoire de la tielle\u00a0? Il faut remonter aux ann\u00e9es\u00a01930 et \u00e0 l\u2019ing\u00e9niosit\u00e9 d\u2019une famille\u00a0italienne pour que soit commercialis\u00e9e cette petite tourte garnie de poulpe \u00e9pic\u00e9, qui \u00e9tait jusqu&rsquo;alors le traditionnel d\u00e9jeuner des p\u00eacheurs italiens du Quartier-Haut devenue maintenant une v\u00e9ritable institution de la gastronomie s\u00e9toise.<br \/>\nOn a le temps de visiter la ville cr\u00e9\u00e9e il y a \u00e0 peine trois si\u00e8cles par Louis XIV qui a d\u00e9cid\u00e9 d\u2019offrir un d\u00e9bouch\u00e9 maritime au canal du Midi\u2026 Qui a visit\u00e9 la fameuse r\u00e9plique d&rsquo;un galion espagnol du XVIIe si\u00e8cle qui a jet\u00e9 l&rsquo;ancre dans le port de S\u00e8te ? En visitant ce navire marchand on a pu d\u00e9couvrir la vie des marins \u00e0 l&rsquo;\u00e9poque des premiers tours du monde, et faire un bond dans le pass\u00e9.<br \/>\nNous retrouvons J\u00e9rome qui nous am\u00e8ne jusque devant l\u2019entr\u00e9e de l\u2019Espace Georges Brassens. Enfin, pour notre plus grand plaisir, nous allons rencontrer Georges Brassens et ses confidences. La sc\u00e8ne est organis\u00e9e dans un parcours chronologique par la d\u00e9couverte de 10 salles ce qui nous permet d\u2019entrer\u00a0 dans son \u0153uvre mais aussi sa vie. Il nous reste un peu de temps libre pour, ensuite, d\u00e9couvrir sa tombe\u00a0!<br \/>\nVoil\u00e0 une belle journ\u00e9e qui se termine\u00a0et nous sommes donc dans le bus \u00e0 discuter et raconter les uns et les autres les d\u00e9couvertes particuli\u00e8res durant notre temps libre, \u00e0 moins que ce ne soit le menu du soir\u00a0! Des tielles \u00e0 n\u2019en pas douter\u2026<br \/>\n<strong><u>Sortie BUS<\/u><\/strong> : Transfert bus + <em>Visite du Mus\u00e9e Paul Val\u00e9ry + visite guid\u00e9e de l&rsquo;exposition \u00ab\u00a0Passages\u00a0\u00bb de CharlElie Couture + temps libre + visite de l&rsquo;Espace Georges Brassens.\u00a0 \u2013 prix 20 \u20ac (Bus + entr\u00e9es + guides).<\/em><\/p>\n<p>&nbsp;<\/p>\n","protected":false},"excerpt":{"rendered":"<p>Voir ici les photos de notre journ\u00e9e \u00e0 SETE.<\/p>\n","protected":false},"author":1,"featured_media":3480,"comment_status":"closed","ping_status":"closed","sticky":false,"template":"","format":"standard","meta":{"footnotes":""},"categories":[7],"tags":[],"class_list":["post-3471","post","type-post","status-publish","format-standard","has-post-thumbnail","hentry","category-sorties"],"_links":{"self":[{"href":"https:\/\/culturotheque.fr\/index.php\/wp-json\/wp\/v2\/posts\/3471","targetHints":{"allow":["GET"]}}],"collection":[{"href":"https:\/\/culturotheque.fr\/index.php\/wp-json\/wp\/v2\/posts"}],"about":[{"href":"https:\/\/culturotheque.fr\/index.php\/wp-json\/wp\/v2\/types\/post"}],"author":[{"embeddable":true,"href":"https:\/\/culturotheque.fr\/index.php\/wp-json\/wp\/v2\/users\/1"}],"replies":[{"embeddable":true,"href":"https:\/\/culturotheque.fr\/index.php\/wp-json\/wp\/v2\/comments?post=3471"}],"version-history":[{"count":7,"href":"https:\/\/culturotheque.fr\/index.php\/wp-json\/wp\/v2\/posts\/3471\/revisions"}],"predecessor-version":[{"id":3537,"href":"https:\/\/culturotheque.fr\/index.php\/wp-json\/wp\/v2\/posts\/3471\/revisions\/3537"}],"wp:featuredmedia":[{"embeddable":true,"href":"https:\/\/culturotheque.fr\/index.php\/wp-json\/wp\/v2\/media\/3480"}],"wp:attachment":[{"href":"https:\/\/culturotheque.fr\/index.php\/wp-json\/wp\/v2\/media?parent=3471"}],"wp:term":[{"taxonomy":"category","embeddable":true,"href":"https:\/\/culturotheque.fr\/index.php\/wp-json\/wp\/v2\/categories?post=3471"},{"taxonomy":"post_tag","embeddable":true,"href":"https:\/\/culturotheque.fr\/index.php\/wp-json\/wp\/v2\/tags?post=3471"}],"curies":[{"name":"wp","href":"https:\/\/api.w.org\/{rel}","templated":true}]}}