{"id":3610,"date":"2019-05-15T19:17:21","date_gmt":"2019-05-15T17:17:21","guid":{"rendered":"http:\/\/culturotheque.fr\/?p=3610"},"modified":"2019-05-18T14:45:43","modified_gmt":"2019-05-18T12:45:43","slug":"au-fil-de-leau","status":"publish","type":"post","link":"https:\/\/culturotheque.fr\/index.php\/2019\/05\/15\/au-fil-de-leau\/","title":{"rendered":"Au fil de l&rsquo;eau"},"content":{"rendered":"<p><a href=\"https:\/\/photos.app.goo.gl\/xSjq56TahnjuGHnJ7\">Voir ici les photos de notre randonn\u00e9e \u00e0 Noves.<\/a><\/p>\n<p><!--more--><\/p>\n<p style=\"text-align: justify;\">Noves le village de Laure de Noves qui avait \u00e9pous\u00e9 Hugues de Sade\u2026 P\u00e9trarque l\u2019avait aper\u00e7ue \u00e0 l\u2019\u00e9glise Ste-Claire d\u2019Avignon et s\u2019\u00e9tait \u00e9prit d\u2019elle. Cet amour platonique a inspir\u00e9 le g\u00e9nie lyrique de P\u00e9trarque qui a compos\u00e9 <em>le Canzionere<\/em> comportant 366 po\u00e8mes (<em>263 durant la vie de Laure et 103 apr\u00e8s sa mort<\/em>). La muse de P\u00e9trarque est morte \u00e0 Avignon en 1348 de la peste. Laure \u00e9tait aussi l\u2019a\u00efeule du fameux Marquis de Sade&#8230;<br \/>\nLes pr\u00e9occupations des uns et des autres sont bien loin de l\u2019amour courtois et de la po\u00e9sie : allons-nous faire une belle randonn\u00e9e ? Allons-nous avoir de l\u2019ombre ?<br \/>\nLe temps est id\u00e9al, ni froid, ni chaud. Tr\u00e8s vite on quitte la ville pour traverser une voie ferr\u00e9e, nous engager sur un chemin longeant la Malauti\u00e8re, rivi\u00e8re pris\u00e9e des p\u00eacheurs.<br \/>\nSur la carte, la chapelle Notre-Dame de Piti\u00e9 nous interpelle mais regards dans sa direction sans succ\u00e8s. Nous faisons donc un aller-retour sur la colline\u00a0 du Pieu \u00a0pour la visiter. On nous dit qu\u2019\u00e0 cet emplacement se trouvaient les premiers habitants de Noves qui s\u2019y \u00e9taient install\u00e9s 600 ans av. J.-C qui ont donc marqu\u00e9 l\u2019origine de Noves.\u00a0 Cette chapelle est \u00e9difi\u00e9e en 1631 et a vu de nombreux p\u00e8lerinages contre la peste et\u2026 des cabanes y ont \u00e9t\u00e9 construite autour pour recevoir les malades en quarantaine.<br \/>\nOn poursuit en direction de la Durance (<em>qu\u2019on ne voit pas\u00a0!)<\/em> par un chemin ombrag\u00e9 avant de faire une boucle et d\u00e9ambuler\u00a0 un peu au hasard pour trouver un lac\u2026 Un lac ou un \u00e9tang\u00a0?<br \/>\nJoli paysage. Roseaux et n\u00e9nuphars cr\u00e9ent une ambiance d\u2019ailleurs\u2026 Les oiseaux chantent \u00e0 tue-t\u00eate, les grenouilles sautent de tout c\u00f4t\u00e9 et les p\u00eacheurs\u00a0 affichent leur nonchalance\u00a0!<br \/>\nOn quitte ce lieu enchanteur pour retrouver un chemin \u00e0 travers une dense for\u00eat et nous retraversons la Malauti\u00e8re qui, ici, s\u2019engage dans un courant endiabl\u00e9.<br \/>\nOn passe sur une ancienne voie ferr\u00e9e d\u00e9saffect\u00e9e, puis on longe encore un cours d\u2019eau, on passe le pont des Dindes en invitant les \u00ab\u00a0dindons\u00a0\u00bb \u00e0 montrer le chemin\u2026 et un d\u00e9nivel\u00e9\u00a0!<br \/>\nNous voici \u00e0 l\u2019esplanade du ch\u00e2teau f\u00e9odal. Le panorama est grandiose\u00a0: Mont Ventoux, Monts du Vaucluse, Petit et Grand\u00a0 Luberon, colline St Jacques et la barre des Alpilles\u00a0! Monique en perd sa casquette\u2026<br \/>\nOn redescend vers le village pour visiter l\u2019\u00e9glise St Baudile qui date du X\u00e8me si\u00e8cle. Il s\u2019agit d\u2019un monument original compos\u00e9 d\u2019art roman proven\u00e7al, d\u2019art gothique et de chapelles orn\u00e9es de boiseries.<br \/>\nOn retourne aux voitures\u2026 Mais pourquoi passe-t-on dans la rue principale\u00a0? Il n\u2019est pas question pour notre guide de nous faire passer par l\u2019ancienne \u00ab\u00a0<em>rue de Gachon<\/em>\u00a0\u00bb. En effet durant la peste, Noves voit toutes ses maisons infect\u00e9es et\u2026 la place manquant au cimeti\u00e8re pour inhumer les d\u00e9funts, la municipalit\u00e9 a d\u00e9cid\u00e9 de murer les deux extr\u00e9mit\u00e9s de cette rue et d\u2019y ouvrir une fosse commune pour y jeter les cadavres\u00a0: par une \u00e9chelle\u00a0! On faisait passer aux \u00ab\u00a0survivants\u00a0\u00bb de la nourriture et de la chaux vive pour br\u00fbler les cadavres. Lorsque les murs ont \u00e9t\u00e9 abattus on a trouv\u00e9 la fosse commune recouverte d&rsquo;une herbe tr\u00e8s haute et on a repris possession de la rue\u00a0!<br \/>\nLaissons l\u00e0 l\u2019histoire po\u00e9tique et fuyons la peste,\u00a0 pour rentrer avec des sourires tout plein et tellement heureux d\u2019avoir d\u00e9couvert une si jolie randonn\u00e9e !<\/p>\n","protected":false},"excerpt":{"rendered":"<p>Voir ici les photos de notre randonn\u00e9e \u00e0 Noves.<\/p>\n","protected":false},"author":1,"featured_media":3614,"comment_status":"closed","ping_status":"closed","sticky":false,"template":"","format":"standard","meta":{"footnotes":""},"categories":[4],"tags":[],"class_list":["post-3610","post","type-post","status-publish","format-standard","has-post-thumbnail","hentry","category-randonnees"],"_links":{"self":[{"href":"https:\/\/culturotheque.fr\/index.php\/wp-json\/wp\/v2\/posts\/3610","targetHints":{"allow":["GET"]}}],"collection":[{"href":"https:\/\/culturotheque.fr\/index.php\/wp-json\/wp\/v2\/posts"}],"about":[{"href":"https:\/\/culturotheque.fr\/index.php\/wp-json\/wp\/v2\/types\/post"}],"author":[{"embeddable":true,"href":"https:\/\/culturotheque.fr\/index.php\/wp-json\/wp\/v2\/users\/1"}],"replies":[{"embeddable":true,"href":"https:\/\/culturotheque.fr\/index.php\/wp-json\/wp\/v2\/comments?post=3610"}],"version-history":[{"count":3,"href":"https:\/\/culturotheque.fr\/index.php\/wp-json\/wp\/v2\/posts\/3610\/revisions"}],"predecessor-version":[{"id":3613,"href":"https:\/\/culturotheque.fr\/index.php\/wp-json\/wp\/v2\/posts\/3610\/revisions\/3613"}],"wp:featuredmedia":[{"embeddable":true,"href":"https:\/\/culturotheque.fr\/index.php\/wp-json\/wp\/v2\/media\/3614"}],"wp:attachment":[{"href":"https:\/\/culturotheque.fr\/index.php\/wp-json\/wp\/v2\/media?parent=3610"}],"wp:term":[{"taxonomy":"category","embeddable":true,"href":"https:\/\/culturotheque.fr\/index.php\/wp-json\/wp\/v2\/categories?post=3610"},{"taxonomy":"post_tag","embeddable":true,"href":"https:\/\/culturotheque.fr\/index.php\/wp-json\/wp\/v2\/tags?post=3610"}],"curies":[{"name":"wp","href":"https:\/\/api.w.org\/{rel}","templated":true}]}}