{"id":3773,"date":"2019-06-12T15:10:10","date_gmt":"2019-06-12T13:10:10","guid":{"rendered":"http:\/\/culturotheque.fr\/?p=3773"},"modified":"2019-06-12T15:10:58","modified_gmt":"2019-06-12T13:10:58","slug":"le-bois-de-clausonne-2","status":"publish","type":"post","link":"https:\/\/culturotheque.fr\/index.php\/2019\/06\/12\/le-bois-de-clausonne-2\/","title":{"rendered":"Le bois de Clausonne"},"content":{"rendered":"<p><a href=\"https:\/\/photos.app.goo.gl\/6XRpHkvpRBu9LZ4RA\">Voir ici les photos de notre rando \u00e0 Meynes<\/a><\/p>\n<p><!--more--><\/p>\n<p style=\"text-align: justify;\">Apr\u00e8s une forte pluie dans la nuit, ce matin le soleil est bien haut lorsque nous d\u00e9marrons notre balade. Il fait doux et les conversations sont tr\u00e8s anim\u00e9es : les projets pour la saison future fusent de tout c\u00f4t\u00e9.<br \/>\nOn arrive ainsi \u00e0 la cabanette puis on longe le bois de Clausonne pour y entrer ensuite au coeur. On rencontre ici et l\u00e0 quelques joggeurs ou randonneurs solitaires.<br \/>\nLa suite est un peu monotone au milieu des champs mais on s&rsquo;int\u00e9resse vivement aux cultures et aux champs tr\u00e8s fleuris !<br \/>\nIl est doux ensuite de redescendre le village pour rejoindre notre parking.<br \/>\n<strong>Cotation<\/strong> : <em>DJA1 &#8211; 10 km &#8211; 7 randonneurs.<\/em><\/p>\n<p>&nbsp;<\/p>\n","protected":false},"excerpt":{"rendered":"<p>Voir ici les photos de notre rando \u00e0 Meynes<\/p>\n","protected":false},"author":1,"featured_media":3775,"comment_status":"closed","ping_status":"closed","sticky":false,"template":"","format":"standard","meta":{"footnotes":""},"categories":[4],"tags":[],"class_list":["post-3773","post","type-post","status-publish","format-standard","has-post-thumbnail","hentry","category-randonnees"],"_links":{"self":[{"href":"https:\/\/culturotheque.fr\/index.php\/wp-json\/wp\/v2\/posts\/3773","targetHints":{"allow":["GET"]}}],"collection":[{"href":"https:\/\/culturotheque.fr\/index.php\/wp-json\/wp\/v2\/posts"}],"about":[{"href":"https:\/\/culturotheque.fr\/index.php\/wp-json\/wp\/v2\/types\/post"}],"author":[{"embeddable":true,"href":"https:\/\/culturotheque.fr\/index.php\/wp-json\/wp\/v2\/users\/1"}],"replies":[{"embeddable":true,"href":"https:\/\/culturotheque.fr\/index.php\/wp-json\/wp\/v2\/comments?post=3773"}],"version-history":[{"count":1,"href":"https:\/\/culturotheque.fr\/index.php\/wp-json\/wp\/v2\/posts\/3773\/revisions"}],"predecessor-version":[{"id":3774,"href":"https:\/\/culturotheque.fr\/index.php\/wp-json\/wp\/v2\/posts\/3773\/revisions\/3774"}],"wp:featuredmedia":[{"embeddable":true,"href":"https:\/\/culturotheque.fr\/index.php\/wp-json\/wp\/v2\/media\/3775"}],"wp:attachment":[{"href":"https:\/\/culturotheque.fr\/index.php\/wp-json\/wp\/v2\/media?parent=3773"}],"wp:term":[{"taxonomy":"category","embeddable":true,"href":"https:\/\/culturotheque.fr\/index.php\/wp-json\/wp\/v2\/categories?post=3773"},{"taxonomy":"post_tag","embeddable":true,"href":"https:\/\/culturotheque.fr\/index.php\/wp-json\/wp\/v2\/tags?post=3773"}],"curies":[{"name":"wp","href":"https:\/\/api.w.org\/{rel}","templated":true}]}}