{"id":3979,"date":"2019-09-26T10:17:19","date_gmt":"2019-09-26T08:17:19","guid":{"rendered":"http:\/\/culturotheque.fr\/?p=3979"},"modified":"2019-10-02T08:46:00","modified_gmt":"2019-10-02T06:46:00","slug":"sortie-aix-en-provence-lexposition-collection-thannhauser-de-la-fondation-solomon-r-guggenheim-de-new-york-la-fondation-vasarely","status":"publish","type":"post","link":"https:\/\/culturotheque.fr\/index.php\/2019\/09\/26\/sortie-aix-en-provence-lexposition-collection-thannhauser-de-la-fondation-solomon-r-guggenheim-de-new-york-la-fondation-vasarely\/","title":{"rendered":"Sortie Aix en Provence : Expo \u00ab\u00a0Collection Thannhauser &#8211; Guggenheim de New York\u00a0\u00bb + Fondation Vasarely"},"content":{"rendered":"<p><a href=\"https:\/\/photos.google.com\/share\/AF1QipMsUpEn_z5aw1NTBJUA7cmhyO8Fiv5AJXPjumbW-oKwu9fwPcCCHvhlDu_1o867CA?hl=fr&amp;key=dmpxamlCdWxNYjFjbTlGTlJrakRRNWhPcGtVanJn\">Voir ici les photos de notre journ\u00e9e \u00e0 Aix en Provence<\/a><br \/>\n<a href=\"https:\/\/photos.google.com\/share\/AF1QipMZZfMncfD-lK_6PvmGZsfKM60IKMHxOOn0aA5jk2VujpvnyRnpz6k4j4Oplwa3vA?key=U2tvY0lLeC01NUZ4WUgwZVhubTFGSm5KY0Y2Y253\">Voir ici les photos d&rsquo;Andr\u00e9.<\/a><br \/>\n<!--more--><\/p>\n<p style=\"text-align: justify;\">Heureux comme larrons en foire, nous nous laissons conduire par Franck. Le trajet est court, nous sommes d\u00e9j\u00e0 \u00e0 la Fondation Vasarely. Nos guides nous accompagnent dans une aventure exceptionnelle\u2026 \u00ab\u00a0<em>Victor Vasarely \u00a0commence ses \u00e9tudes de m\u00e9decine avant d\u2019\u00e9tudier au M\u00fchely \u00e0 Budapest (1930). Il s\u2019int\u00e9resse \u00e9galement au Bauhaus (\u00e9cole d\u2019architecture et d\u2019art appliqu\u00e9) avant de s\u2019installer en France, apr\u00e8s son mariage, \u00a0o\u00f9 il d\u00e9bute comme graphiste publicitaire. Zebra r\u00e9alis\u00e9 en 1939 est consid\u00e9r\u00e9 aujourd\u2019hui comme le premier travail dans le genre pop art. La famille Vasarely est s\u00e9duite par Gordes o\u00f9 il va d\u00e9velopper son propre mod\u00e8le d\u2019art abstrait g\u00e9om\u00e9trique\u2026<\/em>\u00a0\u00bb. On \u00e9coute bien s\u00fbr, mais on est vite \u00ab\u00a0happ\u00e9s\u00a0\u00bb par les \u0153uvres. On a tous un sourire jusqu\u2019aux oreilles, \u00e7a nous plait, on est enchant\u00e9. Les \u0153uvres sont joyeuses, amusantes\u2026 nous offrant de multiples exp\u00e9riences\u00a0!<br \/>\nA la sortie le soleil illumine Aix et le bleu du ciel nous incite \u00e0 manger vite pour se promener dans la ville. Aix en Provence est toujours anim\u00e9e, beaucoup de monde dans les rues, les terrasses, les boutiques. Certains d\u00e9couvrent la ville pour la premi\u00e8re fois et sont s\u00e9duits par les h\u00f4tels particuliers, la cath\u00e9drale. D&rsquo;autres profitent de l&rsquo;exposition \u00ab\u00a0R\u00e9trospective Vasarely &#8211; de l&rsquo;Op art \u00e0 la cit\u00e9 polychrome du bonheur\u00a0\u00bb ou encore font le tour de la ville sur les pas de C\u00e9zanne.<br \/>\nOn se retrouve tous \u00e0 15h30 \u00e0 l&rsquo;H\u00f4tel de Caumont pour visiter l&rsquo;exceptionnelle Exposition de la Collection Thannhauser (<em>marchand d&rsquo;art<\/em>), oeuvre du Guggenheim de New York. Des peintures, des sculptures d&rsquo;importants artistes impressionnistes, postimpressionnistes et modernes nous sont pr\u00e9sent\u00e9s (<em>Manet, Monet, Degas, C\u00e9zanne, van Gogh, Picasso, Delaunay, Braque&#8230;<\/em>.).<br \/>\nCes oeuvres sont connues, tr\u00e8s connues mais elles sont pr\u00e9sent\u00e9es pour la premi\u00e8re fois en Europe depuis plus de 50 ans. Nos guides sont exceptionnels, on d\u00e9couvre ces oeuvres comme si on lisait un livre d&rsquo;images&#8230;<br \/>\nLorsque nous sommes dans le bus pour notre retour \u00e0 Beaucaire, \u00e0 l&rsquo;unanimit\u00e9 nous exprimons notre bonheur d&rsquo;avoir pass\u00e9 une si belle journ\u00e9e !&#8230; Quelle journ\u00e9e !&#8230; Si les autres sorties de la saison sont aussi r\u00e9ussies que la premi\u00e8re\u00a0 nous n&rsquo;avons pas fini de nous r\u00e9galer.<\/p>\n<p>&nbsp;<\/p>\n","protected":false},"excerpt":{"rendered":"<p>Voir ici les photos de notre journ\u00e9e \u00e0 Aix en Provence Voir ici les photos d&rsquo;Andr\u00e9.<\/p>\n","protected":false},"author":1,"featured_media":3981,"comment_status":"closed","ping_status":"closed","sticky":false,"template":"","format":"standard","meta":{"footnotes":""},"categories":[7],"tags":[],"class_list":["post-3979","post","type-post","status-publish","format-standard","has-post-thumbnail","hentry","category-sorties"],"_links":{"self":[{"href":"https:\/\/culturotheque.fr\/index.php\/wp-json\/wp\/v2\/posts\/3979","targetHints":{"allow":["GET"]}}],"collection":[{"href":"https:\/\/culturotheque.fr\/index.php\/wp-json\/wp\/v2\/posts"}],"about":[{"href":"https:\/\/culturotheque.fr\/index.php\/wp-json\/wp\/v2\/types\/post"}],"author":[{"embeddable":true,"href":"https:\/\/culturotheque.fr\/index.php\/wp-json\/wp\/v2\/users\/1"}],"replies":[{"embeddable":true,"href":"https:\/\/culturotheque.fr\/index.php\/wp-json\/wp\/v2\/comments?post=3979"}],"version-history":[{"count":4,"href":"https:\/\/culturotheque.fr\/index.php\/wp-json\/wp\/v2\/posts\/3979\/revisions"}],"predecessor-version":[{"id":4003,"href":"https:\/\/culturotheque.fr\/index.php\/wp-json\/wp\/v2\/posts\/3979\/revisions\/4003"}],"wp:featuredmedia":[{"embeddable":true,"href":"https:\/\/culturotheque.fr\/index.php\/wp-json\/wp\/v2\/media\/3981"}],"wp:attachment":[{"href":"https:\/\/culturotheque.fr\/index.php\/wp-json\/wp\/v2\/media?parent=3979"}],"wp:term":[{"taxonomy":"category","embeddable":true,"href":"https:\/\/culturotheque.fr\/index.php\/wp-json\/wp\/v2\/categories?post=3979"},{"taxonomy":"post_tag","embeddable":true,"href":"https:\/\/culturotheque.fr\/index.php\/wp-json\/wp\/v2\/tags?post=3979"}],"curies":[{"name":"wp","href":"https:\/\/api.w.org\/{rel}","templated":true}]}}