{"id":4011,"date":"2019-10-02T19:03:21","date_gmt":"2019-10-02T17:03:21","guid":{"rendered":"http:\/\/culturotheque.fr\/?p=4011"},"modified":"2019-10-02T21:15:23","modified_gmt":"2019-10-02T19:15:23","slug":"combe-de-la-sabatiere-3","status":"publish","type":"post","link":"https:\/\/culturotheque.fr\/index.php\/2019\/10\/02\/combe-de-la-sabatiere-3\/","title":{"rendered":"Combe de la Sabati\u00e8re"},"content":{"rendered":"<p style=\"text-align: justify;\"><a href=\"https:\/\/photos.app.goo.gl\/KYxu7triW6s5w9uB6\">Voir ici les photos de notre randonn\u00e9e \u00e0 St-Hilaire-d&rsquo;Ozilhan<\/a><br \/>\n<!--more-->Aujourd&rsquo;hui nous devions aller randonner \u00e0 St-Siffret \u00e0 la demande d&rsquo;Agn\u00e8s mais&#8230; Dominique et Agn\u00e8s \u00e9tant en Ouzb\u00e9kistan nous reportons cette balade et nos pas nous ont dirig\u00e9s vers St-Hilaire d&rsquo;Ozilhan. O, Z Ozilhan ressemble peut-\u00eatre \u00e0 l&rsquo;Ouzb\u00e9kistan !<br \/>\nNous prenons la Combe de la Sabati\u00e8re \u00e0 partir\u00a0 de la Coste et nous montons tranquillement. Le terrain est caillouteux mais ne sommes-nous pas des randonneurs aguerris\u00a0 ?<br \/>\nOn arrive ainsi jusqu&rsquo;aux terres de Catin o\u00f9 une petite pause est bienvenue puis nous prenons la piste sur la droite. Tr\u00e8s vite la vue se d\u00e9gage pour le plus grand plaisir de tous : Castillon du Gard, la plaine de Remoulins, le Gardon, les monts Beaucairois, le Pic St Loup et&#8230; le Pont du Gard.<br \/>\nLe paysage est insolite, une belle for\u00eat de C\u00e8dres est en pousse et plus bas c&rsquo;est un paysage de Toscane avec des cypr\u00e8s droits comme des I.<br \/>\nLa randonn\u00e9e semblait bien confortable jusque l\u00e0&#8230; c&rsquo;\u00e9tait sans compter une petite variante qui nous entra\u00eene au \u00ab\u00a0Castelas\u00a0\u00bb. Il s&rsquo;agit des ruines d&rsquo;un ch\u00e2teau m\u00e9di\u00e9val install\u00e9 sur un piton dominant. Une tour pointue nous invite \u00e0 satisfaire notre curiosit\u00e9 mais le site est vraiment enfoui sous la v\u00e9g\u00e9tation. On fait un petit aller\/retour jusqu&rsquo;aux remparts qui nous offrent une belle vue sur une combe en contre-bas.<br \/>\nOn rejoint assez vite le village, heureux de cette balade qui, enfin pour la premi\u00e8re fois depuis la rentr\u00e9e, s&rsquo;est d\u00e9roul\u00e9e dans des conditions id\u00e9ales de temp\u00e9rature.<br \/>\n<span style=\"text-decoration: underline;\"><strong>Cotation<\/strong><\/span> : <em>DJA1 &#8211; 8 km &#8211; 220 m d\u00e9nivel\u00e9 &#8211; 19 randonneurs.<\/em><\/p>\n","protected":false},"excerpt":{"rendered":"<p>Voir ici les photos de notre randonn\u00e9e \u00e0 St-Hilaire-d&rsquo;Ozilhan<\/p>\n","protected":false},"author":1,"featured_media":4015,"comment_status":"closed","ping_status":"closed","sticky":false,"template":"","format":"standard","meta":{"footnotes":""},"categories":[4],"tags":[],"class_list":["post-4011","post","type-post","status-publish","format-standard","has-post-thumbnail","hentry","category-randonnees"],"_links":{"self":[{"href":"https:\/\/culturotheque.fr\/index.php\/wp-json\/wp\/v2\/posts\/4011","targetHints":{"allow":["GET"]}}],"collection":[{"href":"https:\/\/culturotheque.fr\/index.php\/wp-json\/wp\/v2\/posts"}],"about":[{"href":"https:\/\/culturotheque.fr\/index.php\/wp-json\/wp\/v2\/types\/post"}],"author":[{"embeddable":true,"href":"https:\/\/culturotheque.fr\/index.php\/wp-json\/wp\/v2\/users\/1"}],"replies":[{"embeddable":true,"href":"https:\/\/culturotheque.fr\/index.php\/wp-json\/wp\/v2\/comments?post=4011"}],"version-history":[{"count":4,"href":"https:\/\/culturotheque.fr\/index.php\/wp-json\/wp\/v2\/posts\/4011\/revisions"}],"predecessor-version":[{"id":4016,"href":"https:\/\/culturotheque.fr\/index.php\/wp-json\/wp\/v2\/posts\/4011\/revisions\/4016"}],"wp:featuredmedia":[{"embeddable":true,"href":"https:\/\/culturotheque.fr\/index.php\/wp-json\/wp\/v2\/media\/4015"}],"wp:attachment":[{"href":"https:\/\/culturotheque.fr\/index.php\/wp-json\/wp\/v2\/media?parent=4011"}],"wp:term":[{"taxonomy":"category","embeddable":true,"href":"https:\/\/culturotheque.fr\/index.php\/wp-json\/wp\/v2\/categories?post=4011"},{"taxonomy":"post_tag","embeddable":true,"href":"https:\/\/culturotheque.fr\/index.php\/wp-json\/wp\/v2\/tags?post=4011"}],"curies":[{"name":"wp","href":"https:\/\/api.w.org\/{rel}","templated":true}]}}