{"id":4019,"date":"2019-10-04T13:25:45","date_gmt":"2019-10-04T11:25:45","guid":{"rendered":"http:\/\/culturotheque.fr\/?p=4019"},"modified":"2019-10-04T13:54:02","modified_gmt":"2019-10-04T11:54:02","slug":"la-lone","status":"publish","type":"post","link":"https:\/\/culturotheque.fr\/index.php\/2019\/10\/04\/la-lone\/","title":{"rendered":"La L\u00f4ne"},"content":{"rendered":"<p style=\"text-align: justify;\"><a href=\"https:\/\/photos.app.goo.gl\/g3PPfkinbzQ6Xupk9\">Voir ici les photos de notre randonn\u00e9e \u00e0 Vers-Pont-du-Gard.<\/a><br \/>\n<!--more--><br \/>\nC&rsquo;\u00e9tait peut-\u00eatre un peu dur de sortir de sa couette ce matin, mais ceux qui l&rsquo;ont fait garderont un bon souvenir de cette d\u00e9licieuse balade.<br \/>\nNous sommes partis de Vers par un petit chemin bord\u00e9 de murs en pierre et agr\u00e9ment\u00e9 d&rsquo;une rigolette pour rejoindre la B\u00e9gude St Pierre et sa Chapelle branquignolante. De l\u00e0 une grimpette nous entra\u00eene sur les bords d&rsquo;une falaise qui plonge dans le Gardon et sur le Ch\u00e2teau St-Privat.\u00a0 Ce ch\u00e2teau nous l&rsquo;avons d\u00e9j\u00e0 visit\u00e9 et l&rsquo;on sait qu&rsquo;il a accueilli Catherine de M\u00e9dicis et Richelieu. Les salles ont su pr\u00e9server toutes les strates du temps avec la m\u00e9moire du passage des hommes, qu&rsquo;ils soient guerriers, rois ou artistes. La chapelle est d\u00e9cor\u00e9e par l&rsquo;artiste peintre Desvalli\u00e8res et deux jardins, l&rsquo;un \u00e0 la fran\u00e7aise et l&rsquo;autre \u00e0 l&rsquo;anglaise ne manquent pas de charme. De notre promontoire nous admirons les toits, les grands arbres et l&rsquo;orangerie. Par contre le Gardon n&rsquo;a pas beaucoup d&rsquo;eau.<br \/>\nNous redescendons par un petit raidillon puis nous d\u00e9ambulons dans une for\u00eat bien ferm\u00e9e qui suit le lit du Gardon avant d&rsquo;aboutir sous le Pont du Gard. Surprise pour certains : c&rsquo;est la premi\u00e8re fois qu&rsquo;ils passent dessous.<br \/>\nOn prend les escaliers pour rejoindre un des bouts de l&rsquo;aqueduc et ensuite avoir un joli panorama sur le Pont-du-Gard. Le sentier s&rsquo;\u00e9tire ensuite\u00a0 longuement\u00a0 sur les traces de l&rsquo;aqueduc, parfois nous marchons sur ses ruines, parfois elles son apparentes.<br \/>\nNous traversons la route pour atteindre la L\u00f4ne o\u00f9 les ruines de l&rsquo;aqueduc se poursuivent.<br \/>\nC&rsquo;est ainsi que nous arrivons au Lavoir de Misserand avant de retrouver nos v\u00e9hicules.<br \/>\nOn se quitte avec un sourire jusqu&rsquo;aux oreilles du bonheur d&rsquo;avoir profit\u00e9 de ces beaux chemins, tr\u00e8s ludiques, d&rsquo;une si bonne compagnie\u00a0 et.. en plus avec, enfin, une temp\u00e9rature id\u00e9ale.<br \/>\n<span style=\"text-decoration: underline;\"><strong>Cotation<\/strong><\/span> : <em>DJB2 &#8211; 8 km &#8211; 200 m d\u00e9nivel\u00e9 &#8211; 18 randonneurs.<\/em><\/p>\n<p>&nbsp;<\/p>\n<p>&nbsp;<\/p>\n","protected":false},"excerpt":{"rendered":"<p>Voir ici les photos de notre randonn\u00e9e \u00e0 Vers-Pont-du-Gard.<\/p>\n","protected":false},"author":1,"featured_media":4023,"comment_status":"closed","ping_status":"closed","sticky":false,"template":"","format":"standard","meta":{"footnotes":""},"categories":[4],"tags":[],"class_list":["post-4019","post","type-post","status-publish","format-standard","has-post-thumbnail","hentry","category-randonnees"],"_links":{"self":[{"href":"https:\/\/culturotheque.fr\/index.php\/wp-json\/wp\/v2\/posts\/4019","targetHints":{"allow":["GET"]}}],"collection":[{"href":"https:\/\/culturotheque.fr\/index.php\/wp-json\/wp\/v2\/posts"}],"about":[{"href":"https:\/\/culturotheque.fr\/index.php\/wp-json\/wp\/v2\/types\/post"}],"author":[{"embeddable":true,"href":"https:\/\/culturotheque.fr\/index.php\/wp-json\/wp\/v2\/users\/1"}],"replies":[{"embeddable":true,"href":"https:\/\/culturotheque.fr\/index.php\/wp-json\/wp\/v2\/comments?post=4019"}],"version-history":[{"count":5,"href":"https:\/\/culturotheque.fr\/index.php\/wp-json\/wp\/v2\/posts\/4019\/revisions"}],"predecessor-version":[{"id":4025,"href":"https:\/\/culturotheque.fr\/index.php\/wp-json\/wp\/v2\/posts\/4019\/revisions\/4025"}],"wp:featuredmedia":[{"embeddable":true,"href":"https:\/\/culturotheque.fr\/index.php\/wp-json\/wp\/v2\/media\/4023"}],"wp:attachment":[{"href":"https:\/\/culturotheque.fr\/index.php\/wp-json\/wp\/v2\/media?parent=4019"}],"wp:term":[{"taxonomy":"category","embeddable":true,"href":"https:\/\/culturotheque.fr\/index.php\/wp-json\/wp\/v2\/categories?post=4019"},{"taxonomy":"post_tag","embeddable":true,"href":"https:\/\/culturotheque.fr\/index.php\/wp-json\/wp\/v2\/tags?post=4019"}],"curies":[{"name":"wp","href":"https:\/\/api.w.org\/{rel}","templated":true}]}}