{"id":4037,"date":"2019-10-09T18:41:36","date_gmt":"2019-10-09T16:41:36","guid":{"rendered":"http:\/\/culturotheque.fr\/?p=4037"},"modified":"2019-10-10T08:56:19","modified_gmt":"2019-10-10T06:56:19","slug":"sur-les-pas-de-van-gogh-2","status":"publish","type":"post","link":"https:\/\/culturotheque.fr\/index.php\/2019\/10\/09\/sur-les-pas-de-van-gogh-2\/","title":{"rendered":"Sur les pas de van Gogh"},"content":{"rendered":"<p style=\"text-align: justify;\"><a href=\"https:\/\/photos.app.goo.gl\/rDW8wRFfsFbQr63Y9\">Voir ici les photos de notre balade \u00e0 Arles.<\/a><br \/>\n<!--more-->Une programmation un peu sp\u00e9ciale cette semaine&#8230; Notre\u00a0 nous int\u00e9ressons \u00e0 Vincent van Gogh pour une raison bien pr\u00e9cise. Nous f\u00eatons ainsi les 20 ans de La Culturoth\u00e8que !<br \/>\nJanice nous accueille devant l&rsquo;office de Tourisme d&rsquo;Arles pour une randonn\u00e9e un peu particuli\u00e8re : nous mettre dans les pas de l&rsquo;artiste. Vincent van Gogh est arriv\u00e9 \u00e0 Arles en f\u00e9vrier 1888 pour un s\u00e9jour qui a \u00e9t\u00e9 l&rsquo;\u00e9poque la plus productive de son oeuvre. Nous sommes partis sur ses traces \u00e0 travers la ville, nous nous sommes arr\u00eat\u00e9s devant les bornes qui reproduisent certains de ses tableaux plac\u00e9s \u00e0 l&rsquo;endroit reconstitu\u00e9, ou suppos\u00e9, o\u00f9 il a install\u00e9 son chevalet.<br \/>\nC&rsquo;est un bon moment, Janice nous d\u00e9voile des quartiers inconnus de la plupart des participants et nous sommes accroch\u00e9s \u00e0 ses paroles pour d\u00e9couvrir les anecdotes qui ont fait la r\u00e9putation de cette triste p\u00e9riode car Vincent n&rsquo;a pas vraiment \u00e9t\u00e9 bien aim\u00e9 des Arl\u00e9siens, ce qui ne se refl\u00e8te pas du tout dans ses tableaux !<br \/>\nNous prolongeons un peu notre plaisir en partageant le verre de l&rsquo;amiti\u00e9, en attendant de nous retrouver demain pour continuer l&rsquo;aventure.<br \/>\n<span style=\"text-decoration: underline;\"><strong>Cotation<\/strong> <\/span>: <em>DJA1 &#8211; 19 randonneurs.<\/em><\/p>\n","protected":false},"excerpt":{"rendered":"<p>Voir ici les photos de notre balade \u00e0 Arles.<\/p>\n","protected":false},"author":1,"featured_media":4039,"comment_status":"closed","ping_status":"closed","sticky":false,"template":"","format":"standard","meta":{"footnotes":""},"categories":[4],"tags":[],"class_list":["post-4037","post","type-post","status-publish","format-standard","has-post-thumbnail","hentry","category-randonnees"],"_links":{"self":[{"href":"https:\/\/culturotheque.fr\/index.php\/wp-json\/wp\/v2\/posts\/4037","targetHints":{"allow":["GET"]}}],"collection":[{"href":"https:\/\/culturotheque.fr\/index.php\/wp-json\/wp\/v2\/posts"}],"about":[{"href":"https:\/\/culturotheque.fr\/index.php\/wp-json\/wp\/v2\/types\/post"}],"author":[{"embeddable":true,"href":"https:\/\/culturotheque.fr\/index.php\/wp-json\/wp\/v2\/users\/1"}],"replies":[{"embeddable":true,"href":"https:\/\/culturotheque.fr\/index.php\/wp-json\/wp\/v2\/comments?post=4037"}],"version-history":[{"count":5,"href":"https:\/\/culturotheque.fr\/index.php\/wp-json\/wp\/v2\/posts\/4037\/revisions"}],"predecessor-version":[{"id":4045,"href":"https:\/\/culturotheque.fr\/index.php\/wp-json\/wp\/v2\/posts\/4037\/revisions\/4045"}],"wp:featuredmedia":[{"embeddable":true,"href":"https:\/\/culturotheque.fr\/index.php\/wp-json\/wp\/v2\/media\/4039"}],"wp:attachment":[{"href":"https:\/\/culturotheque.fr\/index.php\/wp-json\/wp\/v2\/media?parent=4037"}],"wp:term":[{"taxonomy":"category","embeddable":true,"href":"https:\/\/culturotheque.fr\/index.php\/wp-json\/wp\/v2\/categories?post=4037"},{"taxonomy":"post_tag","embeddable":true,"href":"https:\/\/culturotheque.fr\/index.php\/wp-json\/wp\/v2\/tags?post=4037"}],"curies":[{"name":"wp","href":"https:\/\/api.w.org\/{rel}","templated":true}]}}