{"id":4087,"date":"2019-10-18T20:15:09","date_gmt":"2019-10-18T18:15:09","guid":{"rendered":"http:\/\/culturotheque.fr\/?p=4087"},"modified":"2019-10-19T08:49:41","modified_gmt":"2019-10-19T06:49:41","slug":"chateau-de-roquemartine","status":"publish","type":"post","link":"https:\/\/culturotheque.fr\/index.php\/2019\/10\/18\/chateau-de-roquemartine\/","title":{"rendered":"Ch\u00e2teau de Roquemartine."},"content":{"rendered":"<p style=\"text-align: justify;\"><a href=\"https:\/\/photos.google.com\/album\/AF1QipPaUx7RYRKtt6fwU7WSIj5LAAxGGtJt0hLsptBc?hl=fr\">Voir ici les photos de notre randonn\u00e9e \u00e0 Eygui\u00e8res<\/a><br \/>\n<a href=\"https:\/\/photos.google.com\/share\/AF1QipMAGQZ2ccdg6C10pFh8ZVVExBlD6ZbnQ6wG4UkoEBSgGwNrjKsOffGZ0DQBOjM5Kg?key=Z00wU2NfWUs0S2ROUE5wVEJjTExJZW53RGFTVjl3\">Voir ici les photos d&rsquo;Andr\u00e9 (<em>pour la rando du ch\u00e2teau de Romanin \u00e0 St R\u00e9my ?!<\/em>)<\/a><br \/>\n<!--more--><\/p>\n<p style=\"text-align: justify;\">Aujourd\u2019hui tout le monde se trompe ! Notre guide a confondu deux ch\u00e2teaux et les gar\u00e7ons ont pens\u00e9 qu\u2019il s\u2019agissait d\u2019une rando \u00e0 la demi-journ\u00e9e ! Mais\u2026 en fait la balade se r\u00e9v\u00e8le pleine de surprises.<br \/>\nC\u2019est donc apr\u00e8s Eygui\u00e8res que nous commen\u00e7ons \u00e0 gambader sur de jolis chemins encadr\u00e9s par les Alpilles et le Luberon avant d\u2019arriver au niveau d\u2019une petite for\u00eat de ch\u00eanes verts truff\u00e9e de champignons\u2026 non comestibles, ou du moins que nous n\u2019aimons pas. Mais\u2026 c\u2019est avec grand plaisir qu\u2019on se transforme en cueilleurs car la for\u00eat est vraiment belle. Les champignons nous poursuivent jusqu\u2019\u00e0 la chapelle Notre-Dame en ruines avant de prendre un joli chemin qui serpente au pied d\u2019une colline. Nous rencontrons un chasseur dont la roue de sa voiture est crev\u00e9e et\u2026 qui ne peut d\u00e9visser les boulons. Avec l\u2019aide de N\u00e9n\u00e9 tout rentre dans l\u2019ordre.<br \/>\nNous prenons tr\u00e8s vite un sentier qui monte raide mais nous sommes distraits par quelques fruits et fleurs de salsepareilles. Nous arrivons sur un sentier de cr\u00eate. Vue magnifique \u00e0 360\u00b0,\u00a0 sur Eygui\u00e8res, les Alpilles, le Luberon, la vall\u00e9e de la Durance. Qui voit les bateaux dans la mer ?<br \/>\nC\u2019est par ce sentier a\u00e9rien que nous arrivons au ch\u00e2teau de Roquemartine. Nous entrons dans la forteresse par une porte vo\u00fbt\u00e9e, visitons l\u2019\u00e9glise Saint-Sauveur ruin\u00e9e\u00a0 dont la construction remonte au XIVe si\u00e8cle, s\u00fbrement sur les restes d\u2019une chapelle du XIe si\u00e8cle. On devine les deux portes cintr\u00e9es, l\u2019une au nord, l\u2019autre au sud, une nef \u00e0 deux trav\u00e9es, une abside semi-circulaire et une toiture faite de dalles. La suite c\u2019est la grimpette pour atteindre le sommet\u00a0 du ch\u00e2teau. \u00ab Roquemartine \u00bb est un ancien castrum appel\u00e9 aussi \u00abch\u00e2teau de la Reine Jeanne \u00bb qui date des XII et XIIIe si\u00e8cle qui se dresse au sommet de hautes falaises d\u00e9nud\u00e9es dont les pentes herbeuses sont fr\u00e9quent\u00e9es par des troupeaux de moutons.<br \/>\nNous sommes bien heureux de d\u00e9couvrir ce site exceptionnel. Nous nous installons pour le repas en commun (<em>nous partageons nos victuailles<\/em>) et la d\u00e9gustation de la d\u00e9licieuse p\u00e2te de coins de Laure.<br \/>\nNous redescendons dans un d\u00e9dale de pierres pour arriver\u00a0 dans une plaine herbeuse que l\u2019on quitte assez rapidement pour aller sur un autre piton rocheux o\u00f9 nous trouvons un \u00e9tonnant pigeonnier.<br \/>\nLe retour se fait par un raccourci qui nous fait rejoindre le Mas de Loc et retrouver la voiture.<br \/>\n<span style=\"text-decoration: underline;\"><strong>Cotation<\/strong><\/span> : <em>JB2 &#8211; 9 km &#8211;\u00a0 200 m d\u00e9nivel\u00e9 &#8211; 7 randonneurs.<\/em><\/p>\n","protected":false},"excerpt":{"rendered":"<p>Voir ici les photos de notre randonn\u00e9e \u00e0 Eygui\u00e8res Voir ici les photos d&rsquo;Andr\u00e9 (pour la rando du ch\u00e2teau de Romanin \u00e0 St R\u00e9my ?!)<\/p>\n","protected":false},"author":1,"featured_media":4092,"comment_status":"closed","ping_status":"closed","sticky":false,"template":"","format":"standard","meta":{"footnotes":""},"categories":[4],"tags":[],"class_list":["post-4087","post","type-post","status-publish","format-standard","has-post-thumbnail","hentry","category-randonnees"],"_links":{"self":[{"href":"https:\/\/culturotheque.fr\/index.php\/wp-json\/wp\/v2\/posts\/4087","targetHints":{"allow":["GET"]}}],"collection":[{"href":"https:\/\/culturotheque.fr\/index.php\/wp-json\/wp\/v2\/posts"}],"about":[{"href":"https:\/\/culturotheque.fr\/index.php\/wp-json\/wp\/v2\/types\/post"}],"author":[{"embeddable":true,"href":"https:\/\/culturotheque.fr\/index.php\/wp-json\/wp\/v2\/users\/1"}],"replies":[{"embeddable":true,"href":"https:\/\/culturotheque.fr\/index.php\/wp-json\/wp\/v2\/comments?post=4087"}],"version-history":[{"count":4,"href":"https:\/\/culturotheque.fr\/index.php\/wp-json\/wp\/v2\/posts\/4087\/revisions"}],"predecessor-version":[{"id":4093,"href":"https:\/\/culturotheque.fr\/index.php\/wp-json\/wp\/v2\/posts\/4087\/revisions\/4093"}],"wp:featuredmedia":[{"embeddable":true,"href":"https:\/\/culturotheque.fr\/index.php\/wp-json\/wp\/v2\/media\/4092"}],"wp:attachment":[{"href":"https:\/\/culturotheque.fr\/index.php\/wp-json\/wp\/v2\/media?parent=4087"}],"wp:term":[{"taxonomy":"category","embeddable":true,"href":"https:\/\/culturotheque.fr\/index.php\/wp-json\/wp\/v2\/categories?post=4087"},{"taxonomy":"post_tag","embeddable":true,"href":"https:\/\/culturotheque.fr\/index.php\/wp-json\/wp\/v2\/tags?post=4087"}],"curies":[{"name":"wp","href":"https:\/\/api.w.org\/{rel}","templated":true}]}}