{"id":4123,"date":"2019-10-24T16:40:55","date_gmt":"2019-10-24T14:40:55","guid":{"rendered":"http:\/\/culturotheque.fr\/?p=4123"},"modified":"2019-10-29T08:02:22","modified_gmt":"2019-10-29T07:02:22","slug":"perpignan-visite-guidee-de-lexposition-rodin-maillol-face-a-face-visite-guidee-de-la-ville-de-perpignan","status":"publish","type":"post","link":"https:\/\/culturotheque.fr\/index.php\/2019\/10\/24\/perpignan-visite-guidee-de-lexposition-rodin-maillol-face-a-face-visite-guidee-de-la-ville-de-perpignan\/","title":{"rendered":"Perpignan : visite guid\u00e9e de l&rsquo;exposition \u00ab\u00a0Rodin-Maillol face \u00e0 face\u00a0\u00bb + visite guid\u00e9e de la ville de Perpignan."},"content":{"rendered":"<p><a href=\"https:\/\/photos.app.goo.gl\/ZKXHUWNqNLFEWVnW8\">Voir ici les photos de Martine concernant notre journ\u00e9e \u00e0 Perpignan<\/a><br \/>\n<a href=\"https:\/\/photos.google.com\/share\/AF1QipPrtsg3U32mOMaxpYhr1XeaQ799PP25W1sSZfLyq4ZJHJkg7ywbUjIQToaDII4oLw?hl=fr&amp;key=V3otR243elpienhVQVdUdUppWW1IdzBjLUNSTDRn\">Voir ici des photos.<\/a><br \/>\n<!--more--><\/p>\n<p style=\"text-align: justify;\">Malgr\u00e9 quelques absents qui se sont d\u00e9moralis\u00e9s suite \u00e0 3 jours de pluie, nous sommes au d\u00e9part pour une journ\u00e9e \u00e0 Perpignan\u2026. Avant de partir, panique, il nous faut changer de place les voitures stationn\u00e9es en zone inondable. Mais (<em>il y a toujours un mais\u00a0!<\/em>) tout le monde est d\u00e9tendu dans le bus et Franck peut conduire sans encombres, si ce n\u2019est un petit bouchon \u00e0 l\u2019entr\u00e9e de Perpignan.<br \/>\n2 groupes pour notre visite guid\u00e9e de l\u2019exposition \u00ab Rodin, Maillol face \u00e0 face ! \u00bb. C\u00e9line et Martine n\u2019imaginent pas les \u00e9motions qu\u2019elles vont nous procurer ! L\u2019exposition rassemble une cinquantaine d\u2019\u0153uvres monumentales mais au-del\u00e0 des \u0153uvres on savoure un grand moment. Opposer ces deux artistes, ou&#8230; ne pas les opposer en les mettant face \u00e0 face comme ils \u00e9taient dans la vie du si\u00e8cle dernier est un dialogue de leurs admirations r\u00e9ciproques.<br \/>\nLeur rencontre se situe\u00a0 vers 1902, Auguste Rodin \u00e0 62 ans alors qu\u2019Aristide Maillol n\u2019en a que 41 et durant 6 ans ils vont \u00e9changer, surtout\u00a0 en s\u2019\u00e9crivant, leurs recherches et leurs avis sur leur travail et sur l\u2019art en g\u00e9n\u00e9ral.<br \/>\nAuguste Rodin est consid\u00e9r\u00e9 comme le p\u00e8re de la sculpture moderne et nos guides savent nous montrer son doigt\u00e9 exceptionnel qui lui permettait de donner vie \u00e0 ses mod\u00e8les. On ressent\u00a0 dans chacune des statues une tension intense\u00a0 et une \u00e9nergie qui nous feraient croire que les personnages sont vivants malgr\u00e9 l&rsquo;id\u00e9e originale de Rodin que les \u0153uvres ne doivent pas \u00eatre termin\u00e9es ou m\u00eame pr\u00e9sent\u00e9es avec leurs d\u00e9fauts\u2026 On en conclut que cela n\u2019alt\u00e9re pas leur beaut\u00e9.<br \/>\nAristide Maillol est chez lui et, on le sait, ses repr\u00e9sentations sont plut\u00f4t f\u00e9minines. Ses \u0153uvres sont plut\u00f4t lisses, \u00e9pur\u00e9es, il nous pr\u00e9sente des corps sensuels, \u00e9panouis aux volumes lisses.<br \/>\n\u00ab <em>L&#8217;embl\u00e8me de Rodin c&rsquo;est le penseur, une vision de la M\u00e9lancolie et la sculpture embl\u00e9matique de Maillol, c&rsquo;est M\u00e9diterran\u00e9e qui s&rsquo;appelait \u00e0 l&rsquo;origine la pens\u00e9e. Leurs personnalit\u00e9s sont plus proches qu&rsquo;on ne croit. Simplement Rodin est plus intense, Maillol plus libre<\/em> \u00bb.<br \/>\nR\u00e9sumer leur conversation artistique entre ces deux titans de la sculpture est tr\u00e8s difficile, mais soyez s\u00fbr que le moment pass\u00e9 avec nos guides a \u00e9t\u00e9 d\u2019une richesse incontest\u00e9e.<br \/>\nApr\u00e8s le repas et un temps libre bien sympathique dans cette journ\u00e9e ensoleill\u00e9e et lumineuse, \u00a0nous retrouvons C\u00e9line pour une visite de la ville. Elle commence par L\u2019h\u00f4tel de ville, le plus ancien b\u00e2timent. En 1197, Pierre 1<sup>er<\/sup> d\u2019Aragon a autoris\u00e9 la ville et ses habitants \u00e0 s\u2019auto-administrer. Voici la pierre fondatrice de la commune pos\u00e9e. Puis nous allons d\u00e9couvrir des h\u00f4tels particuliers comme la casa Xanxo, une des rares maisons gothiques et l\u2019h\u00f4tel Pams qui raconte la fondation de l\u2019entreprise du papier \u00e0 cigarettes Job&#8230;\u00a0 Nous arrivons ainsi au \u00ab Castillet \u00bb, embl\u00e8me de la ville qui \u00e9tait l\u2019ancienne porte principale de l\u2019enceinte de Perpignan. Nous pouvons admirer cet \u00e9difice en brique et marbre de Ba\u00efxas de l\u2019\u00e9poque aragonaise transform\u00e9 sous Louis XI avec le rajout de sa terrasse actuelle et sa brique couronn\u00e9e d\u2019une coupole\u2026 Nos pas nous guident vers la Cath\u00e9drale St Jean-Baptiste qui surprend \u00e0 l\u2019int\u00e9rieur par ses dimensions. De style gothique m\u00e9ridional, C\u00e9line nous d\u00e9voile des aspects bien curieux qu\u2019on n\u2019est pas pr\u00eats d\u2019oublier ! La Loge de Mer \u00e9tait autrefois une bourse, un tribunal de commerce et un consulat de mer, mais\u2026 non la mer n\u2019arrivait pas \u00e0 ses pieds mais on peut rep\u00e9rer la maison de la mer sans souci avec la girouette du bateau accroch\u00e9 \u00e0 son toit. Nous revenons ainsi \u00e0 l\u2019H\u00f4tel de ville pour admirer la salle des mariages de style hispano-mauresque o\u00f9 il faut bien s\u2019installer pour \u00e9couter les belles histoires de C\u00e9line.<br \/>\nOn a pas vu le temps passer\u2026 il faut rejoindre Franck et rentrer sur Beaucaire. Oui la journ\u00e9e a \u00e9t\u00e9 belle, bien enrichissante et c\u2019est s\u00fbr qu\u2019on n\u2019a pas fini de raconter cette belle visite\u00a0!<br \/>\n<strong><u>Sortie BUS<\/u><\/strong> : Transfert bus + <em>Visite du Mus\u00e9e Hyacinthe Rigaud avec visite guid\u00e9e de l\u2019exposition \u201cRodin-Maillol face \u00e0 face\u201d\u00a0 + temps libre + visite guid\u00e9e de Perpignan.\u00a0 \u2013 prix 20 \u20ac (Bus + entr\u00e9es + guides).<\/em><\/p>\n","protected":false},"excerpt":{"rendered":"<p>Voir ici les photos de Martine concernant notre journ\u00e9e \u00e0 Perpignan Voir ici des photos.<\/p>\n","protected":false},"author":1,"featured_media":4125,"comment_status":"closed","ping_status":"closed","sticky":false,"template":"","format":"standard","meta":{"footnotes":""},"categories":[7],"tags":[],"class_list":["post-4123","post","type-post","status-publish","format-standard","has-post-thumbnail","hentry","category-sorties"],"_links":{"self":[{"href":"https:\/\/culturotheque.fr\/index.php\/wp-json\/wp\/v2\/posts\/4123","targetHints":{"allow":["GET"]}}],"collection":[{"href":"https:\/\/culturotheque.fr\/index.php\/wp-json\/wp\/v2\/posts"}],"about":[{"href":"https:\/\/culturotheque.fr\/index.php\/wp-json\/wp\/v2\/types\/post"}],"author":[{"embeddable":true,"href":"https:\/\/culturotheque.fr\/index.php\/wp-json\/wp\/v2\/users\/1"}],"replies":[{"embeddable":true,"href":"https:\/\/culturotheque.fr\/index.php\/wp-json\/wp\/v2\/comments?post=4123"}],"version-history":[{"count":6,"href":"https:\/\/culturotheque.fr\/index.php\/wp-json\/wp\/v2\/posts\/4123\/revisions"}],"predecessor-version":[{"id":4141,"href":"https:\/\/culturotheque.fr\/index.php\/wp-json\/wp\/v2\/posts\/4123\/revisions\/4141"}],"wp:featuredmedia":[{"embeddable":true,"href":"https:\/\/culturotheque.fr\/index.php\/wp-json\/wp\/v2\/media\/4125"}],"wp:attachment":[{"href":"https:\/\/culturotheque.fr\/index.php\/wp-json\/wp\/v2\/media?parent=4123"}],"wp:term":[{"taxonomy":"category","embeddable":true,"href":"https:\/\/culturotheque.fr\/index.php\/wp-json\/wp\/v2\/categories?post=4123"},{"taxonomy":"post_tag","embeddable":true,"href":"https:\/\/culturotheque.fr\/index.php\/wp-json\/wp\/v2\/tags?post=4123"}],"curies":[{"name":"wp","href":"https:\/\/api.w.org\/{rel}","templated":true}]}}