{"id":4318,"date":"2019-11-26T10:36:48","date_gmt":"2019-11-26T09:36:48","guid":{"rendered":"http:\/\/culturotheque.fr\/?p=4318"},"modified":"2019-11-30T15:24:58","modified_gmt":"2019-11-30T14:24:58","slug":"soiree-anniversaire-les-20-ans-de-la-culturotheque","status":"publish","type":"post","link":"https:\/\/culturotheque.fr\/index.php\/2019\/11\/26\/soiree-anniversaire-les-20-ans-de-la-culturotheque\/","title":{"rendered":"SOIREE ANNIVERSAIRE : LES 20 ANS DE LA CULTUROTHEQUE."},"content":{"rendered":"<p style=\"text-align: justify;\"><a href=\"https:\/\/photos.app.goo.gl\/5JSW9MfG83AcsdPv9\">Voir ici les photos d&rsquo;Andr\u00e9 concernant notre soir\u00e9e Anniversaire.<\/a><br \/>\n<a href=\"https:\/\/photos.app.goo.gl\/69pjfMXpKLSR8xS67\">Quelques photos compl\u00e9mentaires.<\/a><br \/>\n<!--more--><a href=\"http:\/\/culturotheque.fr\/wp-content\/uploads\/2019\/11\/26-CULTUROTHEQUE-2-PLAT-ET-APERO-converti.pdf\">Menu de la soir\u00e9e<\/a><br \/>\n<a href=\"http:\/\/culturotheque.fr\/wp-content\/uploads\/2019\/11\/Anniversaire-Culturothe\u0300que.pages.pdf\">Discours de la soir\u00e9e (collectif)<\/a><br \/>\n<a href=\"http:\/\/culturotheque.fr\/wp-content\/uploads\/2019\/11\/CHANSON-\u00e9crite-par-Christine-pour-les.pdf\">CHANSON \u00e9crite par Christine chant\u00e9e lors de la soir\u00e9e<\/a><\/p>\n<div style=\"text-align: justify;\">Merci \u00e0 toi Mich\u00e8le pour cette belle soir\u00e9e, tout \u00e9tait au top, le repas, l&rsquo;orchestre pouvoir danser sans se sentir ridicule, nous \u00e9tions entre nous&#8230; En famille. Belle ambiance. Merci de nous avoir r\u00e9uni.\u00a0\u00a0 <span style=\"color: #ff9900;\"><em>Babeth<\/em><\/span><\/div>\n<div style=\"text-align: justify;\">Pour moi aussi&#8230;.\u00e7a\u00a0 \u00e9t\u00e9\u00a0 une soir\u00e9e\u00a0 m\u00e9morable !!!!\u00a0 <span style=\"color: #ff9900;\"><em>Marith\u00e9<\/em><\/span><\/div>\n<div style=\"text-align: justify;\">Merci \u00e0 toi pour tout ce que tu fais pour la Culturoth\u00e8que !\u00a0 <span style=\"color: #ff9900;\"><em>Andr\u00e9<\/em><\/span><\/div>\n<div style=\"text-align: justify;\">Une tr\u00e8s belle soir\u00e9e en tous points r\u00e9ussie super. <em><em><span style=\"color: #ff9900;\">Magalie<\/span><br \/>\n<\/em><\/em>Nous sommes bien rentr\u00e9s sans probl\u00e8me apr\u00e8s une bonne soir\u00e9e. On a \u00e9t\u00e9 tr\u00e8s contents de passer ce moment avec toi, de revoir Philippe et tout le monde qu&rsquo;on conna\u00eet de La Culturoth\u00e8que . C&rsquo;\u00e9tait une belle f\u00eate, et tu la m\u00e9rites bien. <em><span style=\"color: #ff9900;\">Marie-France, Jacques<\/span><br \/>\n<\/em>Merci pour cette belle soir\u00e9e. <span style=\"color: #ff9900;\"><em>Ir\u00e8ne<\/em><\/span><\/div>\n","protected":false},"excerpt":{"rendered":"<p>Voir ici les photos d&rsquo;Andr\u00e9 concernant notre soir\u00e9e Anniversaire. Quelques photos compl\u00e9mentaires.<\/p>\n","protected":false},"author":1,"featured_media":4330,"comment_status":"closed","ping_status":"closed","sticky":false,"template":"","format":"standard","meta":{"footnotes":""},"categories":[41],"tags":[],"class_list":["post-4318","post","type-post","status-publish","format-standard","has-post-thumbnail","hentry","category-actualites"],"_links":{"self":[{"href":"https:\/\/culturotheque.fr\/index.php\/wp-json\/wp\/v2\/posts\/4318","targetHints":{"allow":["GET"]}}],"collection":[{"href":"https:\/\/culturotheque.fr\/index.php\/wp-json\/wp\/v2\/posts"}],"about":[{"href":"https:\/\/culturotheque.fr\/index.php\/wp-json\/wp\/v2\/types\/post"}],"author":[{"embeddable":true,"href":"https:\/\/culturotheque.fr\/index.php\/wp-json\/wp\/v2\/users\/1"}],"replies":[{"embeddable":true,"href":"https:\/\/culturotheque.fr\/index.php\/wp-json\/wp\/v2\/comments?post=4318"}],"version-history":[{"count":19,"href":"https:\/\/culturotheque.fr\/index.php\/wp-json\/wp\/v2\/posts\/4318\/revisions"}],"predecessor-version":[{"id":4353,"href":"https:\/\/culturotheque.fr\/index.php\/wp-json\/wp\/v2\/posts\/4318\/revisions\/4353"}],"wp:featuredmedia":[{"embeddable":true,"href":"https:\/\/culturotheque.fr\/index.php\/wp-json\/wp\/v2\/media\/4330"}],"wp:attachment":[{"href":"https:\/\/culturotheque.fr\/index.php\/wp-json\/wp\/v2\/media?parent=4318"}],"wp:term":[{"taxonomy":"category","embeddable":true,"href":"https:\/\/culturotheque.fr\/index.php\/wp-json\/wp\/v2\/categories?post=4318"},{"taxonomy":"post_tag","embeddable":true,"href":"https:\/\/culturotheque.fr\/index.php\/wp-json\/wp\/v2\/tags?post=4318"}],"curies":[{"name":"wp","href":"https:\/\/api.w.org\/{rel}","templated":true}]}}