{"id":4414,"date":"2019-12-13T09:54:06","date_gmt":"2019-12-13T08:54:06","guid":{"rendered":"http:\/\/culturotheque.fr\/?p=4414"},"modified":"2019-12-13T09:56:11","modified_gmt":"2019-12-13T08:56:11","slug":"les-creches-du-paradou-et-des-baux-de-provence","status":"publish","type":"post","link":"https:\/\/culturotheque.fr\/index.php\/2019\/12\/13\/les-creches-du-paradou-et-des-baux-de-provence\/","title":{"rendered":"Les cr\u00e8ches du Paradou et des Baux de Provence"},"content":{"rendered":"<p style=\"text-align: justify;\"><a href=\"https:\/\/photos.app.goo.gl\/umEswpzC71DstYgb9\">Voir ici les photos de notre sortie<\/a><br \/>\n<!--more--><\/p>\n<p style=\"text-align: justify;\">Amiti\u00e9, tendresse, gentillesse, sensibilit\u00e9, sympathie, douceur, attendrissement, \u2026 On sait qu\u2019il peut y avoir des doutes\u00a0!<br \/>\nMais non, \u00e7a arrive aussi \u00e0 La Culturoth\u00e8que.<br \/>\nAujourd\u2019hui \u00a0on prend \u00a0le temps. Le temps de visiter, \u00e0 son rythme et on a m\u00eame le droit de papoter avec \u00a0les copains et les copines\u00a0!<br \/>\nSavez-vous qu\u2019on entre dans la p\u00e9riode de No\u00ebl\u2026 les cr\u00e8ches, les traditions, la bonne ch\u00e8re, les sucreries, les beaux tableaux, les fantastiques paysages, les merveilles, les jolies couleurs et les beaux sourires.<br \/>\nTout ceci \u00e9tait au programme de notre belle journ\u00e9e pass\u00e9e au Paradou, Maussane les Alpilles, Les Baux de Provence et\u2026 \u00a0le ch\u00e2teau d\u2019Estoublon\u00a0!<br \/>\nUne bonne mise en bouche pour les festivit\u00e9s de la semaine prochaine\u00a0!<\/p>\n","protected":false},"excerpt":{"rendered":"<p>Voir ici les photos de notre sortie<\/p>\n","protected":false},"author":1,"featured_media":4417,"comment_status":"closed","ping_status":"closed","sticky":false,"template":"","format":"standard","meta":{"footnotes":""},"categories":[7],"tags":[],"class_list":["post-4414","post","type-post","status-publish","format-standard","has-post-thumbnail","hentry","category-sorties"],"_links":{"self":[{"href":"https:\/\/culturotheque.fr\/index.php\/wp-json\/wp\/v2\/posts\/4414","targetHints":{"allow":["GET"]}}],"collection":[{"href":"https:\/\/culturotheque.fr\/index.php\/wp-json\/wp\/v2\/posts"}],"about":[{"href":"https:\/\/culturotheque.fr\/index.php\/wp-json\/wp\/v2\/types\/post"}],"author":[{"embeddable":true,"href":"https:\/\/culturotheque.fr\/index.php\/wp-json\/wp\/v2\/users\/1"}],"replies":[{"embeddable":true,"href":"https:\/\/culturotheque.fr\/index.php\/wp-json\/wp\/v2\/comments?post=4414"}],"version-history":[{"count":2,"href":"https:\/\/culturotheque.fr\/index.php\/wp-json\/wp\/v2\/posts\/4414\/revisions"}],"predecessor-version":[{"id":4416,"href":"https:\/\/culturotheque.fr\/index.php\/wp-json\/wp\/v2\/posts\/4414\/revisions\/4416"}],"wp:featuredmedia":[{"embeddable":true,"href":"https:\/\/culturotheque.fr\/index.php\/wp-json\/wp\/v2\/media\/4417"}],"wp:attachment":[{"href":"https:\/\/culturotheque.fr\/index.php\/wp-json\/wp\/v2\/media?parent=4414"}],"wp:term":[{"taxonomy":"category","embeddable":true,"href":"https:\/\/culturotheque.fr\/index.php\/wp-json\/wp\/v2\/categories?post=4414"},{"taxonomy":"post_tag","embeddable":true,"href":"https:\/\/culturotheque.fr\/index.php\/wp-json\/wp\/v2\/tags?post=4414"}],"curies":[{"name":"wp","href":"https:\/\/api.w.org\/{rel}","templated":true}]}}