{"id":4514,"date":"2020-01-13T09:16:21","date_gmt":"2020-01-13T08:16:21","guid":{"rendered":"http:\/\/culturotheque.fr\/?p=4514"},"modified":"2020-01-16T08:11:53","modified_gmt":"2020-01-16T07:11:53","slug":"les-vestiges-de-laqueduc","status":"publish","type":"post","link":"https:\/\/culturotheque.fr\/index.php\/2020\/01\/13\/les-vestiges-de-laqueduc\/","title":{"rendered":"Les vestiges de l&rsquo;aqueduc"},"content":{"rendered":"<p style=\"text-align: justify;\"><a href=\"https:\/\/photos.app.goo.gl\/5yP1NdUUXDFLFCdQA\">Voir ici les photos d&rsquo;Hubert concernant notre rando Sernhac\/St-Bonnet\/Vers-Pont-du-Gard.<\/a><br \/>\n<!--more--><br \/>\n8 heures ce lundi matin.<br \/>\nNous sommes 9 \u00e0 nous lancer dans cette randonn\u00e9e qui s\u2019annonce longue et sportive : <em>Maryline, Noelle, Jutta, Brigitte, Catherine, Raphael, Didier, Hubert<\/em> et notre guide <em>Yves<\/em>.<br \/>\nLe soleil est l\u00e0, m\u00eame s\u2019il a un peu de peine \u00e0 r\u00e9chauffer l\u2019atmosph\u00e8re. Le vent est en gr\u00e8ve, bref ! les conditions sont id\u00e9ales pour r\u00e9ussir cette journ\u00e9e.<br \/>\nEn route pour Sernhac, point de d\u00e9part de notre randonn\u00e9e. Tr\u00e8s vite nous allons traverser les 2 tunnels sur le trac\u00e9 de l\u2019aqueduc et d\u00e9boucher sur un plateau d\u2019o\u00f9 nous pouvons admirer la plaine embrum\u00e9e et le soleil qui se l\u00e8ve sur les Alpilles.<br \/>\nNous nous dirigeons ensuite vers Sain Bonnet du Gard et son \u00e9glise fortifi\u00e9e fond\u00e9e au IX\u00e8me si\u00e8cle par les moines de Psalmodi pr\u00e8s d\u2019Aigues Mortes puis fortifi\u00e9e au XII\u00e8me et XIV\u00e8me si\u00e8cle.<br \/>\nNous traversons ensuite la plaine de St Bonnet et grimpons ensuite la colline qui nous cache le Gardon et le Pont du Gard. Apr\u00e8s une petite pause pour l\u2019admirer (on ne s\u2019en lasse pas), nous le traversons et suivons l\u2019ancien trac\u00e9 de l\u2019aqueduc puis nous passons \u00e0 La Begude Saint Pierre, b\u00e2tisse du XVII\u00e8me si\u00e8cle qui abrite un restaurant. Mais nous lui pr\u00e9f\u00e9rons notre casse-croute que nous d\u00e9gusterons plus tard.<br \/>\nNous arrivons \u00e0 Vers Pont du Gard ou nous allons admirer les 3 lavoirs construits au XIX\u00e8me si\u00e8cles aliment\u00e9s par 3 des 33 sources de la commune et remarquablement bien entretenus. Nous prenons le chemin du retour et rejoignons le pont du Gard o\u00f9 nous faisons notre pause de midi \u00e0 l\u2019ombre des oliviers mill\u00e9naires import\u00e9 d\u2019Espagne en 1988.<br \/>\nNous avons parcouru 15Km en 4h30, ce qui donne toute sa saveur \u00e0 notre casse-croute.<br \/>\nApr\u00e8s la sieste de Didier bien perturb\u00e9e par quelques mouches du coche peu respectueuses, nous reprenons le chemin du retour en contournant la plaine de Canteperdrix.<br \/>\nNous arrivons \u00e0 Sernhac apr\u00e8s 7h30 de marche ,24 km parcourus et 680m de d\u00e9nivel\u00e9 cumul\u00e9.<br \/>\nMalgr\u00e9 les courbatures, nous remercions Yves, notre guide, pour ses conseils avis\u00e9s tout au long de la journ\u00e9e et sommes bien d\u00e9cid\u00e9s \u00e0 renouveler l\u2019aventure autant de fois que possible.<\/p>\n","protected":false},"excerpt":{"rendered":"<p>Voir ici les photos d&rsquo;Hubert concernant notre rando Sernhac\/St-Bonnet\/Vers-Pont-du-Gard.<\/p>\n","protected":false},"author":1,"featured_media":4520,"comment_status":"closed","ping_status":"closed","sticky":false,"template":"","format":"standard","meta":{"footnotes":""},"categories":[4],"tags":[],"class_list":["post-4514","post","type-post","status-publish","format-standard","has-post-thumbnail","hentry","category-randonnees"],"_links":{"self":[{"href":"https:\/\/culturotheque.fr\/index.php\/wp-json\/wp\/v2\/posts\/4514","targetHints":{"allow":["GET"]}}],"collection":[{"href":"https:\/\/culturotheque.fr\/index.php\/wp-json\/wp\/v2\/posts"}],"about":[{"href":"https:\/\/culturotheque.fr\/index.php\/wp-json\/wp\/v2\/types\/post"}],"author":[{"embeddable":true,"href":"https:\/\/culturotheque.fr\/index.php\/wp-json\/wp\/v2\/users\/1"}],"replies":[{"embeddable":true,"href":"https:\/\/culturotheque.fr\/index.php\/wp-json\/wp\/v2\/comments?post=4514"}],"version-history":[{"count":4,"href":"https:\/\/culturotheque.fr\/index.php\/wp-json\/wp\/v2\/posts\/4514\/revisions"}],"predecessor-version":[{"id":4531,"href":"https:\/\/culturotheque.fr\/index.php\/wp-json\/wp\/v2\/posts\/4514\/revisions\/4531"}],"wp:featuredmedia":[{"embeddable":true,"href":"https:\/\/culturotheque.fr\/index.php\/wp-json\/wp\/v2\/media\/4520"}],"wp:attachment":[{"href":"https:\/\/culturotheque.fr\/index.php\/wp-json\/wp\/v2\/media?parent=4514"}],"wp:term":[{"taxonomy":"category","embeddable":true,"href":"https:\/\/culturotheque.fr\/index.php\/wp-json\/wp\/v2\/categories?post=4514"},{"taxonomy":"post_tag","embeddable":true,"href":"https:\/\/culturotheque.fr\/index.php\/wp-json\/wp\/v2\/tags?post=4514"}],"curies":[{"name":"wp","href":"https:\/\/api.w.org\/{rel}","templated":true}]}}