{"id":4555,"date":"2020-01-22T21:44:14","date_gmt":"2020-01-22T20:44:14","guid":{"rendered":"http:\/\/culturotheque.fr\/?p=4555"},"modified":"2020-01-22T22:55:14","modified_gmt":"2020-01-22T21:55:14","slug":"la-croix-de-la-capitaine","status":"publish","type":"post","link":"https:\/\/culturotheque.fr\/index.php\/2020\/01\/22\/la-croix-de-la-capitaine\/","title":{"rendered":"La croix de la Capitaine"},"content":{"rendered":"<p><a href=\"https:\/\/photos.app.goo.gl\/LNjDMj1rcoak3bf26\">Voir ici les photos de Philippe concernant notre randonn\u00e9e \u00e0 Barbentane<\/a><br \/>\n<!--more--><\/p>\n<p style=\"text-align: justify;\">On a d\u00e9j\u00e0 beaucoup \u00e9crit sur Barbentane.<br \/>\nVoir l\u2019article d\u00e9taill\u00e9 intitul\u00e9\u00a0: \u00ab\u00a0Barbentane\u00a0\u00bb sur Wikip\u00e9dia et un article complet tr\u00e8s bien fait avec photos sur les croix de Barbentane (<em>taper\u00a0: \u00ab\u00a0croix de barbentane\u00a0\u00bb).<br \/>\n<\/em>L\u2019histoire qui suit n\u2019a aucune pr\u00e9tention car c\u2019est une histoire modeste de marcheurs modestes qui se sont gar\u00e9s le 22 janvier sur le parking modeste du bas du village.<br \/>\nIls \u00e9taient 11, guid\u00e9s sans pr\u00e9tention par un animateur, \u00e0 vrai dire, tr\u00e8s modeste.<br \/>\nPar exemple, il aurait pu conna\u00eetre et raconter l\u2019histoire de la \u00ab\u00a0croix des veuves\u00a0\u00bb, belle croix en pierre vers laquelle le groupe s\u2019est dirig\u00e9 dans un premier temps. Heureusement une participante a pu raconter pourquoi \u00e0 une \u00e9poque lointaine les jeunes femmes, g\u00e9n\u00e9ralement mari\u00e9es \u00e0 des hommes plus \u00e2g\u00e9s devenaient veuves rapidement. Pour reprendre un nouveau mari, il fallait qu\u2019elles montrent de fa\u00e7on ostensible qu\u2019elles \u00e9taient veuves.Rien de plus explicite alors que de \u00a0venir d\u00e9poser une offrande au pied de la croix des veuves. Cela montrait \u00e0 tous \u00ab\u00a0qu\u2019elles \u00e9taient \u00e0 nouveau sur le march\u00e9\u00a0\u00bb (<em>dixit un des hardis marcheurs dont je ne r\u00e9v\u00e8lerais pas le nom<\/em>).<br \/>\nEnsuite, on revient vers le cimeti\u00e8re, \u00e0 c\u00f4t\u00e9 de l\u2019Ephad, un peu avant la maison de retraite, voici la croix de la Capitaine ou croix des Chevaliers ou des Espid\u00e8gles,\u00a0 puis on atteint la croix de St Marc, tout \u00e0 c\u00f4t\u00e9 de la maison de retraite.<br \/>\nOn continue au sud, voil\u00e0 la \u00ab\u00a0croix de Joubert\u00a0\u00bb\u2026 qui n\u2019a plus sa croix et qui est fissur\u00e9e ++ (<em>faut faire quelque chose<\/em>). Nous, on boit et on mange biscuits, g\u00e2teaux et friandises.<br \/>\nRetour vers le nord ouest, \u00a0ici git la croix de Bassette, Ephad \u00e0 droite.<br \/>\nOn repart plein ouest vers les bois, circuit en demi boucle et retour vers le nord\u00a0: on arrive au moulin\u00a0; \u00e7a commence \u00e0 manquer de croix.<br \/>\nAlors on rentre dans le village, je veux dire on rentre dans Barbentane et alors vue sur la tour Anglica. Celui qui l\u2019a fait b\u00e2tir en 1364-1365 (<em>p\u00e9riode o\u00f9 les papes \u00e9taient \u00e0 Avignon<\/em>) se pr\u00e9nommait Anglic de Grimoard, fr\u00e8re du pape Urbain V, 7\u00b0 et dernier pape d\u2019Avignon, 1362-1370.<br \/>\nOn visite l\u2019\u00e9glise Notre Dame des Gr\u00e2ces (XII\u00b0-XIV\u00b0)\u00a0; \u00a0si vous dites\u00a0: c\u2019est du roman, c\u2019est vrai et si vous dites\u00a0: c\u2019est du gothique c\u2019est vrai aussi car il y a des 2\u00a0! Beau volume et en plus chauff\u00e9e et avec une cr\u00e8che avec santons presque grandeur nature.<br \/>\nEnfin, la maison des Chevaliers de Malte (XII\u00b0) en face de l\u2019\u00e9glise, la classe, r\u00e9nov\u00e9e, belle fa\u00e7ade, belles arcades, proportion parfaite.<br \/>\nOn rentre \u00e0 Beaucaire gaiement en consid\u00e9rant qu\u2019on a fait 8 kms.<br \/>\nOn aurait pu les faire en marchant sur un tapis roulant mais moralement, socialement on ne serait pas pass\u00e9 \u00e0 c\u00f4t\u00e9 de toutes ces croix et de ces monuments qui racontent plein d\u2019histoires. Et sans compagnons de marche sympathiques.<br \/>\nUne pens\u00e9e de tous pour le r\u00e9tablissement rapide de Mich\u00e8le limit\u00e9e par une douleur qui limite ses mouvements<br \/>\nLe temps \u00e9tait gris, un peu frais et humide mais \u00e0 17 heures il faisait encore bien jour.<\/p>\n","protected":false},"excerpt":{"rendered":"<p>Voir ici les photos de Philippe concernant notre randonn\u00e9e \u00e0 Barbentane<\/p>\n","protected":false},"author":1,"featured_media":4558,"comment_status":"closed","ping_status":"closed","sticky":false,"template":"","format":"standard","meta":{"footnotes":""},"categories":[4],"tags":[],"class_list":["post-4555","post","type-post","status-publish","format-standard","has-post-thumbnail","hentry","category-randonnees"],"_links":{"self":[{"href":"https:\/\/culturotheque.fr\/index.php\/wp-json\/wp\/v2\/posts\/4555","targetHints":{"allow":["GET"]}}],"collection":[{"href":"https:\/\/culturotheque.fr\/index.php\/wp-json\/wp\/v2\/posts"}],"about":[{"href":"https:\/\/culturotheque.fr\/index.php\/wp-json\/wp\/v2\/types\/post"}],"author":[{"embeddable":true,"href":"https:\/\/culturotheque.fr\/index.php\/wp-json\/wp\/v2\/users\/1"}],"replies":[{"embeddable":true,"href":"https:\/\/culturotheque.fr\/index.php\/wp-json\/wp\/v2\/comments?post=4555"}],"version-history":[{"count":3,"href":"https:\/\/culturotheque.fr\/index.php\/wp-json\/wp\/v2\/posts\/4555\/revisions"}],"predecessor-version":[{"id":4559,"href":"https:\/\/culturotheque.fr\/index.php\/wp-json\/wp\/v2\/posts\/4555\/revisions\/4559"}],"wp:featuredmedia":[{"embeddable":true,"href":"https:\/\/culturotheque.fr\/index.php\/wp-json\/wp\/v2\/media\/4558"}],"wp:attachment":[{"href":"https:\/\/culturotheque.fr\/index.php\/wp-json\/wp\/v2\/media?parent=4555"}],"wp:term":[{"taxonomy":"category","embeddable":true,"href":"https:\/\/culturotheque.fr\/index.php\/wp-json\/wp\/v2\/categories?post=4555"},{"taxonomy":"post_tag","embeddable":true,"href":"https:\/\/culturotheque.fr\/index.php\/wp-json\/wp\/v2\/tags?post=4555"}],"curies":[{"name":"wp","href":"https:\/\/api.w.org\/{rel}","templated":true}]}}