{"id":4680,"date":"2020-02-10T16:03:44","date_gmt":"2020-02-10T15:03:44","guid":{"rendered":"http:\/\/culturotheque.fr\/?p=4680"},"modified":"2020-02-11T18:06:38","modified_gmt":"2020-02-11T17:06:38","slug":"meynes-sernhac","status":"publish","type":"post","link":"https:\/\/culturotheque.fr\/index.php\/2020\/02\/10\/meynes-sernhac\/","title":{"rendered":"Meynes\/Sernhac"},"content":{"rendered":"<p style=\"text-align: justify;\"><a href=\"https:\/\/photos.app.goo.gl\/eVMdFVTeGcuMF2tH8\">Voir ici les photos de la randonn\u00e9e entre Meynes et Sernhac<\/a><br \/>\n<!--more-->Il y avait la pluie et la grisaille \u00e0 Rivi\u00e8res o\u00f9 \u00e9tait pr\u00e9vue la randonn\u00e9e du jour. N\u00e9n\u00e9 est donc rest\u00e9 \u00e0 Meynes et a concoct\u00e9 un circuit qui a \u00e9t\u00e9 bien appr\u00e9ci\u00e9 des randonneurs&#8230;<\/p>\n","protected":false},"excerpt":{"rendered":"<p>Voir ici les photos de la randonn\u00e9e entre Meynes et Sernhac<\/p>\n","protected":false},"author":1,"featured_media":4682,"comment_status":"closed","ping_status":"closed","sticky":false,"template":"","format":"standard","meta":{"footnotes":""},"categories":[4],"tags":[],"class_list":["post-4680","post","type-post","status-publish","format-standard","has-post-thumbnail","hentry","category-randonnees"],"_links":{"self":[{"href":"https:\/\/culturotheque.fr\/index.php\/wp-json\/wp\/v2\/posts\/4680","targetHints":{"allow":["GET"]}}],"collection":[{"href":"https:\/\/culturotheque.fr\/index.php\/wp-json\/wp\/v2\/posts"}],"about":[{"href":"https:\/\/culturotheque.fr\/index.php\/wp-json\/wp\/v2\/types\/post"}],"author":[{"embeddable":true,"href":"https:\/\/culturotheque.fr\/index.php\/wp-json\/wp\/v2\/users\/1"}],"replies":[{"embeddable":true,"href":"https:\/\/culturotheque.fr\/index.php\/wp-json\/wp\/v2\/comments?post=4680"}],"version-history":[{"count":1,"href":"https:\/\/culturotheque.fr\/index.php\/wp-json\/wp\/v2\/posts\/4680\/revisions"}],"predecessor-version":[{"id":4681,"href":"https:\/\/culturotheque.fr\/index.php\/wp-json\/wp\/v2\/posts\/4680\/revisions\/4681"}],"wp:featuredmedia":[{"embeddable":true,"href":"https:\/\/culturotheque.fr\/index.php\/wp-json\/wp\/v2\/media\/4682"}],"wp:attachment":[{"href":"https:\/\/culturotheque.fr\/index.php\/wp-json\/wp\/v2\/media?parent=4680"}],"wp:term":[{"taxonomy":"category","embeddable":true,"href":"https:\/\/culturotheque.fr\/index.php\/wp-json\/wp\/v2\/categories?post=4680"},{"taxonomy":"post_tag","embeddable":true,"href":"https:\/\/culturotheque.fr\/index.php\/wp-json\/wp\/v2\/tags?post=4680"}],"curies":[{"name":"wp","href":"https:\/\/api.w.org\/{rel}","templated":true}]}}