{"id":4736,"date":"2020-02-19T19:46:25","date_gmt":"2020-02-19T18:46:25","guid":{"rendered":"http:\/\/culturotheque.fr\/?p=4736"},"modified":"2020-02-23T08:34:48","modified_gmt":"2020-02-23T07:34:48","slug":"les-tunnels-de-sernhac-2","status":"publish","type":"post","link":"https:\/\/culturotheque.fr\/index.php\/2020\/02\/19\/les-tunnels-de-sernhac-2\/","title":{"rendered":"Les tunnels de Sernhac"},"content":{"rendered":"<p style=\"text-align: justify;\"><a href=\"https:\/\/photos.app.goo.gl\/R4VkQciHtTqUj6Cz9\">Voir ici les photos d&rsquo;Andr\u00e9 concernant notre randonn\u00e9e \u00e0 Sernhac.<\/a><br \/>\n<a href=\"https:\/\/photos.google.com\/album\/AF1QipNrYqbSGaDiZX_VIOQFzhoLqkTBr4zW9XLyvv_q?hl=fr\">Voir ici quelques photos<\/a><br \/>\n<a href=\"http:\/\/culturotheque.fr\/wp-content\/uploads\/2020\/02\/Laqueduc-dUz\u00e8s-\u00e0-N\u00eemes.pdf\">Voir ici le petit r\u00e9sum\u00e9 sur \u00ab\u00a0l&rsquo;aqueduc d&rsquo;Uz\u00e8s \u00e0 N\u00eemes\u00a0\u00bb.<\/a><br \/>\n<!--more-->On innove, pour la premi\u00e8re fois on met au programme une randonn\u00e9e \u00ab Papi\/Mamie avec les enfants \u00bb ! Les enfants sont impatients, ils r\u00eavent tous de d\u00e9couvrir la randonn\u00e9e\u00a0!<br \/>\nIl fait bon, pas de vent et un beau soleil et de \u00a04 \u00e0 13 ans il ne manque aucun enfant.\u00a0 Un, deux, tout le monde est au pas\u2026 enfin sauf les plus grands qui vont un peu trop vite ! Mais l\u2019organisation est au top : quelques arr\u00eats pour d\u00e9couvrir les calendulas, les orchis de Robert, l\u2019alyssum\u00a0 \u00a0qui sent le miel ou la fausse roquette. Tiens, ici \u00e7a sent mauvais : c\u2019est la rue, une plante qu\u2019il vaut mieux ne pas toucher.<br \/>\nOn arrive ainsi aux fameux tunnels de Sernhac. Pourquoi ces tunnels ? Qui les a creus\u00e9s ? Que de questions. \u00a0Les enfants veulent tout savoir.<br \/>\nUn petit topo sur l\u2019aqueduc d\u2019Uz\u00e8s \u00e0 N\u00eemes qui passait par le fameux Pont du Gard et\u2026 ces tunnels. On retient que les hommes creusaient des chemin\u00e9es par lesquelles ils descendaient jusqu\u2019au niveau voulu, il y avait un groupe qui partait dans un sens, un autre groupe dans l\u2019autre. Ils devaient retrouver l\u2019\u00e9quipe qui, descendue d\u2019une autre chemin\u00e9e venait \u00e0 leur rencontre\u2026 \u00a0En creusant dans la roche ! Mais comment faisaient-ils pour se retrouver ? Comment creusaient-ils ? Il faisait noir, comment s\u2019\u00e9clairaient-ils ? Les questions fusent de tout c\u00f4t\u00e9.\u00a0 On rep\u00e8re les traces des piolets, les trous o\u00f9 ils posaient les lampes \u00e0 huile. Au retour on rep\u00e8re m\u00eame une erreur d\u2019aiguillage.<br \/>\nOn passe dans l\u2019autre tunnel\u2026 plus vite, \u00e7a y est on a tout compris\u00a0!<br \/>\nA la sortie du tunnel des Cantarelles le sentier est \u00e9troit, il faut marcher en file indienne, on est nombreux, il faut bien faire attention \u00a0\u00e0 ne pas laisser de \u00ab\u00a0trous\u00a0\u00bb.<br \/>\nOn a faim ! Quand est-ce qu\u2019on s\u2019arr\u00eate ? Ca tombe bien, nous voici sur le plateau avec une magnifique aire de pique-nique. Le d\u00e9jeuner est vite englouti\u2026 les enfants courent de tous c\u00f4t\u00e9s, ils reviennent avec des plantes, des graines\u2026 c\u2019est quoi, c\u2019est quoi cette plante ?&#8230; Ici il y a plein d\u2019orchid\u00e9es vient voir !&#8230; On va repasser dans les tunnels ?<br \/>\nOn reprend le sentier pour rejoindre le GR. Pourquoi ces bandes rouge et blanches ? Et les jaunes ? Les enfants retiennent bien, ils se rep\u00e8rent vite avec le balisage.<br \/>\nQuelques arr\u00eats \u2026 \u00a0pour une lecture de paysage, pour la d\u00e9couverte de la salsepareille\u2026 la plante de Schtroumpfs. Serions-nous dans le champ de Gargamel qui veut empoisonner les petits hommes bleus ?<br \/>\nL\u2019allure ralentit. On rep\u00e8re une croix qui attire la grimpette. On continue en trainant un peu le pas\u2026 On arrive bient\u00f4t ? Je suis fatigu\u00e9 ! Bonne nouvelle on voit la chapelle fortifi\u00e9e de St Bonnet et tous les enfants avaient bien rep\u00e9r\u00e9 que les voitures \u00e9taient gar\u00e9es \u00e0 c\u00f4t\u00e9.<br \/>\nUn petit sac \u00e0 dos cordon est distribu\u00e9 aux enfants avec des Tshirts, et plein d\u2019autres surprises\u2026 sans oublier l\u2019histoire du fameux aqueduc d\u2019Uz\u00e8s \u00e0 N\u00eemes ainsi qu\u2019un poster de la Charte du Randonneur.<br \/>\nUn bisou\u2026 un bisou. On a pass\u00e9 une belle journ\u00e9e ! Les enfants sont ravis et\u2026. Que dire des \u00ab Papi\/Mamies \u00bb ! On recommencera.<br \/>\nMerci aux animateurs, et surtout au serre-file, qui ont permis une gestion au top de la rando.<br \/>\n<span style=\"text-decoration: underline;\"><strong>On \u00e9tait nombreux\u00a0<\/strong><\/span>:<em> 29 enfants ont particip\u00e9 \u00e0 cette randonn\u00e9e de 4.5 km avec un peu de d\u00e9nivel\u00e9 et\u2026 autant d\u2019adultes, ce qui fait 62 randonneurs qui sont rentr\u00e9s heureux de cette belle journ\u00e9e en se promettant de renouveler aux prochaines vacances.<\/em><\/p>\n","protected":false},"excerpt":{"rendered":"<p>Voir ici les photos d&rsquo;Andr\u00e9 concernant notre randonn\u00e9e \u00e0 Sernhac. Voir ici quelques photos Voir ici le petit r\u00e9sum\u00e9 sur \u00ab\u00a0l&rsquo;aqueduc d&rsquo;Uz\u00e8s \u00e0 N\u00eemes\u00a0\u00bb.<\/p>\n","protected":false},"author":1,"featured_media":4742,"comment_status":"closed","ping_status":"closed","sticky":false,"template":"","format":"standard","meta":{"footnotes":""},"categories":[41,4],"tags":[],"class_list":["post-4736","post","type-post","status-publish","format-standard","has-post-thumbnail","hentry","category-actualites","category-randonnees"],"_links":{"self":[{"href":"https:\/\/culturotheque.fr\/index.php\/wp-json\/wp\/v2\/posts\/4736","targetHints":{"allow":["GET"]}}],"collection":[{"href":"https:\/\/culturotheque.fr\/index.php\/wp-json\/wp\/v2\/posts"}],"about":[{"href":"https:\/\/culturotheque.fr\/index.php\/wp-json\/wp\/v2\/types\/post"}],"author":[{"embeddable":true,"href":"https:\/\/culturotheque.fr\/index.php\/wp-json\/wp\/v2\/users\/1"}],"replies":[{"embeddable":true,"href":"https:\/\/culturotheque.fr\/index.php\/wp-json\/wp\/v2\/comments?post=4736"}],"version-history":[{"count":12,"href":"https:\/\/culturotheque.fr\/index.php\/wp-json\/wp\/v2\/posts\/4736\/revisions"}],"predecessor-version":[{"id":4768,"href":"https:\/\/culturotheque.fr\/index.php\/wp-json\/wp\/v2\/posts\/4736\/revisions\/4768"}],"wp:featuredmedia":[{"embeddable":true,"href":"https:\/\/culturotheque.fr\/index.php\/wp-json\/wp\/v2\/media\/4742"}],"wp:attachment":[{"href":"https:\/\/culturotheque.fr\/index.php\/wp-json\/wp\/v2\/media?parent=4736"}],"wp:term":[{"taxonomy":"category","embeddable":true,"href":"https:\/\/culturotheque.fr\/index.php\/wp-json\/wp\/v2\/categories?post=4736"},{"taxonomy":"post_tag","embeddable":true,"href":"https:\/\/culturotheque.fr\/index.php\/wp-json\/wp\/v2\/tags?post=4736"}],"curies":[{"name":"wp","href":"https:\/\/api.w.org\/{rel}","templated":true}]}}