{"id":4930,"date":"2020-03-13T21:34:46","date_gmt":"2020-03-13T20:34:46","guid":{"rendered":"http:\/\/culturotheque.fr\/?p=4930"},"modified":"2020-03-16T14:55:13","modified_gmt":"2020-03-16T13:55:13","slug":"entre-costieres-et-camargue","status":"publish","type":"post","link":"https:\/\/culturotheque.fr\/index.php\/2020\/03\/13\/entre-costieres-et-camargue\/","title":{"rendered":"Entre Costi\u00e8res et Camargue"},"content":{"rendered":"<p><a href=\"https:\/\/photos.app.goo.gl\/XV1exVfGkLsMpfjw8\">Voir ici les photos de notre randonn\u00e9e \u00e0 Bellegarde<\/a><br \/>\n<!--more--><\/p>\n<p style=\"text-align: justify;\">Nous partons du Port de Bellegarde pour arriver au centre de la ville. Nous essayons de visiter l\u2019Eglise qui poss\u00e8de encore ses d\u00e9cors peints initialement, mais un office \u00e9tant en cours nous trainons le pas devant les \u00e9tals du march\u00e9.<br \/>\nLa vieille ville nous plait\u2026. Nous traversons la place St Jean : St-Jean-Baptiste veille sur nous. C\u2019\u00e9tait jadis le centre du village. D\u00e8s 1663 on y trouvait en fond, l\u2019\u00e9glise construite avec les pierres du ch\u00e2teau offertes par son propri\u00e9taire le Duc d\u2019Uz\u00e8s.<br \/>\nUne courte grimpette et nous voici \u00e0 la tour. C\u2019est ce site qui est \u00e0 l\u2019origine du nom du village \u00ab Belle-Garde \u00bb. Mentionn\u00e9 pour la premi\u00e8re fois sous le nom de \u00ab Castrum Bellae-Gardae \u00bb en 1208 lors de la croisade albigeoise, ce donjon rectangulaire de 14.25 m sur 10.98 m est typique du Moyen-\u00c2ge. Bien s\u00fbr c\u2019est un lieu de surveillance qui domine le village et toute la plaine\u2026 Nous avons une vue exceptionnelle sur la cha\u00eene des Alpilles, sur la ville d\u2019Arles et la tour Luma\u2026<br \/>\nOn cherche un moment le souterrain qui permettait de s\u2019enfuir du ch\u00e2teau et de rejoindre celui de Beaucaire, mais en fait on a aucune envie de rentrer sur Beaucaire aussi vite.<br \/>\nMalgr\u00e9 le vent on est bien\u00a0 sur ce plateau du Coste Canet qui signifie \u00ab\u00a0la mont\u00e9e aux canes\u00a0\u00bb. Interrogations\u00a0? Les couches imperm\u00e9ables de taparas entra\u00eenent parfois la constitution de nappes d\u2019eau de faibles profondeurs qui permettent ce type d\u2019originalit\u00e9 en ces zones de cailloux\u00a0: le d\u00e9veloppement de la v\u00e9g\u00e9tation qui se trouve plus g\u00e9n\u00e9ralement en zone mar\u00e9cageuse\u00a0!<br \/>\nC\u2019est au niveau de l\u2019ancien prieur\u00e9 de Broussan,\u00a0 dont il ne reste aujourd\u2019hui que les b\u00e2timents principaux qui sont devenus un ensemble d\u2019habitations priv\u00e9es, que nous amor\u00e7ons notre descente vers un champ plastifi\u00e9. Melons\u00a0? tomates\u00a0? Toute la question\u2026<br \/>\nOn se dirige vers l\u2019ancienne Roubine Royale transform\u00e9e en canal de Beaucaire \u00e0 Aigues-Mortes. Il nous suffit maintenant de nous laisser aller le long du canal pour rejoindre le Port qui n\u2019\u00e9tait qu\u2019une petite halte pour le transbordement des barriques de vin et autres marchandises. Aujourd\u2019hui il rena\u00eet avec le tourisme fluvial.<br \/>\nOn a bien march\u00e9, on a bien papot\u00e9, on\u00a0 a bien \u00e9chang\u00e9, on a bien rigol\u00e9\u2026 malgr\u00e9 que nous avons appliqu\u00e9 les gestes barri\u00e8res au Covid-19 qui a \u00e9t\u00e9 bien mis de c\u00f4t\u00e9 par cette petite \u00ab\u00a0balade parenth\u00e8se\u00a0\u00bb\u00a0!<br \/>\n<span style=\"text-decoration: underline;\"><strong>Cotation\u00a0:<\/strong><\/span> <em>DJB2 \u2013 10 km \u2013 100 m d\u00e9nivel\u00e9 \u2013 12 randonneurs.<\/em><\/p>\n","protected":false},"excerpt":{"rendered":"<p>Voir ici les photos de notre randonn\u00e9e \u00e0 Bellegarde<\/p>\n","protected":false},"author":1,"featured_media":4933,"comment_status":"closed","ping_status":"closed","sticky":false,"template":"","format":"standard","meta":{"footnotes":""},"categories":[4],"tags":[],"class_list":["post-4930","post","type-post","status-publish","format-standard","has-post-thumbnail","hentry","category-randonnees"],"_links":{"self":[{"href":"https:\/\/culturotheque.fr\/index.php\/wp-json\/wp\/v2\/posts\/4930","targetHints":{"allow":["GET"]}}],"collection":[{"href":"https:\/\/culturotheque.fr\/index.php\/wp-json\/wp\/v2\/posts"}],"about":[{"href":"https:\/\/culturotheque.fr\/index.php\/wp-json\/wp\/v2\/types\/post"}],"author":[{"embeddable":true,"href":"https:\/\/culturotheque.fr\/index.php\/wp-json\/wp\/v2\/users\/1"}],"replies":[{"embeddable":true,"href":"https:\/\/culturotheque.fr\/index.php\/wp-json\/wp\/v2\/comments?post=4930"}],"version-history":[{"count":4,"href":"https:\/\/culturotheque.fr\/index.php\/wp-json\/wp\/v2\/posts\/4930\/revisions"}],"predecessor-version":[{"id":4941,"href":"https:\/\/culturotheque.fr\/index.php\/wp-json\/wp\/v2\/posts\/4930\/revisions\/4941"}],"wp:featuredmedia":[{"embeddable":true,"href":"https:\/\/culturotheque.fr\/index.php\/wp-json\/wp\/v2\/media\/4933"}],"wp:attachment":[{"href":"https:\/\/culturotheque.fr\/index.php\/wp-json\/wp\/v2\/media?parent=4930"}],"wp:term":[{"taxonomy":"category","embeddable":true,"href":"https:\/\/culturotheque.fr\/index.php\/wp-json\/wp\/v2\/categories?post=4930"},{"taxonomy":"post_tag","embeddable":true,"href":"https:\/\/culturotheque.fr\/index.php\/wp-json\/wp\/v2\/tags?post=4930"}],"curies":[{"name":"wp","href":"https:\/\/api.w.org\/{rel}","templated":true}]}}