{"id":4943,"date":"2020-04-01T17:14:23","date_gmt":"2020-04-01T15:14:23","guid":{"rendered":"http:\/\/culturotheque.fr\/?p=4943"},"modified":"2020-05-09T10:42:02","modified_gmt":"2020-05-09T08:42:02","slug":"le-clin-doeil-du-jour","status":"publish","type":"post","link":"https:\/\/culturotheque.fr\/index.php\/2020\/04\/01\/le-clin-doeil-du-jour\/","title":{"rendered":"Le Clin d&rsquo;oeil du jour !"},"content":{"rendered":"<p style=\"text-align: justify;\"><span style=\"color: #ff6600;\"><em><strong>Chaque jour du nouveau !<\/strong><\/em><\/span><br \/>\nEn cette p\u00e9riode de tr\u00eave obligatoire de nos activit\u00e9s, vous trouverez ici, chaque jour,\u00a0 un petit clin d&rsquo;oeil, un souvenir, un moment&#8230;. Vous pouvez r\u00e9agir en envoyant un mot \u00e0 <em>culturomi@free.fr.<\/em><!--more--><\/p>\n<p><strong>le 09 mai 2020<\/strong> &#8211;<a href=\"http:\/\/culturotheque.fr\/index.php\/2019\/09\/26\/sortie-aix-en-provence-lexposition-collection-thannhauser-de-la-fondation-solomon-r-guggenheim-de-new-york-la-fondation-vasarely\/\"> Notre sortie \u00e0 Aix en Provence du 26 septembre 2019<\/a><\/p>\n<p><strong>le 08 mai 2020<\/strong> &#8211; <a href=\"http:\/\/cpbeaucairois.free.fr\/index.php?option=com_content&amp;task=view&amp;id=1254&amp;Itemid=46\">Mad\u00e8re&#8230; Les levadas de l&rsquo;Atlantique.<\/a><\/p>\n<p><strong>le 07 mai 2020<\/strong> &#8211; L&rsquo;espiguette : <a href=\"http:\/\/cpbeaucairois.free.fr\/index.php?option=com_content&amp;task=view&amp;id=1394&amp;Itemid=39\">01.02.2016<\/a> &#8211;\u00a0 <a href=\"http:\/\/culturotheque.fr\/index.php\/2020\/03\/06\/lespiguette\/\">06.03.2020<\/a><\/p>\n<p><strong>le 06 mai 2020<\/strong> &#8211; <a href=\"http:\/\/cpbeaucairois.free.fr\/index.php?option=com_content&amp;task=view&amp;id=1141&amp;Itemid=46\">Irlande : le Mayo et le Connemara.<\/a><\/p>\n<p style=\"text-align: justify;\"><strong>Le 05 mai 2020<\/strong> &#8211; Les Gorges de V\u00e9roncle : <a href=\"http:\/\/cpbeaucairois.free.fr\/index.php?option=com_content&amp;task=view&amp;id=715&amp;Itemid=39\">05.03.2012<\/a> &#8211; <a href=\"http:\/\/culturotheque.fr\/index.php\/2017\/05\/22\/293\/\">22.05.2017<\/a> &#8211; <a href=\"http:\/\/culturotheque.fr\/index.php\/2019\/06\/03\/les-moulins-de-veroncle\/\">03 juin 2019.<\/a><\/p>\n<p><strong>Le 04 mai 2020<\/strong> &#8211; <a href=\"http:\/\/cpbeaucairois.free.fr\/index.php?option=com_content&amp;task=view&amp;id=1115&amp;Itemid=39\">Descente du Gardon en cano\u00eb&#8230;.<\/a><\/p>\n<p><strong>Le 03 mai 2020<\/strong> : <a href=\"http:\/\/cpbeaucairois.free.fr\/index.php?option=com_content&amp;task=view&amp;id=737&amp;Itemid=45\">Escapade\u00a0 \u00e0 Malte&#8230;. Un feu d&rsquo;artifice !<\/a><\/p>\n<p><strong>Le 02 mai 2020 &#8211;<\/strong> <a href=\"http:\/\/cpbeaucairois.free.fr\/index.php?option=com_content&amp;task=view&amp;id=194&amp;Itemid=45\">Plaisirs des yeux !<\/a><\/p>\n<p><strong>Le 1er mai 2020<\/strong> &#8211; <a href=\"http:\/\/cpbeaucairois.free.fr\/index.php?option=com_content&amp;task=view&amp;id=689&amp;Itemid=21\">Une sortie assez insolite !<\/a><\/p>\n<p style=\"text-align: justify;\"><strong>Le 30.04.2020<\/strong> &#8211; Les gorges de la Nesque : <a href=\"http:\/\/cpbeaucairois.free.fr\/index.php?option=com_content&amp;task=view&amp;id=143&amp;Itemid=39\">mars 2008<\/a> &#8211; <a href=\"http:\/\/cpbeaucairois.free.fr\/index.php?option=com_content&amp;task=view&amp;id=880&amp;Itemid=39\">11.12.2012<\/a> &#8211; <a href=\"http:\/\/culturotheque.fr\/index.php\/2017\/11\/06\/les-gorges-de-la-nesque\/\">06.11.2017<\/a>.<\/p>\n<p><strong>le 29.04.2020<\/strong> &#8211;<a href=\"http:\/\/cpbeaucairois.free.fr\/index.php?option=com_content&amp;task=view&amp;id=243&amp;Itemid=21\"> Aventure.. zygomatiques en action !<\/a><\/p>\n<p style=\"text-align: justify;\"><strong>le 28.04.2020<\/strong> &#8211; Dentelles de Montmirail : <a href=\"http:\/\/cpbeaucairois.free.fr\/index.php?option=com_content&amp;task=view&amp;id=291&amp;Itemid=39\">25.05.2009<\/a> &#8211; <a href=\"http:\/\/cpbeaucairois.free.fr\/index.php?option=com_content&amp;task=view&amp;id=753&amp;Itemid=39\">04.05.2012<\/a> &#8211; <a href=\"http:\/\/cpbeaucairois.free.fr\/index.php?option=com_content&amp;task=view&amp;id=1287&amp;Itemid=39\">18.05.2015<\/a> &#8211; <a href=\"http:\/\/cpbeaucairois.free.fr\/index.php?option=com_content&amp;task=view&amp;id=1431&amp;Itemid=39\">21.03.2016<\/a> &#8211; <a href=\"http:\/\/culturotheque.fr\/index.php\/2019\/03\/25\/cretes-de-st-amant-et-montmirail\/\">25.03.2019<\/a><\/p>\n<p><strong>le 27.04.2020<\/strong> &#8211; <a href=\"http:\/\/cpbeaucairois.free.fr\/index.php?option=com_content&amp;task=view&amp;id=1284&amp;Itemid=45\">Les lacs Italiens et Milan.<\/a><\/p>\n<p style=\"text-align: justify;\"><strong>le 26.04.2020<\/strong> &#8211; Randos nocturnes : <a href=\"http:\/\/cpbeaucairois.free.fr\/index.php?option=com_content&amp;task=view&amp;id=591&amp;Itemid=39\">20.06.2011<\/a> + <a href=\"http:\/\/cpbeaucairois.free.fr\/index.php?option=com_content&amp;task=view&amp;id=759&amp;Itemid=39\">04.06.2012<\/a> +<a href=\"http:\/\/culturotheque.fr\/index.php\/2017\/06\/05\/randonnee-nocturne\/\"> 05.06.2017<\/a> + <a href=\"http:\/\/culturotheque.fr\/index.php\/2019\/06\/17\/rando-de-nuit\/\">17.06.2019 <\/a><\/p>\n<p style=\"text-align: justify;\"><strong>le 25.04.2020<\/strong> &#8211; Le Courgoulier :\u00a0 <a href=\"http:\/\/cpbeaucairois.free.fr\/index.php?option=com_content&amp;task=view&amp;id=253&amp;Itemid=39\">09.03.2009<\/a> &#8211;\u00a0<a href=\"http:\/\/cpbeaucairois.free.fr\/index.php?option=com_content&amp;task=view&amp;id=712&amp;Itemid=42\"> le 29.02.2012<\/a> &#8211;\u00a0 <a href=\"http:\/\/cpbeaucairois.free.fr\/index.php?option=com_content&amp;task=view&amp;id=1283&amp;Itemid=39\">13.05.2015<\/a> &#8211;\u00a0 <a href=\"http:\/\/cpbeaucairois.free.fr\/index.php?option=com_content&amp;task=view&amp;id=1433&amp;Itemid=42\">23.03.2016<\/a> &#8211;\u00a0 <a href=\"http:\/\/culturotheque.fr\/index.php\/2018\/03\/16\/le-coquillon\/\">16.03.2018<\/a> &#8211;<\/p>\n<p><strong>le 24.04.2020 &#8211; <\/strong><a href=\"http:\/\/cpbeaucairois.free.fr\/index.php?option=com_content&amp;task=view&amp;id=563&amp;Itemid=45\">Escapade de trois jours \u00e0 Agde !<\/a><strong><br \/>\n<\/strong><\/p>\n<p><strong>le 23.04.2020<\/strong> &#8211; <a href=\"http:\/\/cpbeaucairois.free.fr\/index.php?option=com_content&amp;task=view&amp;id=671&amp;Itemid=42\">Une balade RandoSant\u00e9 festive !<\/a><\/p>\n<p><strong>le 22.04.2020<\/strong> &#8211; <a href=\"http:\/\/cpbeaucairois.free.fr\/index.php?option=com_content&amp;task=view&amp;id=1593&amp;Itemid=21\">Cagnes sur Mer<\/a><\/p>\n<p><strong>le 21.04.2020<\/strong> &#8211;<a href=\"http:\/\/cpbeaucairois.free.fr\/index.php?option=com_content&amp;task=view&amp;id=433&amp;Itemid=46\"> Paris \u00e0 pied 2\u00e8me !<\/a><\/p>\n<p><strong>le 20.04.2020<\/strong> &#8211; <a href=\"http:\/\/cpbeaucairois.free.fr\/index.php?option=com_content&amp;task=view&amp;id=458&amp;Itemid=21\">Les ch\u00e2teaux de la Drome<\/a>\u00a0 &#8211; <a href=\"http:\/\/cpbeaucairois.free.fr\/index.php?option=com_content&amp;task=view&amp;id=1537&amp;Itemid=46\">L&rsquo;automne dans la Drome.<\/a><\/p>\n<p style=\"text-align: justify;\"><strong>le 19.04.2020<\/strong> &#8211; <a href=\"http:\/\/cpbeaucairois.free.fr\/index.php?option=com_content&amp;task=view&amp;id=237&amp;Itemid=21\">Marseille 2009\u00a0\u00a0 <\/a>&#8211;\u00a0 <a href=\"http:\/\/cpbeaucairois.free.fr\/index.php?option=com_content&amp;task=view&amp;id=884&amp;Itemid=21\">Marseille 2013\u00a0<\/a> &#8211; <a href=\"http:\/\/cpbeaucairois.free.fr\/index.php?option=com_content&amp;task=view&amp;id=1046&amp;Itemid=21\">Marseille 2014<\/a> &#8211; <a href=\"http:\/\/cpbeaucairois.free.fr\/index.php?option=com_content&amp;task=view&amp;id=1257&amp;Itemid=21\">Marseille 2015<\/a>\u00a0 &#8211; <a href=\"http:\/\/cpbeaucairois.free.fr\/index.php?option=com_content&amp;task=view&amp;id=1651&amp;Itemid=21\">Marseille 2017\u00a0<\/a> &#8211;\u00a0\u00a0 <a href=\"http:\/\/culturotheque.fr\/index.php\/2017\/11\/30\/sortie-marseille\/\">Marseille\u00a0\u00a0 2017<\/a> &#8211;\u00a0 <a href=\"http:\/\/culturotheque.fr\/index.php\/2019\/03\/28\/marseille-palais-longchamp-et-la-majour\/\">Marseille 2019<\/a> &#8211;<\/p>\n<p style=\"text-align: justify;\"><strong>le 18.04.2020<\/strong> &#8211; Les Saintes Maries de la Mer, c&rsquo;est\u00a0 <a href=\"http:\/\/cpbeaucairois.free.fr\/index.php?option=com_content&amp;task=view&amp;id=372&amp;Itemid=39\">La Camargue<\/a> &#8211; <a href=\"https:\/\/get.google.com\/albumarchive\/109174154109291217383\/album\/AF1QipN7RoZl4t0d9Yy3S35gGfg5MQt31RGkZe08uiJF?authKey=CL7AjqXzl6qNsQE\">La Camargue\u00a0<\/a> &#8211; <a href=\"http:\/\/cpbeaucairois.free.fr\/index.php?option=com_content&amp;task=view&amp;id=864&amp;Itemid=39\">La Camargue<\/a> &#8211; <a href=\"http:\/\/cpbeaucairois.free.fr\/index.php?option=com_content&amp;task=view&amp;id=1493&amp;Itemid=42\">La Camargue<\/a><\/p>\n<p><strong>le 17.04.2020<\/strong> &#8211; <a href=\"http:\/\/cpbeaucairois.free.fr\/index.php?option=com_content&amp;task=view&amp;id=309&amp;Itemid=45\">Cambridge.<\/a><\/p>\n<p style=\"text-align: justify;\"><strong>le 16.04.2020<\/strong> &#8211;<a href=\"http:\/\/cpbeaucairois.free.fr\/index.php?option=com_content&amp;task=view&amp;id=345&amp;Itemid=39\"> Calanque de la Vesse<\/a> + <a href=\"http:\/\/cpbeaucairois.free.fr\/index.php?option=com_content&amp;task=view&amp;id=1158&amp;Itemid=39\">Calanque de la Vesse<\/a> + <a href=\"http:\/\/culturotheque.fr\/index.php\/2019\/03\/18\/la-cote-bleue\/\">Calanque de la Vesse.<\/a><\/p>\n<p><strong>le 15.04.2020<\/strong> &#8211; <a href=\"http:\/\/cpbeaucairois.free.fr\/index.php?option=com_content&amp;task=view&amp;id=1487&amp;Itemid=46\">Pays de Galles.<\/a><\/p>\n<p><strong>le 14.04.2020<\/strong> &#8211; <a href=\"http:\/\/cpbeaucairois.free.fr\/index.php?option=com_content&amp;task=view&amp;id=196&amp;Itemid=39\">Iles du Frioul\u00a0<\/a> et les<a href=\"http:\/\/cpbeaucairois.free.fr\/index.php?option=com_content&amp;task=view&amp;id=687&amp;Itemid=39\"> \u00eeles du Frioul<\/a><\/p>\n<p><strong>le 13.04.2020<\/strong> &#8211; <a href=\"http:\/\/cpbeaucairois.free.fr\/index.php?option=com_content&amp;task=view&amp;id=281&amp;Itemid=39\">Calanques de Cassis.\u00a0<\/a> \u00a0\u00a0\u00a0\u00a0 ou\u00a0 <a href=\"http:\/\/cpbeaucairois.free.fr\/index.php?option=com_content&amp;task=view&amp;id=612&amp;Itemid=39\">Calanques de Cassis<\/a> \u00a0\u00a0\u00a0ou encore <a href=\"http:\/\/culturotheque.fr\/index.php\/2018\/04\/27\/les-calanques-de-cassis\/\">Calanques de Cassis.<\/a><\/p>\n<p><strong>le 12.04.2020<\/strong> : <a href=\"http:\/\/cpbeaucairois.free.fr\/index.php?option=com_content&amp;task=view&amp;id=377&amp;Itemid=21\">Pr\u00e8s de l&rsquo;Etoile !<\/a><\/p>\n<p><strong>le 11.04.2020<\/strong> &#8211; <a href=\"http:\/\/cpbeaucairois.free.fr\/index.php?option=com_content&amp;task=view&amp;id=886&amp;Itemid=39\">Merci N\u00e9n\u00e9 pour cette fantastique balade a\u00e9rienne\u00a0!<\/a><\/p>\n<p><strong>le 10.04.2020<\/strong> &#8211;\u00a0 <a href=\"http:\/\/cpbeaucairois.free.fr\/index.php?option=com_content&amp;task=view&amp;id=1465&amp;Itemid=21\">Sortie les Baux (<em>Chagall ?<\/em>)<\/a><\/p>\n<p><strong>le 09.04.2020<\/strong> &#8211;\u00a0 <a href=\"http:\/\/cpbeaucairois.free.fr\/index.php?option=com_content&amp;task=view&amp;id=1124&amp;Itemid=46\">Sur les chemins de Compostelle (Aumont-Aubrac\/Conques).<\/a><\/p>\n<p><strong>le 08.04.2020<\/strong> &#8211; <a href=\"http:\/\/cpbeaucairois.free.fr\/index.php?option=com_content&amp;task=view&amp;id=394&amp;Itemid=45\">Destination&#8230; Venise !<\/a><\/p>\n<p style=\"text-align: justify;\"><strong>le 07.04.2020<\/strong> &#8211; <a href=\"http:\/\/cpbeaucairois.free.fr\/index.php?option=com_content&amp;task=view&amp;id=164&amp;Itemid=45\">Movandiaux et Morvendelles&#8230; et hic ! (Bourgogne et Beaune).<\/a><\/p>\n<p><strong>le 06.04.2020<\/strong> &#8211; <a href=\"https:\/\/photos.app.goo.gl\/kBB4mcYH9wXNUrR39\">Le Pont du Gard comme vous ne l&rsquo;avez jamais vu !<\/a><\/p>\n<p><strong>le 05.04.2020<\/strong> &#8211; <a href=\"http:\/\/cpbeaucairois.free.fr\/index.php?option=com_content&amp;task=view&amp;id=283&amp;Itemid=39\">Le Cirque de Navacelles<\/a><\/p>\n<p><strong>le 04.04.2020<\/strong> &#8211; <a href=\"http:\/\/cpbeaucairois.free.fr\/index.php?option=com_content&amp;task=blogcategory&amp;id=31&amp;Itemid=34\">L&rsquo;herbier des curieux<em> (cliquer sur chacune des plantes sur les deux pages).<\/em><\/a><\/p>\n<p><strong>le 03.04.2020<\/strong> &#8211;<a href=\"http:\/\/cpbeaucairois.free.fr\/index.php?option=com_content&amp;task=view&amp;id=204&amp;Itemid=39\"> La Capelle Masmol\u00e8ne<\/a><\/p>\n<p><strong>le 02.04.2020 <\/strong>&#8211; <a href=\"http:\/\/cpbeaucairois.free.fr\/index.php?option=com_content&amp;task=view&amp;id=407&amp;Itemid=39\">Sainte-Victoire.\u00a0 <\/a><strong><br \/>\n<\/strong><\/p>\n<p><strong>le 01.04.2020<\/strong> &#8211; <a href=\"http:\/\/cpbeaucairois.free.fr\/index.php?option=com_content&amp;task=view&amp;id=1077&amp;Itemid=45\">Istanbul.<\/a><\/p>\n<p><strong>le 31.03.2020 <\/strong>&#8211; <a href=\"http:\/\/cpbeaucairois.free.fr\/index.php?option=com_content&amp;task=view&amp;id=427&amp;Itemid=46\">De l&rsquo;autre c\u00f4t\u00e9&#8230;<\/a><strong><br \/>\n<\/strong><\/p>\n<p><strong>le 30.03.2020<\/strong> &#8211; <a href=\"http:\/\/cpbeaucairois.free.fr\/index.php?option=com_content&amp;task=view&amp;id=646&amp;Itemid=42\">Magnifiques&#8230;. les paysages de RandoSant\u00e9\u00a0 !<\/a><\/p>\n<p><strong>le 29.03.2020 <\/strong>&#8211; <a href=\"http:\/\/cpbeaucairois.free.fr\/index.php?option=com_content&amp;task=view&amp;id=232&amp;Itemid=39\">C&rsquo;est quand la St S\u00e9pulcre ? !<\/a><strong><br \/>\n<\/strong><\/p>\n<p><strong>le 28.03.2020<\/strong> &#8211;<a href=\"http:\/\/cpbeaucairois.free.fr\/index.php?option=com_content&amp;task=view&amp;id=1412&amp;Itemid=45\"> Escapade sur les pas de Dali.<\/a><\/p>\n<p><strong>le 27.03.2020<\/strong> &#8211; <a href=\"http:\/\/cpbeaucairois.free.fr\/index.php?option=com_content&amp;task=view&amp;id=1680&amp;Itemid=45\">Chronique particuli\u00e8re&#8230;<\/a><\/p>\n<p><strong>le 26.03.2020<\/strong> &#8211; <a href=\"http:\/\/cpbeaucairois.free.fr\/index.php?option=com_content&amp;task=view&amp;id=53&amp;Itemid=15\">Ils sont fous ces Anglais !<\/a><\/p>\n<p><strong>le 25.03.2020<\/strong> &#8211; <a href=\"http:\/\/cpbeaucairois.free.fr\/index.php?option=com_content&amp;task=view&amp;id=61&amp;Itemid=15\">Capitelles ou&#8230;. tout simplement des cabanes ?<\/a><\/p>\n<p><strong>le 24.03.2020 &#8211; <\/strong><a href=\"http:\/\/cpbeaucairois.free.fr\/index.php?option=com_content&amp;task=view&amp;id=751&amp;Itemid=46\">Qui n&rsquo;aime pas le g\u00e2teau \u00e0 la ch\u00e2taigne !<\/a><strong><br \/>\n<\/strong><\/p>\n<p><strong>le 23.03.2020<\/strong> &#8211;\u00a0 <a href=\"http:\/\/culturotheque.fr\/index.php\/2019\/01\/31\/montpellier-histoire-de-la-medecine-et-opera-comedie\/\">Une sortie \u00e0 Montpellier<\/a><\/p>\n<p><strong>le 22.03.2020<\/strong> &#8211;<a href=\"http:\/\/cpbeaucairois.free.fr\/index.php?option=com_content&amp;task=view&amp;id=945&amp;Itemid=46\"> Guy R. fait comme l&rsquo;oiseau&#8230;<\/a><\/p>\n<p><strong>le 21.03.2020<\/strong> &#8211; <a href=\"http:\/\/cpbeaucairois.free.fr\/index.php?option=com_content&amp;task=view&amp;id=192&amp;Itemid=21\">Une sortie \u00e0 Vaison la Romaine<\/a> et <a href=\"https:\/\/www.youtube.com\/watch?v=9uRYSSBGPGk\">la r\u00e9volte des vignerons<\/a> !<\/p>\n<p><a href=\"http:\/\/cpbeaucairois.free.fr\/index.php?option=com_content&amp;task=view&amp;id=601&amp;Itemid=46\"><strong>le 20.03.2020<\/strong> &#8211; \u00ab\u00a0notre\u00a0\u00bb Stevenson !\u00a0 <\/a>et <a href=\"https:\/\/get.google.com\/albumarchive\/109174154109291217383\/album\/AF1QipOD5Sx7uS1l0qqGc-y9BBcMjGu9i2p4BUOaP_3z\/AF1QipPUFVvmUHu2NE36MbCcoi31fUosbUzh8kvx_oiT?authKey=CMaT7anzwKjp2gE\">pourquoi ne pas faire la f\u00eate&#8230; Soir\u00e9e fin d&rsquo;ann\u00e9e\u00a0 2011<\/a><\/p>\n<p><strong>le 19.03.2020 :<\/strong> <a href=\"http:\/\/culturotheque.fr\/wp-content\/uploads\/2020\/03\/Ce-que-les-moins-de-20-ans.pdf\">Ce que les moins de 20 ans&#8230; ne peuvent pas conna\u00eetre !<\/a><\/p>\n<p><a href=\"https:\/\/photos.app.goo.gl\/td87Mgff9LNVZYV89\"><strong>le 18.03.2020<\/strong> : un petit \u00ab\u00a0French Cancan\u00a0\u00bb.<\/a><\/p>\n<p style=\"text-align: justify;\"><strong>le 17.03.2020 :<\/strong><a href=\"https:\/\/fr.calameo.com\/read\/001977477fd381b4621b3\">\u00a0 Bulletin n\u00b0 16 de juin 2011 &#8211; En avant derni\u00e8re page, chronique d&rsquo;une randonn\u00e9e nocturne et dans la derni\u00e8re on replonge dans un s\u00e9jour rando\/danse en Angleterre&#8230;.<\/a><\/p>\n<p><strong>le 16.03.2020<\/strong> <a href=\"http:\/\/cpbeaucairois.free.fr\/index.php?option=com_content&amp;task=view&amp;id=247&amp;Itemid=46\">: Raquettes Extr\u00eames du 14.02.2009<\/a><\/p>\n<p><strong>le 15.03.2020<\/strong><a href=\"http:\/\/cpbeaucairois.free.fr\/index.php?option=com_content&amp;task=view&amp;id=77&amp;Itemid=28\"> : mai 2005 &#8211; Le sens de circulation.<\/a><\/p>\n","protected":false},"excerpt":{"rendered":"<p>Chaque jour du nouveau ! En cette p\u00e9riode de tr\u00eave obligatoire de nos activit\u00e9s, vous trouverez ici, chaque jour,\u00a0 un petit clin d&rsquo;oeil, un souvenir, un moment&#8230;. Vous pouvez r\u00e9agir en envoyant un mot \u00e0 culturomi@free.fr.<\/p>\n","protected":false},"author":1,"featured_media":4937,"comment_status":"closed","ping_status":"closed","sticky":false,"template":"","format":"standard","meta":{"footnotes":""},"categories":[41],"tags":[],"class_list":["post-4943","post","type-post","status-publish","format-standard","has-post-thumbnail","hentry","category-actualites"],"_links":{"self":[{"href":"https:\/\/culturotheque.fr\/index.php\/wp-json\/wp\/v2\/posts\/4943","targetHints":{"allow":["GET"]}}],"collection":[{"href":"https:\/\/culturotheque.fr\/index.php\/wp-json\/wp\/v2\/posts"}],"about":[{"href":"https:\/\/culturotheque.fr\/index.php\/wp-json\/wp\/v2\/types\/post"}],"author":[{"embeddable":true,"href":"https:\/\/culturotheque.fr\/index.php\/wp-json\/wp\/v2\/users\/1"}],"replies":[{"embeddable":true,"href":"https:\/\/culturotheque.fr\/index.php\/wp-json\/wp\/v2\/comments?post=4943"}],"version-history":[{"count":82,"href":"https:\/\/culturotheque.fr\/index.php\/wp-json\/wp\/v2\/posts\/4943\/revisions"}],"predecessor-version":[{"id":5323,"href":"https:\/\/culturotheque.fr\/index.php\/wp-json\/wp\/v2\/posts\/4943\/revisions\/5323"}],"wp:featuredmedia":[{"embeddable":true,"href":"https:\/\/culturotheque.fr\/index.php\/wp-json\/wp\/v2\/media\/4937"}],"wp:attachment":[{"href":"https:\/\/culturotheque.fr\/index.php\/wp-json\/wp\/v2\/media?parent=4943"}],"wp:term":[{"taxonomy":"category","embeddable":true,"href":"https:\/\/culturotheque.fr\/index.php\/wp-json\/wp\/v2\/categories?post=4943"},{"taxonomy":"post_tag","embeddable":true,"href":"https:\/\/culturotheque.fr\/index.php\/wp-json\/wp\/v2\/tags?post=4943"}],"curies":[{"name":"wp","href":"https:\/\/api.w.org\/{rel}","templated":true}]}}