{"id":5326,"date":"2020-05-09T17:00:32","date_gmt":"2020-05-09T15:00:32","guid":{"rendered":"http:\/\/culturotheque.fr\/?p=5326"},"modified":"2020-06-30T11:12:47","modified_gmt":"2020-06-30T09:12:47","slug":"reprise-des-activites-de-la-culturotheque-le-mercredi-13-mai","status":"publish","type":"post","link":"https:\/\/culturotheque.fr\/index.php\/2020\/05\/09\/reprise-des-activites-de-la-culturotheque-le-mercredi-13-mai\/","title":{"rendered":"Reprise des activit\u00e9s de La Culturoth\u00e8que le mercredi 13 mai."},"content":{"rendered":"<p><!--more--><\/p>\n<p style=\"text-align: justify;\"><span style=\"color: #ff9900;\">Pour l&rsquo;instant, en raison\u00a0 des \u00ab\u00a0Consignes Covid 19\u00a0\u00bb aucune activit\u00e9 en salle ne peut reprendre.<\/span><\/p>\n<p style=\"text-align: justify;\"><span style=\"color: #339966;\">Pour les Randonn\u00e9es en Club, la FFRandonn\u00e9e a d\u00e9fini des r\u00e8gles \u00e0 appliquer et \u00e0 faire appliquer obligatoirement pour la s\u00e9curit\u00e9 des participants.<\/span><br \/>\n<span style=\"color: #0091ff;\"><span style=\"color: #339966;\">En cons\u00e9quence, en plus des r\u00e8gles habituelles, il faudra appliquer les r\u00e8gles <strong><a style=\"color: #339966;\" href=\"http:\/\/culturotheque.fr\/wp-content\/uploads\/2020\/05\/Plan-de-d\u00e9confinement-R\u00e8gles-La-Culturoth\u00e8que.pdf\">\u00ab\u00a0sp\u00e9ciales plan de d\u00e9confinement\u00a0\u00bb.<\/a> <\/strong>Ces r\u00e8gles pourront \u00eatre modifi\u00e9es en fonction des pr\u00e9cisions\u00a0 gouvernementales et de la FFRandonn\u00e9e.<\/span> <\/span><\/p>\n<p style=\"text-align: justify;\"><span style=\"color: #0091ff;\">En fonction des lieux disponibles au public, quelques sorties\u00a0 \u00e0 la demi-journ\u00e9e seront aussi propos\u00e9es aux adh\u00e9rents en respectant \u00e9galement les r\u00e8gles <a style=\"color: #0091ff;\" href=\"http:\/\/culturotheque.fr\/wp-content\/uploads\/2020\/05\/Plan-de-d\u00e9confinement-R\u00e8gles-La-Culturoth\u00e8que.pdf\"><strong>\u00ab\u00a0sp\u00e9ciales plan de\u00a0 d\u00e9confinement\u00a0\u00bb<\/strong>.<\/a><\/span><\/p>\n<p style=\"text-align: justify;\"><span style=\"color: #0091ff;\"><span style=\"color: #ff9900;\">Il n&rsquo;y aura pas de programme.\u00a0 Suivre les infos en page d&rsquo;accueil du site internet. Vous pouvez \u00e9galement voir en page d&rsquo;accueil l&rsquo;<\/span><span style=\"text-decoration: underline;\"><strong><span style=\"color: #ff9900; text-decoration: underline;\">Agenda Pr\u00e9visionnel.<\/span> <\/strong><\/span><\/span><\/p>\n<p style=\"text-align: justify;\"><span style=\"color: #339966;\">Pour chaque randonn\u00e9e\u00a0 il faudra s&rsquo;inscrire. Les inscriptions seront ferm\u00e9es la <strong>veille au soir \u00e0 19 h.<\/strong><\/span><br \/>\n<span style=\"color: #339966;\">Il faudra \u00e9galement en plus de l&rsquo;\u00e9quipement rando habituel avoir le kit hygi\u00e8ne.<br \/>\n<\/span><\/p>\n<p style=\"text-align: justify;\"><span style=\"color: #6184ed;\">Pour les sorties, il faudra porter un masque, avoir le kit hygi\u00e8ne + des tenues et des chaussures confortables.<\/span><br \/>\n<span style=\"color: #6184ed;\">Les inscriptions seront ferm\u00e9es la <strong>veille \u00e0 12 h.<\/strong><\/span><\/p>\n<p style=\"text-align: justify;\"><span style=\"color: #ff9900;\">Pour les inscriptions, envoyer un mail\u00a0 \u00e0 <em>culturomi@free.fr<\/em>\u00a0 ou un SMS au 06.08.24.75.33. <strong>La personne ne sera inscrite que si elle a re\u00e7u un retour avec le lieu de Rdv.<br \/>\n<\/strong>Le <strong>co-voiturage<\/strong> \u00e9tant impossible \u00e0 organiser par La Culturoth\u00e8que il faudra que chacun s&rsquo;organise pour \u00eatre au rdv fix\u00e9 pour le d\u00e9part de la randonn\u00e9e ou la visite.<strong><br \/>\n<\/strong><\/span><\/p>\n<p style=\"text-align: justify;\"><span style=\"color: #ff0000;\"><em><strong>Il est rappel\u00e9 que toute personne \u00ab\u00a0vuln\u00e9rable\u00a0\u00bb ne peut assister \u00e0 ces activit\u00e9s.<\/strong><\/em><\/span><\/p>\n<p style=\"text-align: justify;\"><span style=\"color: #ff9900;\">Pour ceux qui d\u00e9sirent randonner seul ou en famille,\u00a0 voici les consignes de la FFRandonn\u00e9e : <span style=\"color: #99cc00;\"><a style=\"color: #99cc00;\" href=\"http:\/\/culturotheque.fr\/wp-content\/uploads\/2020\/05\/20200602-plan-reprise-activites-federales-phase2-valide.pdf\"><strong>20200602-plan-reprise-activites-federales-phase2-valide<\/strong><\/a><\/span><\/span><\/p>\n<p><span style=\"color: #ff9900;\">Plus de questions : envoyer un mail \u00e0 <em>culturomi@free.fr.<\/em><\/span><\/p>\n","protected":false},"excerpt":{"rendered":"","protected":false},"author":1,"featured_media":5329,"comment_status":"closed","ping_status":"closed","sticky":false,"template":"","format":"standard","meta":{"footnotes":""},"categories":[41],"tags":[],"class_list":["post-5326","post","type-post","status-publish","format-standard","has-post-thumbnail","hentry","category-actualites"],"_links":{"self":[{"href":"https:\/\/culturotheque.fr\/index.php\/wp-json\/wp\/v2\/posts\/5326","targetHints":{"allow":["GET"]}}],"collection":[{"href":"https:\/\/culturotheque.fr\/index.php\/wp-json\/wp\/v2\/posts"}],"about":[{"href":"https:\/\/culturotheque.fr\/index.php\/wp-json\/wp\/v2\/types\/post"}],"author":[{"embeddable":true,"href":"https:\/\/culturotheque.fr\/index.php\/wp-json\/wp\/v2\/users\/1"}],"replies":[{"embeddable":true,"href":"https:\/\/culturotheque.fr\/index.php\/wp-json\/wp\/v2\/comments?post=5326"}],"version-history":[{"count":9,"href":"https:\/\/culturotheque.fr\/index.php\/wp-json\/wp\/v2\/posts\/5326\/revisions"}],"predecessor-version":[{"id":5500,"href":"https:\/\/culturotheque.fr\/index.php\/wp-json\/wp\/v2\/posts\/5326\/revisions\/5500"}],"wp:featuredmedia":[{"embeddable":true,"href":"https:\/\/culturotheque.fr\/index.php\/wp-json\/wp\/v2\/media\/5329"}],"wp:attachment":[{"href":"https:\/\/culturotheque.fr\/index.php\/wp-json\/wp\/v2\/media?parent=5326"}],"wp:term":[{"taxonomy":"category","embeddable":true,"href":"https:\/\/culturotheque.fr\/index.php\/wp-json\/wp\/v2\/categories?post=5326"},{"taxonomy":"post_tag","embeddable":true,"href":"https:\/\/culturotheque.fr\/index.php\/wp-json\/wp\/v2\/tags?post=5326"}],"curies":[{"name":"wp","href":"https:\/\/api.w.org\/{rel}","templated":true}]}}