{"id":5340,"date":"2020-05-13T16:30:14","date_gmt":"2020-05-13T14:30:14","guid":{"rendered":"http:\/\/culturotheque.fr\/?p=5340"},"modified":"2020-05-28T10:08:29","modified_gmt":"2020-05-28T08:08:29","slug":"la-liberte","status":"publish","type":"post","link":"https:\/\/culturotheque.fr\/index.php\/2020\/05\/13\/la-liberte\/","title":{"rendered":"La libert\u00e9 !"},"content":{"rendered":"<p><a href=\"https:\/\/photos.app.goo.gl\/VkD47sybR8urH5Du8\">Voir ici les photos de notre balade \u00e0 Beaucaire.<\/a><br \/>\n<!--more--><\/p>\n<p style=\"text-align: justify;\">Quel bonheur\u00a0!&#8230; Oh oui quel bonheur de se retrouver enfin\u00a0!<br \/>\nM\u00eame si nous n\u2019\u00e9tions pas trop nombreux, m\u00eame si certains se sont d\u00e9courag\u00e9s ou\u2026 ont annul\u00e9 \u00e0 cause de la pluie annonc\u00e9e nous sommes enfin partis mettre un pied devant l\u2019autre\u2026 \u00a0ensemble\u00a0!<br \/>\nPlus de rdv habituel, plus de co-voiturage, plus de partage de petites attentions, plus de bisou (<em>mais \u00e7a on savait faire d\u00e9j\u00e0\u00a0!<\/em>). Mais, m\u00eame au rdv fix\u00e9 et avec nos masques on \u00e9tait si heureux\u00a0!<br \/>\nNous sommes partis de notre ancien rdv du Beaupr\u00e9 direction la piscine en longeant le canal. \u00ab\u00a0<em>Tiens, on ne savait pas qu\u2019on pouvait passer par l\u00e0\u00a0!<\/em>\u00a0 C\u2019est joli.\u00bb : les bateaux et quelques p\u00eacheurs aussi heureux que nous.<br \/>\nMaintenant on suit le Rh\u00f4ne. A l\u2019\u00e9chelle \u00e0 poissons c\u2019est un ballet de h\u00e9rons en vol. S\u00fbrement qu\u2019ils nichent dans les arbres. Les martinets, jaloux, nous offrent un spectacle encore plus grandiose. Eux aussi respectent les distances r\u00e8glementaires\u2026<br \/>\nNous nous enivrons \u00a0du parfum ent\u00eatant des genets en fleurs. \u00ab\u00a0<em>Mais je ne savais pas qu\u2019il y avait des coquelicots jaunes\u00a0!\u00a0<\/em>\u00bb. Ce sont des pavots cornus nous dit Philippe. Val\u00e9rianes, camomilles, asphod\u00e8les, lins, immortelles, salsifis \u00e0 feuille de poireaux, urosperme, coquelicots, aristoloches\u2026\u00a0 Quel plaisir de retrouver toutes ces fleurs !<br \/>\nNous arrivons ainsi jusqu\u2019aux \u00e9oliennes. Grandes discussions. Depuis quand sont-elles install\u00e9es\u00a0?\u00a0 Le Covid 19 nous a tous tourneboul\u00e9s, on a du mal \u00e0 retrouver la m\u00e9moire. Ces \u00e9oliennes construites \u00e0 partir des ann\u00e9es 2000 ont \u00e9t\u00e9 mises en service en octobre 2006. Chaque nacelle a une hauteur de 80 m (<em>nous avons bien compt\u00e9\u00a0!)<\/em> et les 5 fournissent 12.500 kw. Par contre on se rappelle bien notre visite de l\u2019usine hydro\u00e9lectrique de \u00a0Boll\u00e8ne o\u00f9 le sujet avait \u00e9t\u00e9 \u00e9voqu\u00e9 par nos charmantes guides du CNR propri\u00e9taire de ce parc \u00e9olien, comme du futur parc solaire qui sera en fonctionnement d\u2019ici septembre prochain.<br \/>\nOn se souvient bien aussi d\u2019\u00eatre pass\u00e9 sur ce chemin lors de la randonn\u00e9e de N\u00e9n\u00e9 d\u00e9but janvier\u00a0!<br \/>\nNous faisons demi-tour, passons devant l\u2019immense silo \u00e0 grains, admirons les grandes p\u00e9niches puis reprenons par un petit chemin plein de charme sous les arbres.<br \/>\nIl est temps maintenant de longer \u00a0les berges du fameux canal des Italiens. Une petite pause pour boire, se laver une fois de plus les mains et\u2026 on reprend sur un tapis d\u2019herbe tout doux pour nos chevilles. Les iris jaunes \u00e9gaient toute cette verdure qui nous enchante.<br \/>\nOn disserte un moment sur les moules d\u2019eau douce, Anodonta, car on trouve ici et l\u00e0 quelques coquilles g\u00e9antes. Elles vivent et se d\u00e9placent lentement au fond de l\u2019eau gr\u00e2ce \u00e0 un pied unique. Ce sont d\u2019excellents filtres qui purifient l\u2019eau. Trouverons-nous quelques jolies nacres et\u2026 pourquoi pas une perle bien souvent utilis\u00e9es pour faire des bijoux ou des \u00e9l\u00e9ments de marqueterie.<br \/>\nSouvenirs d\u2019enfance sous le pont de la \u00ab\u00a0bagnade\u00a0\u00bb \u00a0et nous continuons avec la grande surprise d\u2019arriver \u00e0\u2026 notre point de d\u00e9part.<br \/>\nPas une goutte d\u2019eau, pas de remise \u00e0 l\u2019ordre tellement chacun est habitu\u00e9 \u00e0 cette nouvelle attitude de distanciation, alors\u2026 oui, bien s\u00fbr on a fait une belle balade ! Ce qui est s\u00fbr c\u2019est que nous ne retrouverons pas de sit\u00f4t les randonn\u00e9es d\u2019avant, mais qu\u2019importe, le plaisir d\u2019\u00eatre ensemble est toujours l\u00e0, les conversations toujours aussi anim\u00e9es,\u00a0 et les paysages toujours aussi grandioses. Oui les randonn\u00e9es d\u2019avant ne seront plus l\u00e0, mais toutes celles que nous ferons \u00e0 l\u2019avenir seront sp\u00e9ciales\u00a0: elles auront le go\u00fbt particulier de la\u2026 libert\u00e9\u00a0!<br \/>\n<strong><u>Cotation<\/u><\/strong>\u00a0: <em>B2 \u2013 9 km \u2013 peu de d\u00e9nivel\u00e9 \u2013 7 randonneurs.<\/em><\/p>\n","protected":false},"excerpt":{"rendered":"<p>Voir ici les photos de notre balade \u00e0 Beaucaire.<\/p>\n","protected":false},"author":1,"featured_media":5342,"comment_status":"closed","ping_status":"closed","sticky":false,"template":"","format":"standard","meta":{"footnotes":""},"categories":[4],"tags":[],"class_list":["post-5340","post","type-post","status-publish","format-standard","has-post-thumbnail","hentry","category-randonnees"],"_links":{"self":[{"href":"https:\/\/culturotheque.fr\/index.php\/wp-json\/wp\/v2\/posts\/5340","targetHints":{"allow":["GET"]}}],"collection":[{"href":"https:\/\/culturotheque.fr\/index.php\/wp-json\/wp\/v2\/posts"}],"about":[{"href":"https:\/\/culturotheque.fr\/index.php\/wp-json\/wp\/v2\/types\/post"}],"author":[{"embeddable":true,"href":"https:\/\/culturotheque.fr\/index.php\/wp-json\/wp\/v2\/users\/1"}],"replies":[{"embeddable":true,"href":"https:\/\/culturotheque.fr\/index.php\/wp-json\/wp\/v2\/comments?post=5340"}],"version-history":[{"count":5,"href":"https:\/\/culturotheque.fr\/index.php\/wp-json\/wp\/v2\/posts\/5340\/revisions"}],"predecessor-version":[{"id":5391,"href":"https:\/\/culturotheque.fr\/index.php\/wp-json\/wp\/v2\/posts\/5340\/revisions\/5391"}],"wp:featuredmedia":[{"embeddable":true,"href":"https:\/\/culturotheque.fr\/index.php\/wp-json\/wp\/v2\/media\/5342"}],"wp:attachment":[{"href":"https:\/\/culturotheque.fr\/index.php\/wp-json\/wp\/v2\/media?parent=5340"}],"wp:term":[{"taxonomy":"category","embeddable":true,"href":"https:\/\/culturotheque.fr\/index.php\/wp-json\/wp\/v2\/categories?post=5340"},{"taxonomy":"post_tag","embeddable":true,"href":"https:\/\/culturotheque.fr\/index.php\/wp-json\/wp\/v2\/tags?post=5340"}],"curies":[{"name":"wp","href":"https:\/\/api.w.org\/{rel}","templated":true}]}}