{"id":5349,"date":"2020-05-18T15:58:29","date_gmt":"2020-05-18T13:58:29","guid":{"rendered":"http:\/\/culturotheque.fr\/?p=5349"},"modified":"2020-05-26T09:37:23","modified_gmt":"2020-05-26T07:37:23","slug":"la-bouteille-par-les-regagnons","status":"publish","type":"post","link":"https:\/\/culturotheque.fr\/index.php\/2020\/05\/18\/la-bouteille-par-les-regagnons\/","title":{"rendered":"La Bouteille par les Regagnons."},"content":{"rendered":"<p><a href=\"https:\/\/photos.app.goo.gl\/U3HpPBiPQ5QnmJwm7\">Voir ici les photos de notre randonn\u00e9e \u00e0 Beaucaire.<\/a><br \/>\n<!--more--><\/p>\n<p style=\"text-align: justify;\">Nos masques sur le nez et un sourire grand jusqu\u2019aux oreilles.\u00a0 Nous savourons ces retrouvailles.<br \/>\nTr\u00e8s vite la cadence est donn\u00e9e en prenant le chemin si cher \u00e0 notre groupe du mercredi matin.<br \/>\nSourires en coins pour nos Beaucairois qui ont savour\u00e9 leurs premiers baisers aux \u00ab<em>cinq platanes<\/em>\u00bb.<br \/>\nUne petite brise l\u00e9g\u00e8re, l&rsquo;eau du Rh\u00f4ne, les jolies fleurs, le ciel bleu donnent un air d\u2019\u00e9cole buissonni\u00e8re.<br \/>\nDes nouvelles de notre \u00e9pisode confin\u00e9, de nos enfants, de nos sentiments avec les hauts et les bas\u2026 mais le bonheur d\u2019\u00eatre l\u00e0, ensemble, est bien palpable. D&rsquo;autant que&#8230; les plaisanteries de N\u00e9n\u00e9 sont de retour ! Attention Marith\u00e9 de ne pas te faire avoir.<br \/>\nOn rejoint la voie verte que l\u2019on quitte aussit\u00f4t direction les Caunelles pour un sentier qui grimpe vers un bosquet champ\u00eatre. On se retourne pour admirer la vue. On se retourne aussi pour appr\u00e9cier la chance que nous avons d\u2019\u00eatre dans ce magnifique paysage !<br \/>\nNous arrivons aux \u00ab\u00a0antennes\u00a0\u00bb. On se souvient lorsqu\u2019on pouvait aller rejoindre la grotte Pag\u00e8s o\u00f9 des vestiges arch\u00e9ologiques y ont \u00e9t\u00e9 retrouv\u00e9s et d\u00e9pos\u00e9s dans le mus\u00e9e de Beaucaire. Maintenant elle est entour\u00e9e d\u2019habitations.<br \/>\nNous \u00e9voquons le quartier Gaudon.<br \/>\nTire-t-il son nom de la culture de la gaude (<em>ou r\u00e9s\u00e9da<\/em>), plante qui aime les rocailles, longtemps prot\u00e9g\u00e9e et dont il est toujours interdit de la cueillir ? On apprend que cette plante \u00e9tait cultiv\u00e9e pour la teinturerie et qu\u2019elle \u00e9tait appel\u00e9e commun\u00e9ment <em>\u00a0Herbo dei Jusions<\/em>, car \u00ab\u00a0<em>elle donnait la couleur jaune que les juifs \u00e9taient oblig\u00e9s de porter autrefois dans ce pays, et d\u2019en faire teindre leur chapeaux<\/em> <em>ou la rouelle.<\/em> \u00bb <span style=\"color: #808080;\">(<em><span class=\"ILfuVd\"><span class=\"e24Kjd\">La rouelle, ou la roue, est une petite pi\u00e8ce d&rsquo;\u00e9toffe dont le port ostensible a \u00e9t\u00e9 impos\u00e9 aux juifs comme signe vestimentaire distinctif par les autorit\u00e9s civiles. D\u00e9coup\u00e9e en anneau, elle symboliserait les 30 deniers de Judas selon l&rsquo;interpr\u00e9tation traditionnelle.<\/span><\/span><\/em>)<\/span><br \/>\nEt bien oui ce serait bien par rapport au fait que le quartier juif se trouvait \u00e0 cet endroit que le quartier Gaudon porte ce nom\u2026<br \/>\nOn disserte aussi sur le fait que la Gaude \u00e9tait class\u00e9e au nombre des plantes \u00abgrand teint\u00bb au m\u00eame titre que la gu\u00e8de et la garance&#8230; avant de voyager, en discussions anim\u00e9es, au pays de Cocagne !<br \/>\nNous atteignons ainsi Les Regagnons o\u00f9 une petite halte d\u00e9salt\u00e9rante est appr\u00e9ci\u00e9e avant de grimper \u00e0 nouveau par un joli sentier parfum\u00e9 de gen\u00eats vers le pied de l\u2019Abbaye de St Roman.<br \/>\nLes pistes sont larges, des duos se sont constitu\u00e9s depuis bien longtemps pour des conversations anim\u00e9es\u2026. Mais, \u00e0 distance !<br \/>\nQuel bonheur de se retrouver dans ce petit sentier qui monte vers la Bouteille ! Caillouteux mais si charmant et\u2026 quelle vue ! On s\u2019arr\u00eate, on profite, c\u2019est si bon se retrouver avec ce\u00a0 beau panorama \u00e0 penser \u00e0 nos copains de Comps, Montfrin, Meynes dont nous apercevons les villages.<br \/>\nNous voici \u00e0 la Bouteille ! \u00a0Il s\u2019agit d\u2019un ch\u00e2teau d\u2019eau qui \u00e9tait destin\u00e9 \u00e0 l\u2019alimentation en eau de la ville de N\u00eemes. Sa construction aurait d\u00e9but\u00e9 entre 1882\/1900 dans un environnement de garrigue. Il s\u2019agit d\u2019un c\u00f4ne \u00e0 trois niveaux en moellon calcaire et en pierre de taille supportant une tour cylindrique de plus petit diam\u00e8tre en b\u00e9ton recouvert d\u2019un d\u00e9cor enduit. Cette tour appartient \u00e0 la ville de N\u00eemes et serait class\u00e9 monument historique malgr\u00e9 qu\u2019elle soit d\u00e9saffect\u00e9e.<br \/>\nDe l\u00e0 haut, la vue est belle : Beaucaire, Tarascon, Les Alpilles et \u00e0 nos pieds le Rh\u00f4ne qui suit sa longue route tranquille. La lumi\u00e8re est particuli\u00e8rement belle ce matin&#8230;<br \/>\nNous redescendons pour rejoindre la voie verte puis les bords du Rh\u00f4ne bien ombrag\u00e9s.<br \/>\n<strong><u>Cotation<\/u><\/strong>\u00a0: <em>&#8211; \u00a012 km \u2013 286 m d\u00e9nivel\u00e9 \u2013 9 randonneurs.<\/em><\/p>\n","protected":false},"excerpt":{"rendered":"<p>Voir ici les photos de notre randonn\u00e9e \u00e0 Beaucaire.<\/p>\n","protected":false},"author":1,"featured_media":5354,"comment_status":"closed","ping_status":"closed","sticky":false,"template":"","format":"standard","meta":{"footnotes":""},"categories":[4],"tags":[],"class_list":["post-5349","post","type-post","status-publish","format-standard","has-post-thumbnail","hentry","category-randonnees"],"_links":{"self":[{"href":"https:\/\/culturotheque.fr\/index.php\/wp-json\/wp\/v2\/posts\/5349","targetHints":{"allow":["GET"]}}],"collection":[{"href":"https:\/\/culturotheque.fr\/index.php\/wp-json\/wp\/v2\/posts"}],"about":[{"href":"https:\/\/culturotheque.fr\/index.php\/wp-json\/wp\/v2\/types\/post"}],"author":[{"embeddable":true,"href":"https:\/\/culturotheque.fr\/index.php\/wp-json\/wp\/v2\/users\/1"}],"replies":[{"embeddable":true,"href":"https:\/\/culturotheque.fr\/index.php\/wp-json\/wp\/v2\/comments?post=5349"}],"version-history":[{"count":12,"href":"https:\/\/culturotheque.fr\/index.php\/wp-json\/wp\/v2\/posts\/5349\/revisions"}],"predecessor-version":[{"id":5382,"href":"https:\/\/culturotheque.fr\/index.php\/wp-json\/wp\/v2\/posts\/5349\/revisions\/5382"}],"wp:featuredmedia":[{"embeddable":true,"href":"https:\/\/culturotheque.fr\/index.php\/wp-json\/wp\/v2\/media\/5354"}],"wp:attachment":[{"href":"https:\/\/culturotheque.fr\/index.php\/wp-json\/wp\/v2\/media?parent=5349"}],"wp:term":[{"taxonomy":"category","embeddable":true,"href":"https:\/\/culturotheque.fr\/index.php\/wp-json\/wp\/v2\/categories?post=5349"},{"taxonomy":"post_tag","embeddable":true,"href":"https:\/\/culturotheque.fr\/index.php\/wp-json\/wp\/v2\/tags?post=5349"}],"curies":[{"name":"wp","href":"https:\/\/api.w.org\/{rel}","templated":true}]}}