{"id":5363,"date":"2020-05-20T15:11:56","date_gmt":"2020-05-20T13:11:56","guid":{"rendered":"http:\/\/culturotheque.fr\/?p=5363"},"modified":"2020-05-20T15:33:08","modified_gmt":"2020-05-20T13:33:08","slug":"saint-laurent","status":"publish","type":"post","link":"https:\/\/culturotheque.fr\/index.php\/2020\/05\/20\/saint-laurent\/","title":{"rendered":"Saint-Laurent"},"content":{"rendered":"<p><a href=\"https:\/\/photos.app.goo.gl\/S7rZGHKTmV9p9vyN8\">Voir ici les photos de notre randonn\u00e9e \u00e0 Jonqui\u00e8res St Vincent<\/a><br \/>\n<!--more--><\/p>\n<p style=\"text-align: justify;\">Derri\u00e8re nos masques les sourires sont grands. On ne perd pas de temps, 8 h c\u2019est le d\u00e9part.<br \/>\nM\u00eame pas un coup d\u2019\u0153il \u00e0 la chapelle St Laurent. Pourtant son histoire pourrait garantir les discussions de toute la matin\u00e9e ! En effet, elle \u00a0est le dernier vestige d\u2019un hameau de p\u00eacheurs dont elle \u00e9tait l\u2019\u00e9glise jusqu\u2019au XIVe si\u00e8cle.. L\u2019ancien village de St Laurent, maintenant disparu tirait ses ressources de l\u2019\u00e9tang de la Palud, ass\u00e9ch\u00e9 depuis la fin du XIXe si\u00e8cle. Aujourd\u2019hui on a d\u00e9cid\u00e9 de faire le tour de ces marais.<br \/>\nNous gardons nos masques jusqu\u2019\u00e0 Jonqui\u00e8res o\u00f9 nous empruntons un amour de sentier dans un tunnel de v\u00e9g\u00e9tation. On arrive ainsi \u00e0 la \u00ab\u00a0Font Couverte\u00a0\u00bb. Les masques tombent, les conversations sont d\u00e9j\u00e0 anim\u00e9es et\u2026 les distances respect\u00e9es.<br \/>\nDe nombreuses sources permettaient l\u2019habitat \u00e0 Jonqui\u00e8res, Saint-Vincent et St Laurent, mais la source de la Tavie nous offre toujours sont site bucolique empreint d\u2019une ambiance impalpable d\u2019un \u00ab\u00a0<span style=\"color: #999999;\"><em>je ne sais quoi\u00a0<\/em><\/span>\u00bb. Normal. Jusqu\u2019au IIIe si\u00e8cle de notre \u00e8re, comme en t\u00e9moignent les vestiges \u00a0arch\u00e9ologiques trouv\u00e9s sur place, ce site \u00e9tait \u00e9galement occup\u00e9.<br \/>\nLa suite est aussi \u00ab\u00a0<em>impalpable<\/em>\u00ab\u00a0, \u00ab\u00a0<em>magique<\/em>\u00ab\u00a0, \u00ab\u00a0<em>a\u00e9rienne<\/em>\u00ab\u00a0\u2026 de beaux chemins avec des passages ombrag\u00e9s, un beau ciel bleu, une petite brise et\u2026 notre bonheur d\u2019\u00eatre tout simplement l\u00e0 !<br \/>\nOn arrive ainsi jusqu\u2019\u00e0 Comps.<br \/>\nOn amorce une boucle pour passer de l\u2019autre c\u00f4t\u00e9 des paluds dans un chemin fleuri, ombrag\u00e9 et bord\u00e9 de cultures d&rsquo;arbres fruitiers.\u00a0 Si l\u2019envie nous prend de monter \u00e0 Triple Lev\u00e9e, on s\u2019abstient : on sait qu\u2019on y grimpera lors d\u2019une prochaine balade.<br \/>\nOn arrive ainsi au Trou de Lorgne o\u00f9 on perd le sentier. Comme les conversations allaient bon train, on croyait avoir \u00ab\u00a0manqu\u00e9\u00a0\u00bb le balisage. Il n\u2019en \u00e9tait rien, une ferme photovolta\u00efque en a cass\u00e9 l\u2019acc\u00e8s. Cela ne nous g\u00eane pas du tout puisque 200 m plus loin un chemin nous fait traverser pour rejoindre la Chapelle St Laurent vers 11h15.<br \/>\nLa balade \u00e9tait bien agr\u00e9able\u00a0: ni chaud, ni froid, de belles fleurs (<em>qui va se mettre \u00e0 \u00e9tudier la flore \u00e0 partir d\u2019aujourd\u2019hui\u00a0?<\/em>), de beaux sentiers, de beaux paysages et surtout une belle compagnie\u00a0!<br \/>\n<strong><u>Cotation\u00a0:<\/u><\/strong>\u00a0 <em>12.8 km \u2013 150 m d\u00e9nivel\u00e9 \u2013 7 randonneurs.<\/em><\/p>\n","protected":false},"excerpt":{"rendered":"<p>Voir ici les photos de notre randonn\u00e9e \u00e0 Jonqui\u00e8res St Vincent<\/p>\n","protected":false},"author":1,"featured_media":5369,"comment_status":"closed","ping_status":"closed","sticky":false,"template":"","format":"standard","meta":{"footnotes":""},"categories":[4],"tags":[],"class_list":["post-5363","post","type-post","status-publish","format-standard","has-post-thumbnail","hentry","category-randonnees"],"_links":{"self":[{"href":"https:\/\/culturotheque.fr\/index.php\/wp-json\/wp\/v2\/posts\/5363","targetHints":{"allow":["GET"]}}],"collection":[{"href":"https:\/\/culturotheque.fr\/index.php\/wp-json\/wp\/v2\/posts"}],"about":[{"href":"https:\/\/culturotheque.fr\/index.php\/wp-json\/wp\/v2\/types\/post"}],"author":[{"embeddable":true,"href":"https:\/\/culturotheque.fr\/index.php\/wp-json\/wp\/v2\/users\/1"}],"replies":[{"embeddable":true,"href":"https:\/\/culturotheque.fr\/index.php\/wp-json\/wp\/v2\/comments?post=5363"}],"version-history":[{"count":7,"href":"https:\/\/culturotheque.fr\/index.php\/wp-json\/wp\/v2\/posts\/5363\/revisions"}],"predecessor-version":[{"id":5371,"href":"https:\/\/culturotheque.fr\/index.php\/wp-json\/wp\/v2\/posts\/5363\/revisions\/5371"}],"wp:featuredmedia":[{"embeddable":true,"href":"https:\/\/culturotheque.fr\/index.php\/wp-json\/wp\/v2\/media\/5369"}],"wp:attachment":[{"href":"https:\/\/culturotheque.fr\/index.php\/wp-json\/wp\/v2\/media?parent=5363"}],"wp:term":[{"taxonomy":"category","embeddable":true,"href":"https:\/\/culturotheque.fr\/index.php\/wp-json\/wp\/v2\/categories?post=5363"},{"taxonomy":"post_tag","embeddable":true,"href":"https:\/\/culturotheque.fr\/index.php\/wp-json\/wp\/v2\/tags?post=5363"}],"curies":[{"name":"wp","href":"https:\/\/api.w.org\/{rel}","templated":true}]}}