{"id":5376,"date":"2020-05-25T15:47:21","date_gmt":"2020-05-25T13:47:21","guid":{"rendered":"http:\/\/culturotheque.fr\/?p=5376"},"modified":"2020-05-28T10:23:18","modified_gmt":"2020-05-28T08:23:18","slug":"st-gabriel","status":"publish","type":"post","link":"https:\/\/culturotheque.fr\/index.php\/2020\/05\/25\/st-gabriel\/","title":{"rendered":"St Gabriel"},"content":{"rendered":"<p><a href=\"https:\/\/photos.app.goo.gl\/AG9Ab9LZ8TVMDVpeA\">Voir ici les photos de notre Randonn\u00e9e \u00e0 Tarascon.<\/a><br \/>\n<a href=\"https:\/\/photos.app.goo.gl\/Txz7CkVbJ4o5RFiB9\">Ambiance musicale<\/a><br \/>\n<!--more--><\/p>\n<p style=\"text-align: justify;\">A 8 h nous passons sur le c\u00f4t\u00e9 de la chapelle St Gabriel et nous grimpons doucement vers les vestiges des tours militaires o\u00f9 nous \u00e9voquons l\u2019\u00e9poque romaine et le fameux cippe fun\u00e9raire qui se trouve dans la chapelle St Gabriel. Ce cippe avait \u00e9t\u00e9 offert par une certaine Julia Nice en m\u00e9moire de son cher \u00e9poux, Marcus Frontonius Euporus qui avait occup\u00e9 des fonctions de s\u00e9vir augustal<a href=\"#_ftn1\" name=\"_ftnref1\">[1]<\/a> de la colonie Julia Augusta. Il avait \u00e9t\u00e9 naviculaire marin \u00e0 Arles, curateur de la corporation et patron des nautes de la Durance et avait fait aussi partie de la corporation des utriculaires d\u2019Ernaginum. En effet, nous sommes ici au croisement des voies romaines, via Domitia et via Aurelia dont la derni\u00e8re aboutissait \u00e0 St Gabriel devant une zone mar\u00e9cageuse importante. Une troisi\u00e8me voie reliait Avignon \u00e0 Arles et pour franchir cette voie mar\u00e9cageuse il fallait l\u2019intervention des utriculaires pour assurer le transbordement des personnes et des marchandises. Il y avait donc \u00e0 Ernaginum une communaut\u00e9 de nautes et d\u2019utriculaires permettant le franchissement du marais et assurant la circulation des marchandises venant des Alpes sur la Durance et le Rh\u00f4ne. Au XIIe si\u00e8cle le village \u00e9tait encore assez riche faire construire la chapelle St Gabriel qui constitue l\u2019un des joyaux de l\u2019art roman proven\u00e7al. \u00a0 Le d\u00e9clin de la communaut\u00e9 d\u2019Ernaginum va se produire avec l&rsquo;ass\u00e8chement progressif du marais qui la rend inutile. La population d\u00e9serte progressivement le village laissant l\u2019\u00e9glise au milieu des oliviers. Deux si\u00e8cles plus tard, les Grandes Compagnies ravagent la Provence et on suppose que les constructions de ces deux tours avanc\u00e9es, ou nous nous trouvons, sont construites pour se prot\u00e9ger de ce fl\u00e9au.<br \/>\nApr\u00e8s la remise en ordre de l\u2019histoire des b\u00e2timents que nous croisons nous pouvons maintenant savourer chacun de nos pas dans \u00ab nos ch\u00e8res Alpilles \u00bb !<br \/>\nUne mont\u00e9e douce jusqu\u2019\u00e0 la tour de guet (<span style=\"color: #808080;\"><em>pour les incendies<\/em><\/span>) mais en se retournant de temps en temps pour savourer les points de vues : N\u00e9n\u00e9 nous montre les ch\u00e2teaux de Tarascon et de Beaucaire ! Ici c\u2019est le Mont Ventoux, Cavaillon, les Monts du Vaucluse, l\u00e0 la vue se perd sur le ch\u00e2teau des Baux, les antennes du plateau de la Caume, la Tour des Opi\u00e8s\u00a0 et puis c\u2019est Fontvielle, Montmajour, Arles avant d\u2019apercevoir N\u00eemes et les monts des C\u00e9vennes\u2026. Vue \u00e0 360\u00b0 pour les amateurs que nous sommes !<br \/>\nApr\u00e8s la tour de guet nous entamons une descente vers une zone sauvage et authentique o\u00f9, nous le supposons, de nombreux sangliers ont \u00e9lus domicile. La v\u00e9g\u00e9tation y est dense, les arbres assez hauts. L\u2019ambiance est heureuse, surtout lorsque N\u00e9n\u00e9 fait ses fameuses blagues ! Il y en a toujours qui s\u2019y laissent prendre\u2026<br \/>\nAvec de nombreux d\u00e9tours le chemin remonte (<span style=\"color: #808080;\"><em>pas tr\u00e8s loin de la tour de guet<\/em><\/span>) mais nous reprenons une large piste que l\u2019on laisse \u00e0 nouveau pour s\u2019enfoncer dans un gouffre monumental. C\u2019est par un sentier mat\u00e9rialis\u00e9 dans la falaise que nous remontons une nouvelle fois bien \u00e0 l\u2019ombre. Sur la face sud c\u2019est le soleil qui nous accueille pour la derni\u00e8re mont\u00e9e mais la petite brise est si vivifiante et agr\u00e9able qu\u2019on en oublierait presque de mettre nos casquettes !<br \/>\nUne petite halte pour boire avant une descente vertigineuse et on remonte \u00e0 nouveau pour rejoindre le plateau par la large piste du Planet.<br \/>\nLe retour aux voitures s\u2019effectue en grandes discussions o\u00f9 chacun exprime son bonheur d\u2019avoir retrouv\u00e9 ses \u00ab\u00a0ch\u00e8res Alpilles\u00a0\u00bb\u00a0!<br \/>\nO\u00f9 serons-nous pour la prochaine balade\u00a0?<br \/>\n<span style=\"color: #333333;\"><strong><span style=\"text-decoration: underline;\">Cotation<\/span> <\/strong>: <em>12.3 km &#8211;\u00a0 488 m de d\u00e9nivel\u00e9 &#8211; 8 randonneurs.<\/em><\/span><\/p>\n<p style=\"text-align: justify;\"><a href=\"#_ftnref1\" name=\"_ftn1\">[1]<\/a> <span style=\"color: #808080;\">Dans l\u2019Antiquit\u00e9 romaine, les <strong><em>seviri augustales<\/em><\/strong> sont un groupe de six (<em>sex viri<\/em>) affranchis, d\u00e9sign\u00e9s pour l\u2019ann\u00e9e par la curie de leur cit\u00e9, et choisis en fonction de leur richesse et de leur honorabilit\u00e9. Ils participent \u00e0 la c\u00e9l\u00e9bration du culte imp\u00e9rial dans les provinces \u00e0 partir d\u2019Auguste, et assument les frais des sacrifices et des f\u00eates pluriannuels li\u00e9s \u00e0 ce culte, au nom de la population. Marque honorifique, la fonction de <em>sevir<\/em> donne droit \u00e0 un licteur (<em><span style=\"color: #999999;\">les licteurs ont le pouvoir de contraindre et de punir<\/span><\/em>) , qui le pr\u00e9c\u00e8de dans ses d\u00e9placements.<\/span><\/p>\n","protected":false},"excerpt":{"rendered":"<p>Voir ici les photos de notre Randonn\u00e9e \u00e0 Tarascon. Ambiance musicale<\/p>\n","protected":false},"author":1,"featured_media":5381,"comment_status":"closed","ping_status":"closed","sticky":false,"template":"","format":"standard","meta":{"footnotes":""},"categories":[4],"tags":[],"class_list":["post-5376","post","type-post","status-publish","format-standard","has-post-thumbnail","hentry","category-randonnees"],"_links":{"self":[{"href":"https:\/\/culturotheque.fr\/index.php\/wp-json\/wp\/v2\/posts\/5376","targetHints":{"allow":["GET"]}}],"collection":[{"href":"https:\/\/culturotheque.fr\/index.php\/wp-json\/wp\/v2\/posts"}],"about":[{"href":"https:\/\/culturotheque.fr\/index.php\/wp-json\/wp\/v2\/types\/post"}],"author":[{"embeddable":true,"href":"https:\/\/culturotheque.fr\/index.php\/wp-json\/wp\/v2\/users\/1"}],"replies":[{"embeddable":true,"href":"https:\/\/culturotheque.fr\/index.php\/wp-json\/wp\/v2\/comments?post=5376"}],"version-history":[{"count":6,"href":"https:\/\/culturotheque.fr\/index.php\/wp-json\/wp\/v2\/posts\/5376\/revisions"}],"predecessor-version":[{"id":5393,"href":"https:\/\/culturotheque.fr\/index.php\/wp-json\/wp\/v2\/posts\/5376\/revisions\/5393"}],"wp:featuredmedia":[{"embeddable":true,"href":"https:\/\/culturotheque.fr\/index.php\/wp-json\/wp\/v2\/media\/5381"}],"wp:attachment":[{"href":"https:\/\/culturotheque.fr\/index.php\/wp-json\/wp\/v2\/media?parent=5376"}],"wp:term":[{"taxonomy":"category","embeddable":true,"href":"https:\/\/culturotheque.fr\/index.php\/wp-json\/wp\/v2\/categories?post=5376"},{"taxonomy":"post_tag","embeddable":true,"href":"https:\/\/culturotheque.fr\/index.php\/wp-json\/wp\/v2\/tags?post=5376"}],"curies":[{"name":"wp","href":"https:\/\/api.w.org\/{rel}","templated":true}]}}