{"id":5386,"date":"2020-05-27T15:17:53","date_gmt":"2020-05-27T13:17:53","guid":{"rendered":"http:\/\/culturotheque.fr\/?p=5386"},"modified":"2020-05-27T15:33:46","modified_gmt":"2020-05-27T13:33:46","slug":"la-piste-des-lombards-2","status":"publish","type":"post","link":"https:\/\/culturotheque.fr\/index.php\/2020\/05\/27\/la-piste-des-lombards-2\/","title":{"rendered":"La piste des Lombards"},"content":{"rendered":"<p><a href=\"https:\/\/photos.app.goo.gl\/KuNXdSB5WbcVMLPaA\">Voir ici les photos de notre randonn\u00e9e aux Baux de Provence.<\/a><br \/>\n<!--more--><\/p>\n<p style=\"text-align: justify;\">Nous sommes tous r\u00e9unis, comme pr\u00e9vu, \u00e0 la table d\u2019orientation des Baux de Provence. Un groupe se forme et, un autre plus petit suit derri\u00e8re \u00e0 distance.<br \/>\nLe bonheur est perceptible\u00a0: nous marchons sur une piste, en cr\u00eate, dans nos ch\u00e8res Alpilles\u00a0! Tiens une citerne\u2026 notre citerne\u00a0! Aussit\u00f4t les gar\u00e7ons sont en piste pour un French Cancan. Ah les traditions\u00a0!&#8230;<br \/>\nOn savoure pleinement ces paysages. Il a plu ce printemps et on n\u2019a jamais trouv\u00e9\u00a0 ces paysages si verts ! On remarque aussi que les arbres ont bien pouss\u00e9 ! Chaque fleur nous interpelle, coquelicots, immortelles, fleurs de lin ou de chicor\u00e9e, lasers aux larges ombelles\u2026 toutes nous enchantent, tout nous enchante comme, bien s\u00fbr, le plaisir d&rsquo;\u00eatre r\u00e9unis pour profiter de cette belle matin\u00e9e.<br \/>\nOn s\u2019arr\u00eate bien souvent\u00a0: les panoramas sont grandioses, pourtant c\u2019est lorsque nous montons \u00e0 la tour de guet que nous avons une vue \u00e0 360\u00b0. On en tomberait\u00a0 \u00e0 genoux. Oui, la p\u00e9riode de confinement nous a priv\u00e9s de nos chers paysages\u2026. Oui, de les retrouver nous apporte un bonheur indescriptible\u00a0!<br \/>\nOn prend la piste des Lombards. Qui sont les Lombards\u00a0? On t-ils un rapport avec la Lombardie\u00a0? Oui. Les lombards sont un ancien peuple germanique venu de la Baltique. Ce peuple a envahi l\u2019Italie vers 568 et reste ma\u00eetre des territoires jusqu\u2019en 774 o\u00f9 Charlemagne conquiert ce peuple. La Lombardie, province italienne autour de Milan porte encore aujourd\u2019hui son nom. \u00a0L\u2019origine de leur nom\u2026 Longues Barbes ou\u2026 hallebardes\u00a0? On a longtemps\u00a0 cru que l\u2019origine du nom Lombard venait du fait que les femmes de cette tribu auraient coup\u00e9s leurs cheveux pour les utiliser comme barbes postiches avant de renforcer le nombre de guerriers confront\u00e9s \u00e0 une invasion de guerriers vandales plus nombreux. Il semblerait que le mot Lombard viendrait plut\u00f4t de \u00ab\u00a0longues\u00a0bardes\u00a0\u00bb qui, en germanique, signifie \u00ab\u00a0longues haches\u00a0\u00bb qui a fait d\u00e9river en fran\u00e7ais le mot hallebarde qui signifie \u00ab\u00a0hache \u00e0 poign\u00e9e\u00a0\u00bb. Les Lombards portaient des armes de ce genre lors de leurs raids.<br \/>\nPour nous cette piste signifie des panoramas diff\u00e9rents \u00e0 chacune de ses boucles, quelques \u00ab\u00a0oasis\u00a0\u00bb de verdure, de beaux parterres de fleurs de toutes couleurs et\u2026 la surprise de voir d\u00e9bouler juste devant nous un gros sanglier qui s\u2019enfuit aussit\u00f4t la queue entre les jambes\u00a0!<br \/>\nOn arrive ainsi pour cheminer dans une vaste plaine d\u2019oliviers qui nous conduit, avec tout du long la vue sur le ch\u00e2teau des Baux de Provence, \u00e0 passer derri\u00e8re le Mas des Lombards et \u00e0 reprendre un sentier bien arbor\u00e9 qui remonte vers notre piste de cr\u00eate emprunt\u00e9e au d\u00e9part.<br \/>\nOn tra\u00eene un peu les pieds sur la fin, tellement on veut profiter des paysages, de la belle lumi\u00e8re, du ciel bleu et de cette petite brise qui nous r\u00e9conforte. \u00a0Nous retrouvons nos voitures \u00e0 la table d\u2019orientation vers 11h30.<br \/>\n<strong><u>Cotation\u00a0:<\/u><\/strong> <em>11.7 km \u2013 568 m de d\u00e9nivel\u00e9 \u2013 11 randonneurs.<\/em><\/p>\n","protected":false},"excerpt":{"rendered":"<p>Voir ici les photos de notre randonn\u00e9e aux Baux de Provence.<\/p>\n","protected":false},"author":1,"featured_media":5388,"comment_status":"closed","ping_status":"closed","sticky":false,"template":"","format":"standard","meta":{"footnotes":""},"categories":[4],"tags":[],"class_list":["post-5386","post","type-post","status-publish","format-standard","has-post-thumbnail","hentry","category-randonnees"],"_links":{"self":[{"href":"https:\/\/culturotheque.fr\/index.php\/wp-json\/wp\/v2\/posts\/5386","targetHints":{"allow":["GET"]}}],"collection":[{"href":"https:\/\/culturotheque.fr\/index.php\/wp-json\/wp\/v2\/posts"}],"about":[{"href":"https:\/\/culturotheque.fr\/index.php\/wp-json\/wp\/v2\/types\/post"}],"author":[{"embeddable":true,"href":"https:\/\/culturotheque.fr\/index.php\/wp-json\/wp\/v2\/users\/1"}],"replies":[{"embeddable":true,"href":"https:\/\/culturotheque.fr\/index.php\/wp-json\/wp\/v2\/comments?post=5386"}],"version-history":[{"count":1,"href":"https:\/\/culturotheque.fr\/index.php\/wp-json\/wp\/v2\/posts\/5386\/revisions"}],"predecessor-version":[{"id":5387,"href":"https:\/\/culturotheque.fr\/index.php\/wp-json\/wp\/v2\/posts\/5386\/revisions\/5387"}],"wp:featuredmedia":[{"embeddable":true,"href":"https:\/\/culturotheque.fr\/index.php\/wp-json\/wp\/v2\/media\/5388"}],"wp:attachment":[{"href":"https:\/\/culturotheque.fr\/index.php\/wp-json\/wp\/v2\/media?parent=5386"}],"wp:term":[{"taxonomy":"category","embeddable":true,"href":"https:\/\/culturotheque.fr\/index.php\/wp-json\/wp\/v2\/categories?post=5386"},{"taxonomy":"post_tag","embeddable":true,"href":"https:\/\/culturotheque.fr\/index.php\/wp-json\/wp\/v2\/tags?post=5386"}],"curies":[{"name":"wp","href":"https:\/\/api.w.org\/{rel}","templated":true}]}}