{"id":5425,"date":"2020-06-10T10:04:34","date_gmt":"2020-06-10T08:04:34","guid":{"rendered":"http:\/\/culturotheque.fr\/?p=5425"},"modified":"2020-06-11T11:49:11","modified_gmt":"2020-06-11T09:49:11","slug":"les-crottes-daubert","status":"publish","type":"post","link":"https:\/\/culturotheque.fr\/index.php\/2020\/06\/10\/les-crottes-daubert\/","title":{"rendered":"Les crottes d&rsquo;Aubert"},"content":{"rendered":"<p><a href=\"https:\/\/photos.app.goo.gl\/WFTsCrfcaQojEsAk8\">Voir ici les photos de notre randonn\u00e9e \u00e0 Fontvieille.<\/a><br \/>\n<!--more--><\/p>\n<p style=\"text-align: justify;\">7H55 tout le monde est l\u00e0, il ne nous reste plus qu\u2019\u00e0 rejoindre le moulin de Daudet. On conna\u00eet, mais on admire le point de vue qui s\u2019\u00e9tend jusqu\u2019au Pic St Loup.<br \/>\nEnsuite, \u00a0les sentiers se faufilent sous les pins, ils se croisent, des pistes partent de tout c\u00f4t\u00e9 mais pas d\u2019h\u00e9sitation, on sait lesquels prendre.<br \/>\nOn remarque des cl\u00e9matites en fleurs. Nous n\u2019en voyons pas tr\u00e8s souvent car, en g\u00e9n\u00e9ral peu de randonn\u00e9es chaque ann\u00e9e en cette saison, et c\u2019est maintenant qu\u2019elles commencent \u00e0 fleurir. Cet automne nous les remarquerons \u00e0 leurs longs cheveux.<br \/>\nLa garrigue est en f\u00eate suite aux pluies de ces derniers temps et on a m\u00eame le parfum d\u2019ambiance des fleurs sauvages.<br \/>\nOn arrive ainsi \u00e0 la meunerie de Barbegal. Nous sommes surpris de constater que le site des aqueducs est \u00e0 l\u2019abandon, les herbes et les ronces ont profit\u00e9 du confinement\u00a0!<br \/>\nIl y a encore quelques randonneurs pr\u00e9sents qui ne\u00a0 connaissent pas ce site remarquable\u2026. Cette meunerie est r\u00e9f\u00e9renc\u00e9e comme le seul site industriel du monde Romain \u00a0: 8 moulins \u00e0 eau de chaque c\u00f4t\u00e9. \u00a0On descend la pente. D\u2019en bas on peut mieux se rendre compte.<br \/>\nLa progression continue vers les mas de Caparon pour retrouver le canal de la Vall\u00e9e des Baux que l&rsquo;on poursuit sur un chemin \u00a0parall\u00e8le mais bien sinueux avant de remonter sur une large piste.<br \/>\nPlusieurs \u00e9v\u00e8nements sont \u00e0 relater dans cette mont\u00e9e : on rencontre deux v\u00e9t\u00e9tistes dont un qui semble en panne, on croise un groupe qui \u00a0pratique \u00a0la rando nordique\u00a0 et\u2026 un autre qui nous double. Malheureusement il y a aussi\u00a0 Dominique qui fait une chute car son lacet s\u2019est pris dans le crochet de sa chaussure. Heureusement plus de peur que de mal ! Il en est quitte pour continuer avec un \u00ab\u00a0masque\u00a0\u00bb sur le menton !<br \/>\nOn arrive ainsi \u00e0 la citerne qui s\u00e9pare les Crottes d&rsquo;Aubert et les Cartons pour redescendre vers le mas des Taillades et prendre le joli chemin qui longe les anciennes carri\u00e8res.<br \/>\nLes carri\u00e8res de Fontvieille datent de l\u2019\u00e9poque romaine. Les Arl\u00e9siens avaient soutenu Jules C\u00e9sar contre Pomp\u00e9e, en remerciement de leur aide, la cit\u00e9 deviendra romaine et pour ce faire on aura besoin de pierres pour la construire. La proximit\u00e9 et l\u2019accessibilit\u00e9 de Fontvieille permet la cr\u00e9ation d\u2019une carri\u00e8re \u00e0 ciel ouvert. Une premi\u00e8re population de carriers s\u2019installe dans le secteur de ce qui deviendra Fontvielle. L\u2019expansion d\u2019Arles, la cr\u00e9ation d\u2019aqueducs, de la meunerie hydraulique donnera du travail \u00e0 ces carriers et, afin de les nourrir la paysannerie va se d\u00e9velopper et l\u2019essor de Fontvielle sera important. La demande de la pierre de Fontvieille ne cesse de se d\u00e9velopper, aujourd\u2019hui encore elle est tr\u00e8s demand\u00e9e.<br \/>\nOn \u00e9voque donc ces fameuses carri\u00e8res, les constructions r\u00e9alis\u00e9es avec cette fameuse pierre, le site militaire, le circuit de paint-ball et\u2026 nous voici arriv\u00e9s \u00e0 Fontvieille.<br \/>\nUn petit d\u00e9tour pour suivre une jolie canalette et rejoindre le ch\u00e2teau de Montauban.<br \/>\nUn d\u00e9tour encore pour rejoindre le circuit des moulins\u00a0 : toujours dans la fra\u00eecheur de la petite brise et l\u2019ombre des pins qui nous ont accompagn\u00e9es tout au long de notre randonn\u00e9e.<br \/>\nRevenus vers le moulin Tissot-avon bien restaur\u00e9, nous prenons un sentier enherb\u00e9 qui nous ram\u00e8ne aux voitures, \u00e0 11h50, en passant \u00e0 l\u2019endroit de notre repas de la \u00ab Der de l\u2019ann\u00e9e \u00bb en d\u00e9cembre. Quels\u00a0 bons souvenirs !&#8230;<br \/>\nUne jolie balade bien appr\u00e9ci\u00e9e de tous\u2026<br \/>\n<strong><u>Cotation\u00a0<\/u><\/strong>: <em>12.5 km \u2013 300 m d\u00e9nivel\u00e9 \u2013 14 randonneurs.<\/em><\/p>\n","protected":false},"excerpt":{"rendered":"<p>Voir ici les photos de notre randonn\u00e9e \u00e0 Fontvieille.<\/p>\n","protected":false},"author":1,"featured_media":5428,"comment_status":"closed","ping_status":"closed","sticky":false,"template":"","format":"standard","meta":{"footnotes":""},"categories":[4],"tags":[],"class_list":["post-5425","post","type-post","status-publish","format-standard","has-post-thumbnail","hentry","category-randonnees"],"_links":{"self":[{"href":"https:\/\/culturotheque.fr\/index.php\/wp-json\/wp\/v2\/posts\/5425","targetHints":{"allow":["GET"]}}],"collection":[{"href":"https:\/\/culturotheque.fr\/index.php\/wp-json\/wp\/v2\/posts"}],"about":[{"href":"https:\/\/culturotheque.fr\/index.php\/wp-json\/wp\/v2\/types\/post"}],"author":[{"embeddable":true,"href":"https:\/\/culturotheque.fr\/index.php\/wp-json\/wp\/v2\/users\/1"}],"replies":[{"embeddable":true,"href":"https:\/\/culturotheque.fr\/index.php\/wp-json\/wp\/v2\/comments?post=5425"}],"version-history":[{"count":4,"href":"https:\/\/culturotheque.fr\/index.php\/wp-json\/wp\/v2\/posts\/5425\/revisions"}],"predecessor-version":[{"id":5430,"href":"https:\/\/culturotheque.fr\/index.php\/wp-json\/wp\/v2\/posts\/5425\/revisions\/5430"}],"wp:featuredmedia":[{"embeddable":true,"href":"https:\/\/culturotheque.fr\/index.php\/wp-json\/wp\/v2\/media\/5428"}],"wp:attachment":[{"href":"https:\/\/culturotheque.fr\/index.php\/wp-json\/wp\/v2\/media?parent=5425"}],"wp:term":[{"taxonomy":"category","embeddable":true,"href":"https:\/\/culturotheque.fr\/index.php\/wp-json\/wp\/v2\/categories?post=5425"},{"taxonomy":"post_tag","embeddable":true,"href":"https:\/\/culturotheque.fr\/index.php\/wp-json\/wp\/v2\/tags?post=5425"}],"curies":[{"name":"wp","href":"https:\/\/api.w.org\/{rel}","templated":true}]}}