{"id":5453,"date":"2020-06-15T16:52:41","date_gmt":"2020-06-15T14:52:41","guid":{"rendered":"http:\/\/culturotheque.fr\/?p=5453"},"modified":"2020-06-16T10:04:14","modified_gmt":"2020-06-16T08:04:14","slug":"plan-de-loume","status":"publish","type":"post","link":"https:\/\/culturotheque.fr\/index.php\/2020\/06\/15\/plan-de-loume\/","title":{"rendered":"Plan de l&rsquo;Oume"},"content":{"rendered":"<p><a href=\"https:\/\/photos.app.goo.gl\/TqFB41KDCZedHaw17\">Voir ici les photos de notre randonn\u00e9e \u00e0 Aramon.<\/a><br \/>\n<!--more--><\/p>\n<p style=\"text-align: justify;\">Nous voici ce matin \u00e0 Aramon. Nous traversons la ville en longeant le ch\u00e2teau construit au XIIIe si\u00e8cle. Il faisait partie de la d\u00e9fense du village\u00a0 alors entour\u00e9 de remparts qui donnaient directement \u00a0sur le Rh\u00f4ne. Il a appartenu un temps \u00e0 Diane de Poitiers, la rivale de Catherine de M\u00e9dicis dans le c\u0153ur du Roi Henri II. Nous \u00a0rasons \u00a0\u00a0l\u2019immense parc du ch\u00e2teau\u00a0 et rejoignons ainsi la chapelle du Calvaire. De l\u00e0 la vue s\u2019\u00e9tend sur toute la plaine de Th\u00e9ziers, Saze, Domazan mais aussi Montfrin, Meynes sans oublier la tour blanche et rouge d\u2019Aramon !<br \/>\nUn petit sentier nous entra\u00eene dans un nouveau quartier d\u2019Aramon que nous traversons sans demander notre reste avant d\u2019atteindre \u00ab\u00a0Les Rompudes\u00a0\u00bb. L\u00e0 nous changeons de cap pour atteindre la premi\u00e8re des nombreuses capitelles qui jalonneront notre circuit. Pour l\u2019instant on savoure le panorama \u00e0 360\u00b0 que l\u2019on a de la table d\u2019orientation. Qui trouvera o\u00f9 la Durance se jette dans le Rh\u00f4ne\u00a0?<br \/>\nNous descendons un des nombreux chemins escarp\u00e9s pour d\u00e9ambuler dans un vallon bien ombrag\u00e9 et arriver ainsi \u00e0 Taoul\u00e9 Masse. Monter, descendre, c\u2019est notre programme du jour, on fait aussi un d\u00e9tour pour gravir un sommet assez pentu, mais arriv\u00e9s au col on savoure la beaut\u00e9 de ces collines totalement sauvages. On arrive \u00e0 plan de l\u2019Oume. On va visiter la cabane des chasseurs qui nous rappelle une halte festive d\u2019il y a quelques ann\u00e9es ou des filles \u00e9taient rentr\u00e9es avec des cailloux dans le sac \u00e0 dos !<br \/>\nNous prenons maintenant la direction Sud pour un retour sur Aramon par de jolies pistes et des sentiers toujours aussi\u00a0 aventureux dans cette garrigue sauvage. Notons que ce matin nous sommes heureux d&rsquo;entendre les premiers chants de cigales !<br \/>\nPour atteindre les \u00a0anciens quais du Rh\u00f4ne\u00a0 on d\u00e9ambule un peu dans le village en admirant des h\u00f4tels particuliers du XVe au XVIIIe si\u00e8cle.<br \/>\nNous sommes de retour vers 11h50 aux voitures enchant\u00e9s de cette balade aux panoramas grandioses agr\u00e9ment\u00e9s par une jolie brise bien agr\u00e9able\u00a0!<br \/>\n<strong><u>Cotation\u00a0:<\/u><\/strong> <em>12.3 km \u2013 350 m d\u00e9nivel\u00e9 \u2013 8 randonneurs.<\/em><\/p>\n","protected":false},"excerpt":{"rendered":"<p>Voir ici les photos de notre randonn\u00e9e \u00e0 Aramon.<\/p>\n","protected":false},"author":1,"featured_media":5455,"comment_status":"closed","ping_status":"closed","sticky":false,"template":"","format":"standard","meta":{"footnotes":""},"categories":[4],"tags":[],"class_list":["post-5453","post","type-post","status-publish","format-standard","has-post-thumbnail","hentry","category-randonnees"],"_links":{"self":[{"href":"https:\/\/culturotheque.fr\/index.php\/wp-json\/wp\/v2\/posts\/5453","targetHints":{"allow":["GET"]}}],"collection":[{"href":"https:\/\/culturotheque.fr\/index.php\/wp-json\/wp\/v2\/posts"}],"about":[{"href":"https:\/\/culturotheque.fr\/index.php\/wp-json\/wp\/v2\/types\/post"}],"author":[{"embeddable":true,"href":"https:\/\/culturotheque.fr\/index.php\/wp-json\/wp\/v2\/users\/1"}],"replies":[{"embeddable":true,"href":"https:\/\/culturotheque.fr\/index.php\/wp-json\/wp\/v2\/comments?post=5453"}],"version-history":[{"count":5,"href":"https:\/\/culturotheque.fr\/index.php\/wp-json\/wp\/v2\/posts\/5453\/revisions"}],"predecessor-version":[{"id":5459,"href":"https:\/\/culturotheque.fr\/index.php\/wp-json\/wp\/v2\/posts\/5453\/revisions\/5459"}],"wp:featuredmedia":[{"embeddable":true,"href":"https:\/\/culturotheque.fr\/index.php\/wp-json\/wp\/v2\/media\/5455"}],"wp:attachment":[{"href":"https:\/\/culturotheque.fr\/index.php\/wp-json\/wp\/v2\/media?parent=5453"}],"wp:term":[{"taxonomy":"category","embeddable":true,"href":"https:\/\/culturotheque.fr\/index.php\/wp-json\/wp\/v2\/categories?post=5453"},{"taxonomy":"post_tag","embeddable":true,"href":"https:\/\/culturotheque.fr\/index.php\/wp-json\/wp\/v2\/tags?post=5453"}],"curies":[{"name":"wp","href":"https:\/\/api.w.org\/{rel}","templated":true}]}}